{"id":20619,"date":"2025-06-13T11:10:34","date_gmt":"2025-06-13T14:10:34","guid":{"rendered":"https:\/\/www.sportchaco.com.ar\/?p=20619"},"modified":"2025-06-13T11:15:54","modified_gmt":"2025-06-13T14:15:54","slug":"recordando-a-richi-soto-un-talento-del-futbol-y-de-la-vida","status":"publish","type":"post","link":"https:\/\/www.sportchaco.com.ar\/?p=20619","title":{"rendered":"Recordando a \u201cRichi Soto, un talento del f\u00fatbol y de la vida"},"content":{"rendered":"<p><strong>El recuerdo para un buen futbolista y mejor personal Ricardo Soto<\/strong><\/p>\n<p><strong>\u00a0<\/strong><\/p>\n<p><strong>\u00a0<\/strong><\/p>\n<p>Ricardo Soto fue un futbolista y t\u00e9cnico de rica trayectoria en nuestro f\u00fatbol, que dej\u00f3 un recuerdo imborrable entre los que lo conocieron, no solo por su talento para jugar, sino tambi\u00e9n por su sensibilidad y buena persona. <a href=\"https:\/\/www.sportchaco.com.ar\/?p=20619\">Parti\u00f3 de este mundo un d\u00eda como hoy, 13 de junio, del 2011<\/a><\/p>\n<p>Naci\u00f3 en el Barrio Central Norte el 21 de julio de 1951, y como no pod\u00eda ser de otra manera, hijo de ferroviario, empez\u00f3 a darle a la pelota en el potrero primero y en la vieja cancha de Col\u00f3n y Franklin despu\u00e9s.<\/p>\n<p>Alto, espigado, de una imponente presencia en la cancha, muy jovencito lleg\u00f3 jugar en primera divisi\u00f3n en una camada que incluy\u00f3 a Miguelito Meza, Bonfiglio y otros.<\/p>\n<p>Con 19 a\u00f1os fue junto a Meza, de las figuras destacadas cuando enfrent\u00f3 a Racing por la vieja Copa Argentina en 1970, en partidos que terminaron 0-1 y 3-3, pero que impactaron a los de la Academia, que hicieron lo imposible por llev\u00e1rselo. Todos recordaban el golazo que le hizo a Gibaudo, \u201cla estrellita\u201d del momento en el arco de Racing.<\/p>\n<p>Richi Soto, dud\u00f3 mucho porque ya hab\u00eda arrancado sus estudios universitarios en Corrientes, donde a\u00f1os m\u00e1s tarde logr\u00f3 el t\u00edtulo de Ingeniero Agr\u00f3nomo.<\/p>\n<p>Jugaba en la reserva del albiceleste, con pocas oportunidades en un gran equipo de primera que ten\u00eda Racing, donde entre otros estaban Chabay, Wolf, Basile, Rocchia, Squeo, C\u00e1rdenas, Adorno entre otros.<\/p>\n<p>Luego lleg\u00f3 el regreso para terminar su carrera universitaria de Ingeniero Agr\u00f3nomo, que m\u00e1s tarde encamin\u00f3 su vida laboral como director de Paseos y Jardines en la Municipalidad de Resistencia.<\/p>\n<p>Sin embargo, el f\u00fatbol que era su pasi\u00f3n lo llev\u00f3 a jugar en Sarmiento jugando en excelente nivel y tambi\u00e9n en Municipales, donde tambi\u00e9n fue campe\u00f3n como director t\u00e9cnico.<\/p>\n<p>Una afecci\u00f3n card\u00edaca lo llev\u00f3 a una importante operaci\u00f3n, que dec\u00edan fue exitosa. Sin embargo, nadie sabe si lo m\u00e1s aconsejable era jugar al f\u00fatbol, pero \u00e9l siempre se anotaba para los picados en el San Jos\u00e9 Obrero, los \u00faltimos a\u00f1os de su vida junto a sus hijos y sus compa\u00f1eros de siempre, como Nelson Mart\u00ednez y \u00d1eco Murgu\u00eda, entre otros.<\/p>\n<p>&nbsp;<\/p>\n<p>Me animar\u00eda a decir que muri\u00f3 en su ley, en una cancha y mientras hac\u00eda una gambeta. Aunque nunca me lo dijo, quiz\u00e1s como hubiese querido. Fue un 13 de junio de 2011.<\/p>\n<p>Lo conoc\u00ed muy joven, como habitante del barrio Central Norte y compartiendo sue\u00f1os juveniles que apuntaban siempre a un pa\u00eds mejor.<\/p>\n<p><img loading=\"lazy\" decoding=\"async\" class=\"alignnone size-medium wp-image-20621\" src=\"https:\/\/www.sportchaco.com.ar\/wp-content\/uploads\/2025\/06\/Soto-Murguia-Meza-sto-1-197x300.jpg\" alt=\"\" width=\"197\" height=\"300\" srcset=\"https:\/\/www.sportchaco.com.ar\/wp-content\/uploads\/2025\/06\/Soto-Murguia-Meza-sto-1-197x300.jpg 197w, https:\/\/www.sportchaco.com.ar\/wp-content\/uploads\/2025\/06\/Soto-Murguia-Meza-sto-1-673x1024.jpg 673w, https:\/\/www.sportchaco.com.ar\/wp-content\/uploads\/2025\/06\/Soto-Murguia-Meza-sto-1-768x1168.jpg 768w, https:\/\/www.sportchaco.com.ar\/wp-content\/uploads\/2025\/06\/Soto-Murguia-Meza-sto-1.jpg 1002w\" sizes=\"auto, (max-width: 197px) 100vw, 197px\" \/>\u00a0<strong> \u00a0 \u00d1eco Murgu\u00eda, Ricardo Soto y Miguelito Meza\u00a0 \u00a0 \u00a0 \u00a0<\/strong><\/p>\n<p>&nbsp;<\/p>\n<p><img loading=\"lazy\" decoding=\"async\" class=\"alignnone size-medium wp-image-20622\" src=\"https:\/\/www.sportchaco.com.ar\/wp-content\/uploads\/2025\/06\/Ricardo-Soto-con-sus-hijos-234x300.jpg\" alt=\"\" width=\"234\" height=\"300\" srcset=\"https:\/\/www.sportchaco.com.ar\/wp-content\/uploads\/2025\/06\/Ricardo-Soto-con-sus-hijos-234x300.jpg 234w, https:\/\/www.sportchaco.com.ar\/wp-content\/uploads\/2025\/06\/Ricardo-Soto-con-sus-hijos.jpg 500w\" sizes=\"auto, (max-width: 234px) 100vw, 234px\" \/><strong>Una foto familiar de hace 30 a\u00f1os con sus tres hijos<\/strong><\/p>\n<p><strong>HUMANISTA<\/strong><\/p>\n<p>Cuando pens\u00e9 esta nota, me preguntaba cu\u00e1l podr\u00eda ser la palabra que pueda definir a un ser tan noble como Richi. Un tipo fant\u00e1stico dentro y fuera de una cancha, en familia, con sus amigos, con los desconocidos. Solidario y fraterno, siempre con una reflexi\u00f3n a cuestas, tratando de entender este mundo tan complicado.<\/p>\n<p>No s\u00e9 si ser\u00e1 la mejor que encontr\u00e9, por las variantes que puede tener su acepci\u00f3n. Sin embargo, me quedo con la de \u201chumanista\u201d. Si, Richi era un humanista.<\/p>\n<p>Uno de sus principios b\u00e1sicos del humanismo es que las personas son seres racionales que poseen en s\u00ed mismas capacidad para hallar la verdad y practicar el bien.<\/p>\n<p>Desde un punto de vista filos\u00f3fico el humanismo es una actitud que hace hincapi\u00e9 en la dignidad y el valor de la persona.<\/p>\n<p>Cada tema, cada hecho, cada dato, era por \u00e9l debatido en profundidad, tratando de encontrar su significado y su verdad.<\/p>\n<p>Richi era transparente, receptivo. Construy\u00f3 un hogar junto a la querida Lila, donde todos se sent\u00edan c\u00f3modos. Familiares y amigos. Los chicos del Villa se pasaban mitad en el club y mitad en el vivero.<\/p>\n<p>Era fan\u00e1tico del deporte y el f\u00fatbol su pasi\u00f3n. Se form\u00f3 y jug\u00f3 en Central Norte, fue refuerzo de Sarmiento en alg\u00fan Regional y en Racing de Avellaneda. Tambi\u00e9n dirigi\u00f3 a Municipales, y fue dirigente deportivo en Villa San Mart\u00edn, donde sus hijos se formaron en el b\u00e1squetbol.<\/p>\n<p>Fue ganador en la vida, un triunfador de la amistad. No ser\u00e1 f\u00e1cil sobrellevar este mal trago. El amigo de las largas tertulias.<\/p>\n<p style=\"text-align: center;\"><strong>Luis Dar\u00edo Molodezky<\/strong><\/p>\n<p>&nbsp;<\/p>\n<p style=\"text-align: center;\"><img loading=\"lazy\" decoding=\"async\" class=\"alignnone  wp-image-20399\" src=\"https:\/\/www.sportchaco.com.ar\/wp-content\/uploads\/2025\/06\/Campo-120x200-01-180x300.gif\" alt=\"\" width=\"130\" height=\"217\" \/><img loading=\"lazy\" decoding=\"async\" class=\"alignnone  wp-image-20567\" src=\"https:\/\/www.sportchaco.com.ar\/wp-content\/uploads\/2025\/06\/250x250-300x300.gif\" alt=\"\" width=\"244\" height=\"244\" srcset=\"https:\/\/www.sportchaco.com.ar\/wp-content\/uploads\/2025\/06\/250x250-300x300.gif 300w, https:\/\/www.sportchaco.com.ar\/wp-content\/uploads\/2025\/06\/250x250-150x150.gif 150w\" sizes=\"auto, (max-width: 244px) 100vw, 244px\" \/><\/p>\n<p style=\"text-align: center;\"><img loading=\"lazy\" decoding=\"async\" class=\"alignnone  wp-image-20252\" src=\"https:\/\/www.sportchaco.com.ar\/wp-content\/uploads\/2025\/06\/BANNER-WEB-CHACO-JUEGA_200x200-1-300x300.gif\" alt=\"\" width=\"191\" height=\"191\" srcset=\"https:\/\/www.sportchaco.com.ar\/wp-content\/uploads\/2025\/06\/BANNER-WEB-CHACO-JUEGA_200x200-1-300x300.gif 300w, https:\/\/www.sportchaco.com.ar\/wp-content\/uploads\/2025\/06\/BANNER-WEB-CHACO-JUEGA_200x200-1-150x150.gif 150w\" sizes=\"auto, (max-width: 191px) 100vw, 191px\" \/><img loading=\"lazy\" decoding=\"async\" class=\"alignnone size-medium wp-image-20491\" src=\"https:\/\/www.sportchaco.com.ar\/wp-content\/uploads\/2025\/06\/PARQUE-SOLAR_720x90-01-300x38.gif\" alt=\"\" width=\"300\" height=\"38\" \/><\/p>\n","protected":false},"excerpt":{"rendered":"<p>El recuerdo para un buen futbolista y mejor personal Ricardo Soto \u00a0 \u00a0 Ricardo Soto fue un futbolista y t\u00e9cnico de rica trayectoria en nuestro f\u00fatbol, que dej\u00f3 un recuerdo imborrable entre los que lo conocieron, no solo por su talento para jugar, sino tambi\u00e9n por su sensibilidad y buena persona. Parti\u00f3 de este mundo &hellip;<\/p>\n","protected":false},"author":2,"featured_media":20620,"comment_status":"open","ping_status":"open","sticky":false,"template":"","format":"standard","meta":{"footnotes":""},"categories":[1],"tags":[],"class_list":["post-20619","post","type-post","status-publish","format-standard","has-post-thumbnail","hentry","category-fotos-del-recuerdo"],"_links":{"self":[{"href":"https:\/\/www.sportchaco.com.ar\/index.php?rest_route=\/wp\/v2\/posts\/20619","targetHints":{"allow":["GET"]}}],"collection":[{"href":"https:\/\/www.sportchaco.com.ar\/index.php?rest_route=\/wp\/v2\/posts"}],"about":[{"href":"https:\/\/www.sportchaco.com.ar\/index.php?rest_route=\/wp\/v2\/types\/post"}],"author":[{"embeddable":true,"href":"https:\/\/www.sportchaco.com.ar\/index.php?rest_route=\/wp\/v2\/users\/2"}],"replies":[{"embeddable":true,"href":"https:\/\/www.sportchaco.com.ar\/index.php?rest_route=%2Fwp%2Fv2%2Fcomments&post=20619"}],"version-history":[{"count":3,"href":"https:\/\/www.sportchaco.com.ar\/index.php?rest_route=\/wp\/v2\/posts\/20619\/revisions"}],"predecessor-version":[{"id":20625,"href":"https:\/\/www.sportchaco.com.ar\/index.php?rest_route=\/wp\/v2\/posts\/20619\/revisions\/20625"}],"wp:featuredmedia":[{"embeddable":true,"href":"https:\/\/www.sportchaco.com.ar\/index.php?rest_route=\/wp\/v2\/media\/20620"}],"wp:attachment":[{"href":"https:\/\/www.sportchaco.com.ar\/index.php?rest_route=%2Fwp%2Fv2%2Fmedia&parent=20619"}],"wp:term":[{"taxonomy":"category","embeddable":true,"href":"https:\/\/www.sportchaco.com.ar\/index.php?rest_route=%2Fwp%2Fv2%2Fcategories&post=20619"},{"taxonomy":"post_tag","embeddable":true,"href":"https:\/\/www.sportchaco.com.ar\/index.php?rest_route=%2Fwp%2Fv2%2Ftags&post=20619"}],"curies":[{"name":"wp","href":"https:\/\/api.w.org\/{rel}","templated":true}]}}