{"id":20696,"date":"2025-06-14T19:13:11","date_gmt":"2025-06-14T22:13:11","guid":{"rendered":"https:\/\/www.sportchaco.com.ar\/?p=20696"},"modified":"2025-06-14T19:13:56","modified_gmt":"2025-06-14T22:13:56","slug":"20696","status":"publish","type":"post","link":"https:\/\/www.sportchaco.com.ar\/?p=20696","title":{"rendered":"Carlos Patricio Simoni en 1991"},"content":{"rendered":"<header>\n<div><\/div>\n<div>\n<p>&nbsp;<\/p>\n<p><strong>El 13 de diciembre de 1991 \u00a0El basquetbolista Carlos Patricio Simoni es consagrado Deportista del A\u00f1o, durante la fiesta del Deporte organizada por el C\u00edrculo de Periodistas Deportivos del Chaco. Luego volver\u00eda a ser consagrado en el a\u00f1o 1996.<\/strong><\/p>\n<p>El acto se realiz\u00f3 en el Chaco Golf Club y los distinguidos en las distintas disciplinas fueron: Ajedrez Juan Jos\u00e9 Quiroz, \u00e1rbitro Ram\u00f3n Vel\u00e1zquez, artes marciales C\u00e9sar Abogado, atletismo Miguel P\u00e9rez, automovilismo Juan Manuel Pardo, b\u00e1squetbol Carlos Patricio Simoni y Rub\u00e9n Wolkowyski, bochas Alejandra Acevedo, boxeo Bombardero Sena, canotaje Silvia Vallejos, ciclismo Rolando Ahumada, dirigente N\u00e9stor Lobera, f\u00fatbol Ra\u00fal Eric Acosta, golf Carolina Morello, Handball Walter Schelover, hockey Rafael Ropar, homenaje Miguel \u00c1ngel Campos, karting Lucas Belich, marat\u00f3n Ricardo Pereira, motociclismo Rolando Dziubinski, p\u00e1del Maximiliano Grillo, pesca Juan Carlos Nacir.<\/p>\n<\/div>\n<p><strong>Foto portada: A la izquierda Crlos Patricio Simoni en la mesa de Carlos Freschi entonces presdiente de Cosecha B\u00e1squetbol y el inovidable Dante Dell&#8217;Orto<\/strong><\/p>\n<div>\n<p><span class=\"header\">A 24 A\u00d1OS DE LA PRIMERA GRAN GESTA DEL B\u00c1SQUET CHAQUE\u00d1O DE MAYORES<\/span><\/p>\n<h1>\u201cPato\u201d Simoni: \u201cFue una alegr\u00eda doble, campeones de local y en Regatas\u201d<\/h1>\n<div>\n<p>Adem\u00e1s remarc\u00f3 que el grupo estaba pasando un gran momento y que supieron entender a la perfecci\u00f3n el rol de cada uno dentro del equipo.<\/p>\n<\/div>\n<div class=\"meta\"><time>17 de Agosto, 2020 &#8211; Por Leticia Mu\u00f1oz de diario Norte<\/time><\/div>\n<\/div>\n<\/header>\n<section class=\"body\">\n<section class=\"content\">\n<div class=\"main-text\">\n<div class=\"social\">\n<div class=\"share\"><\/div>\n<\/div>\n<p>A 24 a\u00f1os de que el seleccionado chaque\u00f1o se consagrase campe\u00f3n del Argentino de Mayores de B\u00e1squet, Patricio \u2019Pato\u2019 Simoni dej\u00f3 sus sensaciones de la primera gran gesta del deporte de la naranja y asegur\u00f3 que con el paso del tiempo \u00e9l logr\u00f3 cobr\u00f3 mayor importancia.<\/p>\n<div class=\"center large m_image\">\n<figure><picture><source srcset=\"https:\/\/www.diarionorte.com\/content\/bucket\/1\/240231w790h527c.jpg.webp\" type=\"image\/webp\" media=\"(min-width: 640px)\" \/><source srcset=\"https:\/\/www.diarionorte.com\/content\/bucket\/1\/240231w440h294c.jpg.webp\" type=\"image\/webp\" media=\"(min-width: 300px)\" \/><source srcset=\"https:\/\/www.diarionorte.com\/content\/bucket\/1\/240231w790h527c.jpg\" media=\"(min-width: 300px)\" \/><img loading=\"lazy\" decoding=\"async\" class=\"pic\" src=\"https:\/\/www.diarionorte.com\/content\/bucket\/1\/240231w790h527c.jpg.webp\" alt=\"\" width=\"790\" height=\"527\" \/><\/picture><\/figure>\n<\/div>\n<p>El experimentado exjugador adem\u00e1s hizo hincapi\u00e9 en el hecho de que el certamen se logr\u00f3 como local y en el gran grupo humano que se form\u00f3. \u2018Tuve la suerte de jugar muchos Argentinos de Mayores y al Chaco siempre se le neg\u00f3 la posibilidad, as\u00ed que tengo los mejores recuerdos del campeonato. Fue una fiesta muy linda para el b\u00e1squet y la provincia\u2018, fueron las primeras palabras de Patricio Simoni, en di\u00e1logo con NORTE.<\/p>\n<p>Y a\u00f1adi\u00f3: \u2018Fue una alegr\u00eda doble y muy especial. Tuve la posibilidad de jugar en mi provincia y coronarme en el estadio del club que me vio nacer y tanto me ense\u00f1\u00f3 de este deporte\u2018.<\/p>\n<div class=\"center large m_image\">\n<figure><picture><source srcset=\"https:\/\/www.diarionorte.com\/content\/bucket\/0\/240230w790h513c.jpg.webp\" type=\"image\/webp\" media=\"(min-width: 640px)\" \/><source srcset=\"https:\/\/www.diarionorte.com\/content\/bucket\/0\/240230w440h286c.jpg.webp\" type=\"image\/webp\" media=\"(min-width: 300px)\" \/><source srcset=\"https:\/\/www.diarionorte.com\/content\/bucket\/0\/240230w790h513c.jpg\" media=\"(min-width: 300px)\" \/><img loading=\"lazy\" decoding=\"async\" class=\"pic\" src=\"https:\/\/www.diarionorte.com\/content\/bucket\/0\/240230w790h513c.jpg.webp\" alt=\"\" width=\"790\" height=\"513\" \/><\/picture><figcaption>Patricio \u201cPato\u201d Simoni, una de las principales figuras del torneo ganado por el Chaco en 1996.<\/figcaption><\/figure>\n<\/div>\n<p>Cabe destacar que el primer t\u00edtulo del Chaco se dio luego de superar con un m\u00e1s que claro 100-75 a Santa Fe en la final, un estadio de Regatas Resistencia colmado como nunca.<\/p>\n<p>Al hacer hincapi\u00e9 en el certamen, el experimentado jugador chaque\u00f1o se\u00f1al\u00f3: \u2018Fue un logro fue muy valorados por todos, pero sin dudas que con el paso del tiempo uno toma m\u00e1s dimensi\u00f3n de lo que se consigui\u00f3\u2018.<\/p>\n<p>Simoni fue claro y remarc\u00f3 que siempre se tuvieron fe para lograr el objetivo: \u2018Uno siempre arranca los campeonatos con el objetivo de ser protagonista, pero la realidad es que nos fuimos dando cuenta para lo que est\u00e1bamos partido a partido\u2018. \u2018Los Argentinos de Mayores son un certamen muy duro, donde hay equipos con C\u00f3rdoba, Santa Fe, Buenos Aires y Entre R\u00edos que son muy fuertes\u2018, asegur\u00f3.<\/p>\n<div class=\"right medium m_image\">\n<figure><picture><source srcset=\"https:\/\/www.diarionorte.com\/content\/bucket\/2\/240232w380h570c.jpg.webp\" type=\"image\/webp\" media=\"(min-width: 640px)\" \/><source srcset=\"https:\/\/www.diarionorte.com\/content\/bucket\/2\/240232w440h661c.jpg.webp\" type=\"image\/webp\" media=\"(min-width: 300px)\" \/><source srcset=\"https:\/\/www.diarionorte.com\/content\/bucket\/2\/240232w380h570c.jpg\" media=\"(min-width: 300px)\" \/><img loading=\"lazy\" decoding=\"async\" class=\"pic\" src=\"https:\/\/www.diarionorte.com\/content\/bucket\/2\/240232w380h570c.jpg.webp\" alt=\"\" width=\"380\" height=\"570\" \/><\/picture><\/figure>\n<\/div>\n<p>Es de resaltar que la segunda corona del Chaco se dio tambi\u00e9n de local al superar en la final a Santiago del Estero 76-66 en 2012.<\/p>\n<p>Al hacer referencia a las principales claves que tuvo el equipo para quedarse con el certamen nacional enfatiz\u00f3: \u2018Tuvimos la suerte de que se form\u00f3 un gran grupo humano, y con un plantel de jugadores de excelente calidad t\u00e9cnica y t\u00e1ctica, que adem\u00e1s estaban pasando un gran momento en cada uno de sus equipos\u2018.<\/p>\n<p>Y se explay\u00f3: \u2018La clave fue que todos tiramos para el mismo lado, y que dentro del equipo cada uno ten\u00eda una funci\u00f3n en particular y la pudo desarrollar a la perfecci\u00f3n. Guillermo Ar\u00e9valo nos dio mucho orden y nos asign\u00f3 un rol, que suplimos plasmarlo de muy buena manera en el rect\u00e1ngulo de juego\u2018.<\/p>\n<p><strong>LA CAMPA\u00d1A<\/strong><\/p>\n<p>Para subirse a lo m\u00e1s alto del podio, el seleccionado chaque\u00f1o venci\u00f3 sucesivamente a Tucum\u00e1n (68-65); Neuqu\u00e9n (109-91) y Santa Fe (76-66), todos en el Grupo A de la primera etapa. Ya en la segunda, Chaco super\u00f3 a Capital Federal (76-63); Provincia de Buenos Aires (91-74); con estos dos triunfos, el local se adjudicaba la Zona A-1 y se met\u00eda en semifinales. Y all\u00ed, en dram\u00e1tico final, con un doble ag\u00f3nico de Simoni, super\u00f3 62-60 a C\u00f3rdoba. Ya en la final, volvi\u00f3 a v\u00e9rselas con Santa Fe,al que super\u00f3 nuevamente. Esta vez a\u00fan con mayor claridad que en la fase de Grupos, con un contundente 100-75.<\/p>\n<p><strong>LOS CAMPEONES<\/strong><\/p>\n<p>El plantel que le dio al Chaco su primer t\u00edtulo de Mayores estuvo integrado por Carlos Patricio \u2019Pato\u2019 Simoni; Edgardo Gamba Agudo; Javier y Jorge Pablo Toro Corbal\u00e1n; Javier Skibsky; Alejandro Rodr\u00edguez; Miguel Canteros; Diego Leonardo Demonio S\u00e1nchez; Luis Cequeira; F\u00e9lix Choch\u00f3 Vargas Pascual; Marcelo Verri y S\u00faper Marcelo Pl\u00e1ceres. Precisamente este fue el m\u00e1ximo anotador de la final con 21, seguido por los 18 de Jorge Corbal\u00e1n y los 17 de Simoni, que qued\u00f3 a 2 puntos de ser el m\u00e1ximo anotador.<\/p>\n<div class=\"center large m_image\">\n<figure><picture><source srcset=\"https:\/\/www.diarionorte.com\/content\/bucket\/3\/240233w790h475c.jpg.webp\" type=\"image\/webp\" media=\"(min-width: 640px)\" \/><source srcset=\"https:\/\/www.diarionorte.com\/content\/bucket\/3\/240233w440h264c.jpg.webp\" type=\"image\/webp\" media=\"(min-width: 300px)\" \/><source srcset=\"https:\/\/www.diarionorte.com\/content\/bucket\/3\/240233w790h475c.jpg\" media=\"(min-width: 300px)\" \/><img loading=\"lazy\" decoding=\"async\" class=\"pic\" src=\"https:\/\/www.diarionorte.com\/content\/bucket\/3\/240233w790h475c.jpg.webp\" alt=\"\" width=\"790\" height=\"475\" \/><\/picture><figcaption>Todo el plantel del seleccionado local celebrando la obtenci\u00f3n del primer Argentino de Mayores. Fue la primera gesta chaque\u00f1a. La segunda llegar\u00eda en 2012.<\/figcaption><\/figure>\n<\/div>\n<p><strong>Una carrera plagada de logros<\/strong><\/p>\n<p>Carlos Patricio Simoni, o simplemente \u2019Pato\u2019, naci\u00f3 el 3 de septiembre de 1971 en Resistencia. Se form\u00f3 en Regatas Resistencia, parad\u00f3jicamente en donde dej\u00f3 la pr\u00e1ctica activa del b\u00e1squet no sin antes consagrarse campe\u00f3n en la temporada 2009\/10 en la ex Liga Nacional C de Clubes.<\/p>\n<p>Tuvo una dilatada trayectoria en la Liga Nacional de B\u00e1squet (LNB), en donde jug\u00f3 catorce temporadas ininterrumpidas en clubes como Pe\u00f1arol de Mar del Plata, Valle Inferior de Viedma, Gimnasia y Esgrima de Comodoro Rivadavia, Andino de La Rioja, Pico FC de General Pico (La Pampa), Quilmes de Mar del Plata, y Central Entrerriano de Gualeguaych\u00fa, Entre R\u00edos.<\/p>\n<p>Se consagr\u00f3 campe\u00f3n de la LNB con Pe\u00f1arol de Mar del Plata en la temporada 1993\/94; y fue el mejor rebotero ofensivo en la temporada 2003\/04 en Central Entrerriano. Integr\u00f3 la selecci\u00f3n nacional juvenil en el Sudamericano 1990, en donde se consagr\u00f3 campe\u00f3n; pasando por el Panamericano 1990 y por el Mundial de Edmonton (Canad\u00e1) en 1991, donde se colg\u00f3 la presea de bronce. Adem\u00e1s del Sudamericano Sub 22 1992.<\/p>\n<p>En la selecci\u00f3n mayor jug\u00f3 el Sudamericano 1993, el Premundial 1997, Los Juegos de la Buena Voluntad 1997 y el Mundial de Grecia 1998. Con la Federaci\u00f3n Chaque\u00f1a se consagr\u00f3 campe\u00f3n en la edici\u00f3n 1996 del Argentino de Mayores, precisamente en el estadio de Regatas Resistencia.<\/p>\n<\/div>\n<\/section>\n<\/section>\n","protected":false},"excerpt":{"rendered":"<p>&nbsp; El 13 de diciembre de 1991 \u00a0El basquetbolista Carlos Patricio Simoni es consagrado Deportista del A\u00f1o, durante la fiesta del Deporte organizada por el C\u00edrculo de Periodistas Deportivos del Chaco. Luego volver\u00eda a ser consagrado en el a\u00f1o 1996. El acto se realiz\u00f3 en el Chaco Golf Club y los distinguidos en las distintas &hellip;<\/p>\n","protected":false},"author":2,"featured_media":20697,"comment_status":"open","ping_status":"open","sticky":false,"template":"","format":"standard","meta":{"footnotes":""},"categories":[1],"tags":[],"class_list":["post-20696","post","type-post","status-publish","format-standard","has-post-thumbnail","hentry","category-fotos-del-recuerdo"],"_links":{"self":[{"href":"https:\/\/www.sportchaco.com.ar\/index.php?rest_route=\/wp\/v2\/posts\/20696","targetHints":{"allow":["GET"]}}],"collection":[{"href":"https:\/\/www.sportchaco.com.ar\/index.php?rest_route=\/wp\/v2\/posts"}],"about":[{"href":"https:\/\/www.sportchaco.com.ar\/index.php?rest_route=\/wp\/v2\/types\/post"}],"author":[{"embeddable":true,"href":"https:\/\/www.sportchaco.com.ar\/index.php?rest_route=\/wp\/v2\/users\/2"}],"replies":[{"embeddable":true,"href":"https:\/\/www.sportchaco.com.ar\/index.php?rest_route=%2Fwp%2Fv2%2Fcomments&post=20696"}],"version-history":[{"count":2,"href":"https:\/\/www.sportchaco.com.ar\/index.php?rest_route=\/wp\/v2\/posts\/20696\/revisions"}],"predecessor-version":[{"id":20699,"href":"https:\/\/www.sportchaco.com.ar\/index.php?rest_route=\/wp\/v2\/posts\/20696\/revisions\/20699"}],"wp:featuredmedia":[{"embeddable":true,"href":"https:\/\/www.sportchaco.com.ar\/index.php?rest_route=\/wp\/v2\/media\/20697"}],"wp:attachment":[{"href":"https:\/\/www.sportchaco.com.ar\/index.php?rest_route=%2Fwp%2Fv2%2Fmedia&parent=20696"}],"wp:term":[{"taxonomy":"category","embeddable":true,"href":"https:\/\/www.sportchaco.com.ar\/index.php?rest_route=%2Fwp%2Fv2%2Fcategories&post=20696"},{"taxonomy":"post_tag","embeddable":true,"href":"https:\/\/www.sportchaco.com.ar\/index.php?rest_route=%2Fwp%2Fv2%2Ftags&post=20696"}],"curies":[{"name":"wp","href":"https:\/\/api.w.org\/{rel}","templated":true}]}}