{"id":20713,"date":"2025-06-14T23:25:48","date_gmt":"2025-06-15T02:25:48","guid":{"rendered":"https:\/\/www.sportchaco.com.ar\/?p=20713"},"modified":"2025-06-14T23:25:48","modified_gmt":"2025-06-15T02:25:48","slug":"f-1-colapinto-partira-10-en-el-gran-premio-de-canada","status":"publish","type":"post","link":"https:\/\/www.sportchaco.com.ar\/?p=20713","title":{"rendered":"F-1: Colapinto partir\u00e1 10\u00b0 en el Gran Premio de Canad\u00e1"},"content":{"rendered":"<section class=\"\n              mb-8 flex flex-col gap-4 text-neutral-850\n\n              lg:mb-12\n            \"><\/p>\n<h1 class=\"\n                  font-caladeaRegular text-neutral-850 text-custom-30 leading-8\n\n                  lg:text-custom-50 lg:leading-[52px]\"><span style=\"font-size: 16px; font-weight: 400;\">14 de junio de 2025<\/span><\/h1>\n<h4 class=\"\n                  font-caladeaRegular text-neutral-850 text-custom-30 leading-8\n\n                  lg:text-custom-50 lg:leading-[52px]\">Tras las penalizaciones de Tsunoda y HadjarColapinto partir\u00e1 10\u00b0 en el Gran Premio de Canad\u00e1. El argentino tuvo una brillante Q1 y qued\u00f3 cerquita de la Q3. Russell largar\u00e1 desde la pole.<\/h4>\n<div class=\"\n                flex flex-col items-start justify-between gap-4\n\n                lg:flex-row lg:items-center\n              \"><\/p>\n<div class=\"flex gap-4\">\n<div class=\"\n        relative\n\n        undefined\n      \"><\/div>\n<section class=\"clearfix ajuste-1440-card\">\n<div class=\"viafoura counter-vf\"><\/div>\n<\/section>\n<\/div>\n<\/div>\n<div class=\"flex flex-col\"><img loading=\"lazy\" decoding=\"async\" class=\"\n        w-full rounded-xl\n\n        md:block md:h-auto md:rounded-20 \n      \" src=\"https:\/\/www.lavoz.com.ar\/resizer\/v2\/M5RYAYDS2VF2LMLLOS46NORRKE.jpg?auth=93b736858b402c1ee2384cb874222fe90d306458a461dc4d14426f8c674b547e&amp;quality=75&amp;smart=true&amp;width=980&amp;height=551\" alt=\"Foto principal de la nota\" width=\"642\" height=\"432\" data-nimg=\"1\" \/>Franco Colapinto y una buen tarea en la clasificaci\u00f3n en Canad\u00e1. (AP)<\/div>\n<\/section>\n<div class=\"sc-cCVJLD lhqHQK\"><span id=\"story-zonda\"><\/span><\/p>\n<section class=\"undefined \">\n<div id=\"powerbeans-player\" class=\"mb-4 undefined\">\n<div id=\"powerbeans-widget\" class=\"pb-tw light\" data-current-content=\"https:\/\/www.lavoz.com.ar\/deportes\/motores\/colapinto-partira-10-en-el-gran-premio-de-canada-por-las-penalizaciones-de-tsunoda-y-hadjar\/\" data-should-refetch=\"false\" data-refetching=\"false\" data-mounted=\"true\" data-fetched=\"true\">\n<div class=\"App !beans-px-[16px] !beans-pt-[12px] !beans-pb-[8px] beans-bg-primary beans-relative beans-flex beans-justify-around beans-flex-row beans-items-center beans-rounded-xl beans-py-1 beans-px-3 beans-drop-shadow-md\">\n<div id=\"powerbeans-player-container\" class=\"!beans-flex beans-items-center beans-justify-center !beans-w-full\">\n<div class=\"beans-flex beans-flex-col !beans-w-full\">\n<div><\/div>\n<div class=\"beans-flex beans-flex-col\">\n<div class=\"beans-flex beans-grow\">\n<div class=\"beans-flex beans-mr-[12px]\">\n<div class=\"beans-ml-[3px] beans-flex beans-justify-center\"><\/div>\n<\/div>\n<div class=\"beans-flex beans-flex-col beans-grow\">\n<div class=\"beans-flex beans-h-[50%]\">\n<div class=\"beans-transition-all beans-linear beans-duration-300\">\n<div class=\"beans-flex beans-gap-[4px] beans-w-full\"><\/div>\n<\/div>\n<\/div>\n<\/div>\n<div class=\"beans-relative beans-flex beans-items-center beans-justify-center beans-transition-all beans-duration-300 beans-ml-[0px] beans-w-0 beans-opacity-0\"><\/div>\n<\/div>\n<div class=\"\">\n<div id=\"powerbeans-sticky-container\" class=\"beans-overflow-hidden beans-transition-all beans-duration-200 beans-h-[1px]\">\n<div id=\"DISPLAY_BANNER_CONTAINER\" class=\"beans-flex beans-justify-center\">\n<div id=\"POWERBEANS_DISPLAY_BANNER\" data-refresh-pending=\"false\"><\/div>\n<\/div>\n<div id=\"COMPANION_BANNER\" class=\"beans-flex beans-justify-center\"><\/div>\n<\/div>\n<\/div>\n<\/div>\n<\/div>\n<\/div>\n<\/div>\n<\/div>\n<\/div>\n<\/section>\n<div class=\"sc-cCVJLD lhqHQK mx-auto flex max-w-body flex-col\">\n<p class=\"text-class\">Franco Colapinto vive su mejor momento desde que est\u00e1 en Alpine. El argentino meti\u00f3 su mejor clasificaci\u00f3n con el auto franc\u00e9s y partir\u00e1 10\u00b0 este domingo, cuando se corra el Gran Premio de Canad\u00e1, d\u00e9cima fecha de la temporada 2025 de la F\u00f3rmula 1.<\/p>\n<p class=\"text-class\">El piloto bonaerense logr\u00f3 acomodarse a un auto que lo tra\u00eda muy inc\u00f3modo y con demasiados problemas para poder controlarlo. Pero logr\u00f3 equilibrarlo y con su mu\u00f1eca meti\u00f3 al Alpine en Q2. En tanto, su compa\u00f1ero de equipo, Pierre Gasly, partir\u00e1 este domingo desde la pen\u00faltima posici\u00f3n. Es la primera vez en la temporada que Colapinto queda por delante de Gasly en la clasificaci\u00f3n.<\/p>\n<p class=\"text-class\">El brit\u00e1nico George Russell (Mercedes) vol\u00f3 en Montreal y se qued\u00f3 con la pole position, superando en el \u00faltimo segundo a Max Verstappen (Red Bull) por 160 mil\u00e9simas. El l\u00edder del campeonato, Oscar Piastri (McLaren) largar\u00e1 tercero.<\/p>\n<p class=\"text-class\">Completaron los 10 primeros: Antonelli (Mercedes), Hamilton (Ferrari), Alonso (Aston Martin), Norris (McLaren), Leclerc (Ferrri), Hadjar (Racing Bulls) y Albon (Williams).<\/p>\n<h2 class=\" header-class\">La Q1, con lo mejor de Colapinto<\/h2>\n<p class=\"text-class\">Franco Colapinto meti\u00f3 su mejor vuelta hasta ese momento en la Q1. Fue su mejor rendimiento en comparaci\u00f3n a todas las clasificaciones que ven\u00eda realizando y termin\u00f3 en un tremendo d\u00e9cimo puesto, su mejor registro desde que est\u00e1 en Alpine. Quedaron afuera Bortoleto (Sauber), Sanis (Williams), Stroll (Aston Martin), Lawson (Racing Bulls) y Pierre Gasly, el compa\u00f1ero de Colapinto. El franc\u00e9s qued\u00f3 \u00faltimo porque debi\u00f3 abortar su \u00faltima vuelta r\u00e1pida y qued\u00f3 al fondo de todo. Como penaliz\u00f3 Tsunoda, el japon\u00e9s qued\u00f3 20\u00b0 y Gasly 19\u00b0.<\/p>\n<h2 class=\" header-class\">La Q2, bastante cerca<\/h2>\n<p class=\"text-class\">En la segunda parte de la clasificaci\u00f3n, Colapinto realiz\u00f3 una buena tarea y estaba entre los 10, aunque no lo pudo sostener. Lo pasaron Tsunoda y, luego, Hadjar. Qued\u00f3 12\u00b0 el argentino, que hizo dos intentos m\u00e1s, pero no pudo sacar lo mejor de s\u00ed y de su auto. Igual, partir\u00e1 10\u00b0 por las penalizaciones del japon\u00e9s. y del franc\u00e9s.<\/p>\n<p class=\"text-class\">Adem\u00e1s de Franco y del nip\u00f3n de Red Bull, quedaron afuera Hulkenberg (Sauber), Bearman (Haas) y Ocon (Haas). Un detalle muy interesante es que qued\u00f3 por delante de muchos de sus rivales directos en la comparativa entre potencial de los autos.<\/p>\n<div class=\"twitter-embed-container\">\n<div class=\"twitter-tweet twitter-tweet-rendered\"><\/div>\n<\/div>\n<h2 class=\" header-class\">La carrera<\/h2>\n<p class=\"text-class\">El Gran Premio de Canad\u00e1 se correr\u00e1 esta domingo 15 de junio, a partir de las 15. La competencia, d\u00e9cima fecha de la temporada 2025 de la F\u00f3rmula 1, se podr\u00e1 seguir a trav\u00e9s de Fox Sports Argentina y Disney +. Fuente La Voz<\/p>\n<\/div>\n<p style=\"text-align: center;\"><img loading=\"lazy\" decoding=\"async\" class=\"alignnone size-medium wp-image-20715\" src=\"https:\/\/www.sportchaco.com.ar\/wp-content\/uploads\/2025\/06\/BANNER-WEB-CHACO-JUEGA_1080x1350-1-1-240x300.gif\" alt=\"\" width=\"240\" height=\"300\" srcset=\"https:\/\/www.sportchaco.com.ar\/wp-content\/uploads\/2025\/06\/BANNER-WEB-CHACO-JUEGA_1080x1350-1-1-240x300.gif 240w, https:\/\/www.sportchaco.com.ar\/wp-content\/uploads\/2025\/06\/BANNER-WEB-CHACO-JUEGA_1080x1350-1-1-819x1024.gif 819w, https:\/\/www.sportchaco.com.ar\/wp-content\/uploads\/2025\/06\/BANNER-WEB-CHACO-JUEGA_1080x1350-1-1-768x960.gif 768w\" sizes=\"auto, (max-width: 240px) 100vw, 240px\" \/><\/p>\n<\/div>\n","protected":false},"excerpt":{"rendered":"<p>14 de junio de 2025 Tras las penalizaciones de Tsunoda y HadjarColapinto partir\u00e1 10\u00b0 en el Gran Premio de Canad\u00e1. El argentino tuvo una brillante Q1 y qued\u00f3 cerquita de la Q3. Russell largar\u00e1 desde la pole. Franco Colapinto y una buen tarea en la clasificaci\u00f3n en Canad\u00e1. (AP) Franco Colapinto vive su mejor momento &hellip;<\/p>\n","protected":false},"author":2,"featured_media":20714,"comment_status":"open","ping_status":"open","sticky":false,"template":"","format":"standard","meta":{"footnotes":""},"categories":[2],"tags":[],"class_list":["post-20713","post","type-post","status-publish","format-standard","has-post-thumbnail","hentry","category-automovilismo"],"_links":{"self":[{"href":"https:\/\/www.sportchaco.com.ar\/index.php?rest_route=\/wp\/v2\/posts\/20713","targetHints":{"allow":["GET"]}}],"collection":[{"href":"https:\/\/www.sportchaco.com.ar\/index.php?rest_route=\/wp\/v2\/posts"}],"about":[{"href":"https:\/\/www.sportchaco.com.ar\/index.php?rest_route=\/wp\/v2\/types\/post"}],"author":[{"embeddable":true,"href":"https:\/\/www.sportchaco.com.ar\/index.php?rest_route=\/wp\/v2\/users\/2"}],"replies":[{"embeddable":true,"href":"https:\/\/www.sportchaco.com.ar\/index.php?rest_route=%2Fwp%2Fv2%2Fcomments&post=20713"}],"version-history":[{"count":1,"href":"https:\/\/www.sportchaco.com.ar\/index.php?rest_route=\/wp\/v2\/posts\/20713\/revisions"}],"predecessor-version":[{"id":20716,"href":"https:\/\/www.sportchaco.com.ar\/index.php?rest_route=\/wp\/v2\/posts\/20713\/revisions\/20716"}],"wp:featuredmedia":[{"embeddable":true,"href":"https:\/\/www.sportchaco.com.ar\/index.php?rest_route=\/wp\/v2\/media\/20714"}],"wp:attachment":[{"href":"https:\/\/www.sportchaco.com.ar\/index.php?rest_route=%2Fwp%2Fv2%2Fmedia&parent=20713"}],"wp:term":[{"taxonomy":"category","embeddable":true,"href":"https:\/\/www.sportchaco.com.ar\/index.php?rest_route=%2Fwp%2Fv2%2Fcategories&post=20713"},{"taxonomy":"post_tag","embeddable":true,"href":"https:\/\/www.sportchaco.com.ar\/index.php?rest_route=%2Fwp%2Fv2%2Ftags&post=20713"}],"curies":[{"name":"wp","href":"https:\/\/api.w.org\/{rel}","templated":true}]}}