{"id":20726,"date":"2025-06-15T23:03:30","date_gmt":"2025-06-16T02:03:30","guid":{"rendered":"https:\/\/www.sportchaco.com.ar\/?p=20726"},"modified":"2025-06-16T12:16:57","modified_gmt":"2025-06-16T15:16:57","slug":"efemerides-del-16-de-junio","status":"publish","type":"post","link":"https:\/\/www.sportchaco.com.ar\/?p=20726","title":{"rendered":"Efem\u00e9rides del 16 de junio"},"content":{"rendered":"<div class=\"container fullwidth-entry-title-wrapper\">\n<div class=\"container-wrapper fullwidth-entry-title\">\n<header class=\"entry-header-outer\">\n<div class=\"entry-header\">\n<h1 class=\"post-title entry-title\"><\/h1>\n<div class=\"single-post-meta post-meta clearfix\"><\/div>\n<\/div>\n<\/header>\n<\/div>\n<\/div>\n<div id=\"content\" class=\"site-content container\">\n<div id=\"main-content-row\" class=\"tie-row main-content-row\">\n<div class=\"main-content tie-col-md-8 tie-col-xs-12\" role=\"main\">\n<article id=\"the-post\" class=\"container-wrapper post-content tie-standard\">\n<div class=\"entry-content entry clearfix\">\n<p><strong>Esta es la Efem\u00e9rides del Deporte en el Chaco de un 16 de junio del periodista Luis Dar\u00edo Molodezky.<\/strong><\/p>\n<p style=\"text-align: center;\"><img loading=\"lazy\" decoding=\"async\" class=\"alignnone size-medium wp-image-20513\" src=\"https:\/\/www.sportchaco.com.ar\/wp-content\/uploads\/2025\/06\/Luis-2025-marzo-3-2-e1749824875302-300x217.jpg\" alt=\"\" width=\"300\" height=\"217\" srcset=\"https:\/\/www.sportchaco.com.ar\/wp-content\/uploads\/2025\/06\/Luis-2025-marzo-3-2-e1749824875302-300x217.jpg 300w, https:\/\/www.sportchaco.com.ar\/wp-content\/uploads\/2025\/06\/Luis-2025-marzo-3-2-e1749824875302.jpg 715w\" sizes=\"auto, (max-width: 300px) 100vw, 300px\" \/><\/p>\n<p><strong><em>\u00a0<\/em><\/strong><\/p>\n<p><strong>1951\u00a0<\/strong>\/ Se disputa el \u00faltimo partido en el estadio de Regional de la avenida Las Heras, donde el local vence a Independiente Tirol por 4 a 0. Los goles son convertidos por Moreyra, Goit\u00eda, Flores y G\u00f3mez. Dos d\u00edas despu\u00e9s, las instalaciones del complejo deportivo son clausuradas definitivamente. Desaparec\u00eda el estadio m\u00e1s completo que exist\u00eda en Resistencia, para dar lugar al emplazamiento del Hogar Escuela, cuyas obras realizar\u00eda la Fundaci\u00f3n Ayuda Social Eva Per\u00f3n.<\/p>\n<p><img loading=\"lazy\" decoding=\"async\" class=\"attachment-jannah-image-post size-jannah-image-post wp-post-image\" src=\"https:\/\/www.sportchaco.com.ar\/wp-content\/uploads\/2024\/06\/Regional-viejo.jpg\" alt=\"\" width=\"260\" height=\"194\" data-main-img=\"1\" \/><\/p>\n<p><strong>1958\u00a0<\/strong>\/ Se realiza en las instalaciones del Aero Club Chaco la primera prueba del Campeonato Chaque\u00f1o de Aeromodelismo, auspiciada por el Centro Aeromodelista Resistencia. La misma es ganada por H\u00e9ctor O. Grillo con 180 puntos.<\/p>\n<p><strong>1969<\/strong> \/ A bordo de un Valiant IV el joven piloto Mario Longhi, gana la clase C del Regional de Automovilismo en el Tri\u00e1ngulo de Villa, a casi 129,320 km\/h de promedio. Celedonio Carnicer la clase A con Renault 1093 y Emilio Mainardi en la B con Fiat 1500.<\/p>\n<p><strong>2006\u00a0<\/strong>\/ Fallece en la ciudad de Resistencia, a los 81 a\u00f1os, Leopoldo\u00a0<em>El Gato\u00a0<\/em>Contreras, quien visti\u00f3 los colores de Sarmiento primero y For Ever despu\u00e9s. Zaguero fuerte y leal, que en las d\u00e9cadas del 40 y 50 se destac\u00f3 en el f\u00fatbol de la Liga Chaque\u00f1a.<\/p>\n<p><strong>1997 <\/strong>\/ Fallece Arnaldo Federico Bejarano, quien era miembro de Organizaci\u00f3n Publicitaria, conformado adem\u00e1s por Emilio Miguel Lagranja, N\u00e9stor Pareja, Roberto Falc\u00f3n, Chino Veloso, Coco Celada, Duncan Molina, Armando Sosa Mena y Alberto Hugo Blotta. Ten\u00edan equipo deportivo al que sumaban a Carlos Rodolfo Monti y Edison Omar Rodr\u00edguez, como relator y comentarista respectivamente, Incursion\u00f3 en los medios de comunicaci\u00f3n en programas como \u201cSapucai\u201d y \u201cComunicando\u201d ambos por radio y Televisi\u00f3n y fue uno de los fundadores de \u201cLa Voz del Deporte\u201d.<\/p>\n<\/div>\n<\/article>\n<\/div>\n<\/div>\n<\/div>\n","protected":false},"excerpt":{"rendered":"<p>Esta es la Efem\u00e9rides del Deporte en el Chaco de un 16 de junio del periodista Luis Dar\u00edo Molodezky. \u00a0 1951\u00a0\/ Se disputa el \u00faltimo partido en el estadio de Regional de la avenida Las Heras, donde el local vence a Independiente Tirol por 4 a 0. Los goles son convertidos por Moreyra, Goit\u00eda, Flores &hellip;<\/p>\n","protected":false},"author":2,"featured_media":20727,"comment_status":"open","ping_status":"open","sticky":false,"template":"","format":"standard","meta":{"footnotes":""},"categories":[45,36],"tags":[],"class_list":["post-20726","post","type-post","status-publish","format-standard","has-post-thumbnail","hentry","category-efemerides-dia-por-dia","category-junio"],"_links":{"self":[{"href":"https:\/\/www.sportchaco.com.ar\/index.php?rest_route=\/wp\/v2\/posts\/20726","targetHints":{"allow":["GET"]}}],"collection":[{"href":"https:\/\/www.sportchaco.com.ar\/index.php?rest_route=\/wp\/v2\/posts"}],"about":[{"href":"https:\/\/www.sportchaco.com.ar\/index.php?rest_route=\/wp\/v2\/types\/post"}],"author":[{"embeddable":true,"href":"https:\/\/www.sportchaco.com.ar\/index.php?rest_route=\/wp\/v2\/users\/2"}],"replies":[{"embeddable":true,"href":"https:\/\/www.sportchaco.com.ar\/index.php?rest_route=%2Fwp%2Fv2%2Fcomments&post=20726"}],"version-history":[{"count":6,"href":"https:\/\/www.sportchaco.com.ar\/index.php?rest_route=\/wp\/v2\/posts\/20726\/revisions"}],"predecessor-version":[{"id":20759,"href":"https:\/\/www.sportchaco.com.ar\/index.php?rest_route=\/wp\/v2\/posts\/20726\/revisions\/20759"}],"wp:featuredmedia":[{"embeddable":true,"href":"https:\/\/www.sportchaco.com.ar\/index.php?rest_route=\/wp\/v2\/media\/20727"}],"wp:attachment":[{"href":"https:\/\/www.sportchaco.com.ar\/index.php?rest_route=%2Fwp%2Fv2%2Fmedia&parent=20726"}],"wp:term":[{"taxonomy":"category","embeddable":true,"href":"https:\/\/www.sportchaco.com.ar\/index.php?rest_route=%2Fwp%2Fv2%2Fcategories&post=20726"},{"taxonomy":"post_tag","embeddable":true,"href":"https:\/\/www.sportchaco.com.ar\/index.php?rest_route=%2Fwp%2Fv2%2Ftags&post=20726"}],"curies":[{"name":"wp","href":"https:\/\/api.w.org\/{rel}","templated":true}]}}