{"id":20742,"date":"2025-06-15T22:35:01","date_gmt":"2025-06-16T01:35:01","guid":{"rendered":"https:\/\/www.sportchaco.com.ar\/?p=20742"},"modified":"2025-06-15T23:52:34","modified_gmt":"2025-06-16T02:52:34","slug":"palito-rosales-lopez-y-alfaro","status":"publish","type":"post","link":"https:\/\/www.sportchaco.com.ar\/?p=20742","title":{"rendered":"Palito Rosales, L\u00f3pez y Alfaro"},"content":{"rendered":"<p>Tres nombre con historia en el f\u00fatbol del Chaco. En el centro el actual t\u00e9cnico de Paraguay, Gustavo Alfaro cuando jug\u00f3 para Villa Alvear un Torneo Regional llegado desde Rafaela en el centro. Adolfo L\u00f3pez y Palito Rosales a su lado.<\/p>\n<p><span style=\"color: #000000;\"><b>Gustavo Julio Alfaro<\/b>\u00a0(nacido el 14 de agosto de 1962) es un\u00a0<a style=\"color: #000000;\" title=\"Entrenador (f\u00fatbol asociaci\u00f3n)\" href=\"https:\/\/en.wikipedia.org\/wiki\/Manager_(association_football)\">entrenador\u00a0<\/a><a style=\"color: #000000;\" title=\"f\u00fatbol de asociaci\u00f3n\" href=\"https:\/\/en.wikipedia.org\/wiki\/Association_football\">de f\u00fatbol<\/a>\u00a0argentino y exjugador que dirige la\u00a0<a style=\"color: #000000;\" title=\"Selecci\u00f3n nacional de f\u00fatbol de Paraguay\" href=\"https:\/\/en.wikipedia.org\/wiki\/Paraguay_national_football_team\">selecci\u00f3n nacional de f\u00fatbol de Paraguay<\/a>\u00a0.<\/span><\/p>\n<p><span style=\"color: #000000;\">Aunque Alfaro tuvo una corta carrera como futbolista, fue capit\u00e1n del\u00a0<a style=\"color: #000000;\" title=\"Atl\u00e9tico de Rafaela\" href=\"https:\/\/en.wikipedia.org\/wiki\/Atl%C3%A9tico_de_Rafaela\">Atl\u00e9tico de Rafaela<\/a>\u00a0cuando ascendi\u00f3 a la\u00a0<a style=\"color: #000000;\" title=\"Primera Divisi\u00f3n Argentina\" href=\"https:\/\/en.wikipedia.org\/wiki\/Argentine_Primera_Divisi%C3%B3n\">Primera Divisi\u00f3n argentina<\/a>\u00a0en 1989. Alfaro se retir\u00f3 del f\u00fatbol en 1992 para concentrarse en su carrera como entrenador. Su primer t\u00edtulo de liga lleg\u00f3 con el Arsenal de Sarand\u00ed en el\u00a0<a style=\"color: #000000;\" title=\"Temporada 2011-12 de la Primera Divisi\u00f3n Argentina\" href=\"https:\/\/en.wikipedia.org\/wiki\/2011%E2%80%9312_Argentine_Primera_Divisi%C3%B3n_season#Torneo_Clausura\">Clausura 2012<\/a>\u00a0.<\/span><\/p>\n<div class=\"mw-heading mw-heading2\">\n<h2 id=\"Coaching_career\"><span style=\"color: #000000;\">Carrera de entrenador<\/span><\/h2>\n<\/div>\n<p><span style=\"color: #000000;\">Alfaro comenz\u00f3 su carrera como entrenador del Atl\u00e9tico de Rafaela y\u00a0<a class=\"mw-redirect\" style=\"color: #000000;\" title=\"Patronato de Paran\u00e1\" href=\"https:\/\/en.wikipedia.org\/wiki\/Patronato_de_Paran%C3%A1\">Patronato de Paran\u00e1<\/a>\u00a0a principios de la d\u00e9cada de 1990. Luego tuvo su primer per\u00edodo como entrenador de\u00a0<a style=\"color: #000000;\" title=\"Club Atl\u00e9tico Quilmes\" href=\"https:\/\/en.wikipedia.org\/wiki\/Quilmes_Atl%C3%A9tico_Club\">Quilmes<\/a>\u00a0y un segundo per\u00edodo en el Atl\u00e9tico de Rafaela.<\/span><\/p>\n<p><span style=\"color: #000000;\">En 2001, Alfaro se convirti\u00f3 en el entrenador de\u00a0<a style=\"color: #000000;\" title=\"Club Olimpo\" href=\"https:\/\/en.wikipedia.org\/wiki\/Club_Olimpo\">Olimpo<\/a>\u00a0y los llev\u00f3 al campeonato\u00a0<a class=\"mw-redirect\" style=\"color: #000000;\" title=\"Primera B Nacional\" href=\"https:\/\/en.wikipedia.org\/wiki\/Primera_B_Nacional\">de Primera B Nacional<\/a>\u00a0Apertura 2001 y al ascenso a la Primera.\u00a0<sup id=\"cite_ref-1\" class=\"reference\"><\/sup><\/span><\/p>\n<p><span style=\"color: #000000;\">En 2003, Alfaro llev\u00f3 a Quilmes al ascenso. Continu\u00f3 dirigiendo al equipo la temporada siguiente (\u00a0<a style=\"color: #000000;\" title=\"2003-04 Primera Divisi\u00f3n Argentina\" href=\"https:\/\/en.wikipedia.org\/wiki\/2003%E2%80%9304_Argentine_Primera_Divisi%C3%B3n\">2003-04<\/a>\u00a0), logrando un cuarto y un sexto puesto que les valieron la clasificaci\u00f3n a la\u00a0<a style=\"color: #000000;\" title=\"Copa Libertadores 2005\" href=\"https:\/\/en.wikipedia.org\/wiki\/2005_Copa_Libertadores\">Copa Libertadores de 2005<\/a>\u00a0y\u00a0<a style=\"color: #000000;\" title=\"Copa Sudamericana 2004\" href=\"https:\/\/en.wikipedia.org\/wiki\/2004_Copa_Sudamericana\">la Copa Sudamericana de 2004<\/a>\u00a0.<\/span><\/p>\n<p><span style=\"color: #000000;\">En su \u00fanica oportunidad en un club importante, Alfaro tuvo una etapa desastrosa en\u00a0<a style=\"color: #000000;\" title=\"San Lorenzo de Almagro\" href=\"https:\/\/en.wikipedia.org\/wiki\/San_Lorenzo_de_Almagro\">San Lorenzo<\/a>\u00a0antes de unirse\u00a0<a style=\"color: #000000;\" title=\"Arsenal de Sarand\u00ed\" href=\"https:\/\/en.wikipedia.org\/wiki\/Arsenal_de_Sarand%C3%AD\">al Arsenal de Sarand\u00ed<\/a>\u00a0a fines de 2006.\u00a0<sup id=\"cite_ref-2\" class=\"reference\"><\/sup><\/span><\/p>\n<p><span style=\"color: #000000;\">Alfaro ayud\u00f3 al Arsenal a conseguir dos quintos puestos, lo que le permiti\u00f3 clasificarse para la Copa Libertadores por primera vez en su historia. Tambi\u00e9n se clasificaron para la\u00a0<a style=\"color: #000000;\" title=\"Copa Sudamericana 2007\" href=\"https:\/\/en.wikipedia.org\/wiki\/2007_Copa_Sudamericana\">Copa Sudamericana de 2007<\/a>\u00a0, donde vencieron al campe\u00f3n argentino San Lorenzo en la ronda de clasificaci\u00f3n para conseguir un lugar en los octavos de final. En esa etapa, se enfrentaron al equipo brasile\u00f1o\u00a0<a style=\"color: #000000;\" title=\"Club de Deportes de Goi\u00e1s\" href=\"https:\/\/en.wikipedia.org\/wiki\/Goi%C3%A1s_Esporte_Clube\">Goi\u00e1s<\/a>\u00a0. El Arsenal gan\u00f3 3-2 en Brasil y registr\u00f3 un empate 1-1 en el partido de vuelta para ganar la eliminatoria 4-3 en el global, su primera victoria oficial sobre un rival extranjero. El Arsenal finalmente lleg\u00f3 a la final de la competici\u00f3n, dejando una estela de entrenadores despedidos en su camino, entre ellos\u00a0<a style=\"color: #000000;\" title=\"Daniel Passarella\" href=\"https:\/\/en.wikipedia.org\/wiki\/Daniel_Passarella\">Daniel Passarella<\/a>\u00a0, quien renunci\u00f3 a\u00a0<a style=\"color: #000000;\" title=\"Club Atl\u00e9tico River Plate\" href=\"https:\/\/en.wikipedia.org\/wiki\/Club_Atl%C3%A9tico_River_Plate\">River Plate<\/a>\u00a0tras su derrota ante el Arsenal en las semifinales.<\/span><\/p>\n<p><span style=\"color: #000000;\">En la final de la competici\u00f3n, el Arsenal empat\u00f3 4-4 con\u00a0<a style=\"color: #000000;\" title=\"Club Am\u00e9rica\" href=\"https:\/\/en.wikipedia.org\/wiki\/Club_Am%C3%A9rica\">el Am\u00e9rica<\/a>\u00a0de M\u00e9xico , ganando el t\u00edtulo por el\u00a0<a style=\"color: #000000;\" title=\"Regla de los goles de visitante\" href=\"https:\/\/en.wikipedia.org\/wiki\/Away_goals_rule\">criterio de goles de visitante<\/a>\u00a0. Este fue el primer gran campeonato en la historia del Arsenal de Sarand\u00ed y el primer t\u00edtulo importante de Alfaro.<\/span><\/p>\n<p><span style=\"color: #000000;\">Al final de la temporada\u00a0<a style=\"color: #000000;\" title=\"2007-08 Primera Divisi\u00f3n Argentina\" href=\"https:\/\/en.wikipedia.org\/wiki\/2007%E2%80%9308_Argentine_Primera_Divisi%C3%B3n\">2007-08<\/a>\u00a0, fue reemplazado por\u00a0<a style=\"color: #000000;\" title=\"Daniel Garnero\" href=\"https:\/\/en.wikipedia.org\/wiki\/Daniel_Garnero\">Daniel Garnero<\/a>\u00a0como entrenador del Arsenal. En octubre de 2008, fue nombrado entrenador de\u00a0<a style=\"color: #000000;\" title=\"Rosario Central\" href=\"https:\/\/en.wikipedia.org\/wiki\/Rosario_Central\">Rosario Central<\/a>\u00a0. En 2009, viaj\u00f3 a Arabia Saud\u00ed para trabajar en\u00a0<a class=\"mw-redirect\" style=\"color: #000000;\" title=\"Al-Ahli (Yeddah)\" href=\"https:\/\/en.wikipedia.org\/wiki\/Al-Ahli_(Jeddah)\">el Al-Ahli (Yeddah)<\/a>\u00a0; lleg\u00f3 con grandes expectativas de la afici\u00f3n. Permaneci\u00f3 como entrenador durante cuatro meses; el 20 de noviembre, dimiti\u00f3 por motivos personales.<\/span><\/p>\n<p><span style=\"color: #000000;\">El 17 de mayo de 2010, Arsenal de Sarand\u00ed confirm\u00f3 que el nuevo entrenador para la pr\u00f3xima temporada ser\u00eda Alfaro, quien lleg\u00f3 junto con los entrenadores asistentes Sergio Chiarelli, Carlos Gonz\u00e1lez y Claudio Cristofanelli.\u00a0<sup id=\"cite_ref-3\" class=\"reference\"><\/sup>\u00a0El 24 de junio de 2012, Alfaro lograr\u00eda su primer t\u00edtulo de liga cuando Arsenal gan\u00f3 su primer t\u00edtulo de liga en la historia del club.<\/span><\/p>\n<p><span style=\"color: #000000;\">El Torneo Final de 2014 se presentaba prometedor para Alfaro. Contaba con un excelente equipo que disputar\u00eda la\u00a0<a style=\"color: #000000;\" title=\"Copa Libertadores\" href=\"https:\/\/en.wikipedia.org\/wiki\/Copa_Libertadores\">Copa Libertadores<\/a>\u00a0. Para abril, el equipo tuvo p\u00e9simos resultados y anunci\u00f3 su salida del club a finales de junio. Sin embargo, fue despedido del club\u00a0<sup id=\"cite_ref-4\" class=\"reference\"><a style=\"color: #000000;\" href=\"https:\/\/en.wikipedia.org\/wiki\/Gustavo_Alfaro#cite_note-4\"><span class=\"cite-bracket\">[<\/span>\u00a04\u00a0<span class=\"cite-bracket\">]<\/span><\/a><\/sup>\u00a0y reemplazado por\u00a0<a style=\"color: #000000;\" title=\"Mart\u00edn Palermo\" href=\"https:\/\/en.wikipedia.org\/wiki\/Mart%C3%ADn_Palermo\">Mart\u00edn Palermo<\/a>\u00a0.<\/span><\/p>\n<p><span style=\"color: #000000;\">El 2 de enero de 2019,\u00a0<a style=\"color: #000000;\" title=\"Boca Juniors\" href=\"https:\/\/en.wikipedia.org\/wiki\/Boca_Juniors\">Boca Juniors<\/a><\/span><span style=\"color: #000000;\">\u00a0nombr\u00f3 a Gustavo Alfaro como su nuevo entrenador. Debut\u00f3 oficialmente el 27 de enero de 2019, empatando 1-1 contra Newell&#8217;s Old Boys por la Superliga 2018-19. En la competici\u00f3n nacional, termin\u00f3 tercero. El 2 de mayo, alz\u00f3 la Supercopa Argentina 2018 tras jugar contra Rosario Central, ganando en la tanda de penales por 6-5 tras empatar 0-0 en los noventa minutos. El 2 de junio, perdi\u00f3 0-2 contra el Club Tigre en la final de la Copa de la Superliga 2019 en C\u00f3rdoba. M\u00e1s all\u00e1 del t\u00edtulo obtenido, la prensa especializada critic\u00f3 a Alfaro por la falta de una ide<\/span>ntidad de juego clara en su equipo.<\/p>\n","protected":false},"excerpt":{"rendered":"<p>Tres nombre con historia en el f\u00fatbol del Chaco. En el centro el actual t\u00e9cnico de Paraguay, Gustavo Alfaro cuando jug\u00f3 para Villa Alvear un Torneo Regional llegado desde Rafaela en el centro. Adolfo L\u00f3pez y Palito Rosales a su lado. Gustavo Julio Alfaro\u00a0(nacido el 14 de agosto de 1962) es un\u00a0entrenador\u00a0de f\u00fatbol\u00a0argentino y exjugador &hellip;<\/p>\n","protected":false},"author":2,"featured_media":20743,"comment_status":"open","ping_status":"open","sticky":false,"template":"","format":"standard","meta":{"footnotes":""},"categories":[1],"tags":[],"class_list":["post-20742","post","type-post","status-publish","format-standard","has-post-thumbnail","hentry","category-fotos-del-recuerdo"],"_links":{"self":[{"href":"https:\/\/www.sportchaco.com.ar\/index.php?rest_route=\/wp\/v2\/posts\/20742","targetHints":{"allow":["GET"]}}],"collection":[{"href":"https:\/\/www.sportchaco.com.ar\/index.php?rest_route=\/wp\/v2\/posts"}],"about":[{"href":"https:\/\/www.sportchaco.com.ar\/index.php?rest_route=\/wp\/v2\/types\/post"}],"author":[{"embeddable":true,"href":"https:\/\/www.sportchaco.com.ar\/index.php?rest_route=\/wp\/v2\/users\/2"}],"replies":[{"embeddable":true,"href":"https:\/\/www.sportchaco.com.ar\/index.php?rest_route=%2Fwp%2Fv2%2Fcomments&post=20742"}],"version-history":[{"count":3,"href":"https:\/\/www.sportchaco.com.ar\/index.php?rest_route=\/wp\/v2\/posts\/20742\/revisions"}],"predecessor-version":[{"id":20746,"href":"https:\/\/www.sportchaco.com.ar\/index.php?rest_route=\/wp\/v2\/posts\/20742\/revisions\/20746"}],"wp:featuredmedia":[{"embeddable":true,"href":"https:\/\/www.sportchaco.com.ar\/index.php?rest_route=\/wp\/v2\/media\/20743"}],"wp:attachment":[{"href":"https:\/\/www.sportchaco.com.ar\/index.php?rest_route=%2Fwp%2Fv2%2Fmedia&parent=20742"}],"wp:term":[{"taxonomy":"category","embeddable":true,"href":"https:\/\/www.sportchaco.com.ar\/index.php?rest_route=%2Fwp%2Fv2%2Fcategories&post=20742"},{"taxonomy":"post_tag","embeddable":true,"href":"https:\/\/www.sportchaco.com.ar\/index.php?rest_route=%2Fwp%2Fv2%2Ftags&post=20742"}],"curies":[{"name":"wp","href":"https:\/\/api.w.org\/{rel}","templated":true}]}}