{"id":20749,"date":"2025-06-16T01:52:20","date_gmt":"2025-06-16T04:52:20","guid":{"rendered":"https:\/\/www.sportchaco.com.ar\/?p=20749"},"modified":"2025-06-16T02:04:26","modified_gmt":"2025-06-16T05:04:26","slug":"el-miercoles-se-completan-los-partidos-de-la-b","status":"publish","type":"post","link":"https:\/\/www.sportchaco.com.ar\/?p=20749","title":{"rendered":"El mi\u00e9rcoles se completan los partidos de la B"},"content":{"rendered":"<div class=\"entry-content entry clearfix\">\n<p><strong>16-06-2025<\/strong><\/p>\n<p><img loading=\"lazy\" decoding=\"async\" class=\"aligncenter wp-image-17927 size-large\" src=\"https:\/\/www.sportchaco.com.ar\/wp-content\/uploads\/2025\/04\/Banners-ruta-13_720x90-1-1-1024x128.gif\" sizes=\"auto, (max-width: 1024px) 100vw, 1024px\" srcset=\"https:\/\/www.sportchaco.com.ar\/wp-content\/uploads\/2025\/04\/Banners-ruta-13_720x90-1-1-1024x128.gif 1024w, https:\/\/www.sportchaco.com.ar\/wp-content\/uploads\/2025\/04\/Banners-ruta-13_720x90-1-1-300x37.gif 300w, https:\/\/www.sportchaco.com.ar\/wp-content\/uploads\/2025\/04\/Banners-ruta-13_720x90-1-1-768x96.gif 768w\" alt=\"\" width=\"1024\" height=\"128\" \/><\/p>\n<p>El campeonato Oficial de la Primera B de la Liga Chaque\u00f1a reprogram\u00f3 los partidos restantes de la 11\u00aa fecha. Los mismos se hab\u00edan suspendido el fin de semana por las lluvias.<\/p>\n<p>Los cinco encuentros pendientes ir\u00e1n este mi\u00e9rcoles 18 de junio desde las 16 horas.<\/p>\n<p><b><strong>TORNEO OFICIAL \u00abADRI\u00c1N DAR\u00cdO PARRA\u00bb<\/strong><br \/>\n<\/b><strong>TODA LA 11\u00aa FECHA<br \/>\nJueves 12-06<br \/>\n<\/strong>Dep. G\u00fciraldes 2 \u2013 Banfield 1<\/p>\n<p><strong>Viernes 13-06<\/strong><br \/>\nMunicipales 0 \u2013 C. E. de Comercio 0, en San Fernando<br \/>\nLos L\u00edricos 6 \u2013 Confraternidad 2, en Indep. Tirol<br \/>\nDep. Esperanza 1 \u2013 UPCP 4, en Bancarios<br \/>\nDEF 2 \u2013 Dep. Zona Sur 1, en Regional<br \/>\nDep. Barber\u00e1n 1 \u2013 Canallas del Sur 3, en Chaco Hebr\u00f3n<\/p>\n<p><strong>Mi\u00e9rcoles 18-06<\/strong><br \/>\nA las 16, Uni\u00f3n del Sur \u2013 Camioneros<br \/>\nA las 16, Centauro FC \u2013 FC Barber\u00e1n, en Central Norte<br \/>\nA las 16, Bariloche FC \u2013 Chaco Hebr\u00f3n, en Canallas del Sur<br \/>\nA las 16, V\u00e9lez \u2013 San Fernando<br \/>\nA las 16, Dogos \u2013 Dep. Sameep, en Chaco Hebr\u00f3n<\/p>\n<p><strong>Libre:<\/strong>\u00a0Parque Patricios<\/p>\n<p><strong>POSICIONES<\/strong><br \/>\nLos L\u00edricos 29<br \/>\nC. E. de Comercio 25<br \/>\nDep. G\u00fciraldes 25<br \/>\nParque Patricios 23<br \/>\nDep. Esperanza 20<br \/>\nCanallas del Sur 18<br \/>\nMunicipales 18<br \/>\nBanfield 17<br \/>\nSan Fernando 17<br \/>\nUPCP 16<br \/>\nFC Barber\u00e1n 13<br \/>\nConfraternidad 12<br \/>\nUni\u00f3n del Sur 12<br \/>\nDep. Barber\u00e1n 10<br \/>\nDEF 9<br \/>\nDogos 9<br \/>\nDep. Sameep 9<br \/>\nV\u00e9lez 9<br \/>\nCamioneros 8<br \/>\nChaco Hebr\u00f3n 8<br \/>\nDep. Zona Sur 7<br \/>\nBariloche FC 3<br \/>\nCentauro FC 3<\/p>\n<p><em><strong>Foto: Gentileza Esteban Latorre<\/strong><\/em><\/p>\n<p><img loading=\"lazy\" decoding=\"async\" class=\"aligncenter wp-image-17935 size-large\" src=\"https:\/\/www.sportchaco.com.ar\/wp-content\/uploads\/2025\/04\/Red-de-empleos-1080x1350-2-819x1024.gif\" sizes=\"auto, (max-width: 819px) 100vw, 819px\" srcset=\"https:\/\/www.sportchaco.com.ar\/wp-content\/uploads\/2025\/04\/Red-de-empleos-1080x1350-2-819x1024.gif 819w, https:\/\/www.sportchaco.com.ar\/wp-content\/uploads\/2025\/04\/Red-de-empleos-1080x1350-2-240x300.gif 240w, https:\/\/www.sportchaco.com.ar\/wp-content\/uploads\/2025\/04\/Red-de-empleos-1080x1350-2-768x960.gif 768w, https:\/\/www.sportchaco.com.ar\/wp-content\/uploads\/2025\/04\/Red-de-empleos-1080x1350-2-1229x1536.gif 1229w, https:\/\/www.sportchaco.com.ar\/wp-content\/uploads\/2025\/04\/Red-de-empleos-1080x1350-2-1638x2048.gif 1638w\" alt=\"\" width=\"819\" height=\"1024\" \/><\/p>\n<\/div>\n","protected":false},"excerpt":{"rendered":"<p>16-06-2025 El campeonato Oficial de la Primera B de la Liga Chaque\u00f1a reprogram\u00f3 los partidos restantes de la 11\u00aa fecha. Los mismos se hab\u00edan suspendido el fin de semana por las lluvias. Los cinco encuentros pendientes ir\u00e1n este mi\u00e9rcoles 18 de junio desde las 16 horas. TORNEO OFICIAL \u00abADRI\u00c1N DAR\u00cdO PARRA\u00bb TODA LA 11\u00aa FECHA &hellip;<\/p>\n","protected":false},"author":3,"featured_media":20751,"comment_status":"open","ping_status":"open","sticky":false,"template":"","format":"standard","meta":{"footnotes":""},"categories":[5],"tags":[],"class_list":["post-20749","post","type-post","status-publish","format-standard","has-post-thumbnail","hentry","category-futbol"],"_links":{"self":[{"href":"https:\/\/www.sportchaco.com.ar\/index.php?rest_route=\/wp\/v2\/posts\/20749","targetHints":{"allow":["GET"]}}],"collection":[{"href":"https:\/\/www.sportchaco.com.ar\/index.php?rest_route=\/wp\/v2\/posts"}],"about":[{"href":"https:\/\/www.sportchaco.com.ar\/index.php?rest_route=\/wp\/v2\/types\/post"}],"author":[{"embeddable":true,"href":"https:\/\/www.sportchaco.com.ar\/index.php?rest_route=\/wp\/v2\/users\/3"}],"replies":[{"embeddable":true,"href":"https:\/\/www.sportchaco.com.ar\/index.php?rest_route=%2Fwp%2Fv2%2Fcomments&post=20749"}],"version-history":[{"count":2,"href":"https:\/\/www.sportchaco.com.ar\/index.php?rest_route=\/wp\/v2\/posts\/20749\/revisions"}],"predecessor-version":[{"id":20755,"href":"https:\/\/www.sportchaco.com.ar\/index.php?rest_route=\/wp\/v2\/posts\/20749\/revisions\/20755"}],"wp:featuredmedia":[{"embeddable":true,"href":"https:\/\/www.sportchaco.com.ar\/index.php?rest_route=\/wp\/v2\/media\/20751"}],"wp:attachment":[{"href":"https:\/\/www.sportchaco.com.ar\/index.php?rest_route=%2Fwp%2Fv2%2Fmedia&parent=20749"}],"wp:term":[{"taxonomy":"category","embeddable":true,"href":"https:\/\/www.sportchaco.com.ar\/index.php?rest_route=%2Fwp%2Fv2%2Fcategories&post=20749"},{"taxonomy":"post_tag","embeddable":true,"href":"https:\/\/www.sportchaco.com.ar\/index.php?rest_route=%2Fwp%2Fv2%2Ftags&post=20749"}],"curies":[{"name":"wp","href":"https:\/\/api.w.org\/{rel}","templated":true}]}}