{"id":20760,"date":"2025-06-16T23:17:53","date_gmt":"2025-06-17T02:17:53","guid":{"rendered":"https:\/\/www.sportchaco.com.ar\/?p=20760"},"modified":"2025-06-17T09:59:50","modified_gmt":"2025-06-17T12:59:50","slug":"efemerides-del-17-de-junio-2","status":"publish","type":"post","link":"https:\/\/www.sportchaco.com.ar\/?p=20760","title":{"rendered":"Efem\u00e9rides del 17 de junio"},"content":{"rendered":"<div class=\"container fullwidth-entry-title-wrapper\">\n<div class=\"container-wrapper fullwidth-entry-title\">\n<header class=\"entry-header-outer\">\n<div class=\"entry-header\">\n<h1 class=\"post-title entry-title\"><\/h1>\n<div class=\"single-post-meta post-meta clearfix\"><\/div>\n<\/div>\n<\/header>\n<\/div>\n<\/div>\n<div id=\"content\" class=\"site-content container\">\n<div id=\"main-content-row\" class=\"tie-row main-content-row\">\n<div class=\"main-content tie-col-md-8 tie-col-xs-12\" role=\"main\">\n<article id=\"the-post\" class=\"container-wrapper post-content tie-standard\">\n<div class=\"featured-area\">\n<div class=\"featured-area-inner\"><\/div>\n<\/div>\n<div class=\"entry-content entry clearfix\">\n<h4><strong>Esta es la Efem\u00e9rides del Deporte en el Chaco de un 17 de junio del periodista Luis Dar\u00edo Molodezky.<\/strong><\/h4>\n<p>&nbsp;<\/p>\n<p style=\"text-align: center;\"><img loading=\"lazy\" decoding=\"async\" class=\"alignnone size-medium wp-image-20513\" src=\"https:\/\/www.sportchaco.com.ar\/wp-content\/uploads\/2025\/06\/Luis-2025-marzo-3-2-e1749824875302-300x217.jpg\" alt=\"\" width=\"300\" height=\"217\" srcset=\"https:\/\/www.sportchaco.com.ar\/wp-content\/uploads\/2025\/06\/Luis-2025-marzo-3-2-e1749824875302-300x217.jpg 300w, https:\/\/www.sportchaco.com.ar\/wp-content\/uploads\/2025\/06\/Luis-2025-marzo-3-2-e1749824875302.jpg 715w\" sizes=\"auto, (max-width: 300px) 100vw, 300px\" \/><\/p>\n<p><strong>\u00a0<\/strong><\/p>\n<p><strong>1936 \/ <\/strong>Nace en Zaragoza, Espa\u00f1a, el periodista, publicista y dirigente deportivo Emilio Miguel Lagranja<strong>. <\/strong>Fue un \u00edcono de la locuci\u00f3n chaque\u00f1a. De voz potente y clara, dejaba su sello ante cada mensaje. Hizo historia en radio y televisi\u00f3n, durante m\u00e1s de 64 a\u00f1os. Fundador del programa Sapucai entre otros, luego de su gran suceso \u201cFor Ever en el espacio\u201d. Fue director de LR A Radio Nacional Resistencia y cre\u00f3 su propia emisora en FM, Radio Sapucai. Fue presidente y socio honorario del C\u00edrculo de Periodistas Deportivos del Chaco. Titular en varios periodos del club Yap\u00fa Guaz\u00fa y del Rotary Resistencia. Fue dirigente, socio y colaborador de For Ever. Falleci\u00f3 el 21 de marzo de 2023 a los 84 a\u00f1os<\/p>\n<p><strong>1949\u00a0<\/strong>\/ Hind\u00fa Club despu\u00e9s de doce a\u00f1os, se consagra campe\u00f3n del Torneo Oficial de la Federaci\u00f3n de B\u00e1squet, al vencer en la final a Villa San Mart\u00edn por 24 a 23. Fueron goleadores del encuentro, Jorge Lindstrom (H) y V\u00edctor Romero (VSM) con 9 tantos cada uno.<\/p>\n<p><strong>1954\u00a0<\/strong>\/ El Club Regatas designa entrenador de la secci\u00f3n remos a \u00c1ngel Gonz\u00e1lez.<\/p>\n<p><strong>1989\u00a0<\/strong>\/ Chaco For Ever empata el segundo partido con River por la Liguilla Pre Libertadores en el estadio Monumental uno a uno, con goles de Zamora para el local y Di Marco para los chaque\u00f1os. En el partido de ida en el Chaco hab\u00eda ganado River por cinco a uno. For Ever form\u00f3 con Ferlatti; Valdez, Di Marco, Freyre y Esquivel; Fiorio, Sperand\u00edo (Colman), Arguello (Ortol\u00e1) y Ben\u00edtez; Noremberg y Fern\u00e1ndez. DT: Palavecino.<\/p>\n<p><strong>2010 <\/strong>\/ Fallece a los 74 a\u00f1os el maestro periodista y dirigente deportivo Eduardo Rub\u00e9n Ferreyra Fue maestro rural y su andar en motos lo entusiasm\u00f3 por lo que se vincul\u00f3 a la ACHAMO, donde fue secretario. Una audici\u00f3n en LT5 le dio la oportunidad de dar sus primeros pasos en la actividad. \u00a0Entre sus programas m\u00e1s notables en radio estuvieron Acelerando, Panorama Deportivo, Deportivas Chaco. Aceleraci\u00f3n Sabatina, el Rinc\u00f3n del Transportista, Medalla al M\u00e9rito, Util\u00edsima, La Voz de Villa Angela, Bolet\u00edn del Consejo de Educaci\u00f3n, Informa La Asociaci\u00f3n Chaque\u00f1a de Motociclistas, Historias Chicas del Chaco, M\u00fasica y Mec\u00e1nica, Sarmiento en Marcha. Transmiti\u00f3 el zonal, Vueltas del Chaco y hasta la F-1 desde Buenos Aires e Interlagos Brasil. Transmisiones de f\u00fatbol local, nacionales desde todo el pa\u00eds acompa\u00f1ando a For Ever, Don Orione y Sarmiento. B\u00e1squet local, nacional e internacional desde el Luna Park. El boxeo tambi\u00e9n lo tuvo como relator. En gr\u00e1fica hizo los suplementos de automovilismo con el nombre de Acelerando, en revista y diarios locales. Fue funcionario provincial como director de prensa. Falleci\u00f3 el 17 de junio de 2010. Hab\u00eda nacido en Villa Guillermina, Santa Fe, el 21 de marzo de 1936<\/p>\n<p><strong>2021 \/\u00a0<\/strong>A los 84 a\u00f1os falleci\u00f3 el exjugador, entrenador y dirigente Waldemar Santos Oliveira. Fue arquero de Sarmiento, For Ever Independiente Tirol, V\u00e9lez de Buenos Aires, Col\u00f3n de Santa Fe, Guaran\u00ed de Paraguay y termin\u00f3 en Estudiantes. Fue integrante del Seleccionado de la Liga Chaque\u00f1a. Como t\u00e9cnico se inici\u00f3 en inferiores de For Ever, sigui\u00f3 en Estudiantes, Resistencia Central, Central Norte, Villa Alvear y Sarmiento. Durante 30 a\u00f1os estuvo ligado a Don Bosco, donde ocup\u00f3 diferentes cargos y durante 10 ejerci\u00f3 la presidencia. Fue fundador de la Federaci\u00f3n Chaque\u00f1a de Handball y primer titular de la Federaci\u00f3n Chaque\u00f1a de Box. Hab\u00eda nacido el 2 de agosto de 1936 en Presidencia Roque S\u00e1enz Pe\u00f1a.<\/p>\n<p>&nbsp;<\/p>\n<\/div>\n<\/article>\n<\/div>\n<\/div>\n<\/div>\n","protected":false},"excerpt":{"rendered":"<p>Esta es la Efem\u00e9rides del Deporte en el Chaco de un 17 de junio del periodista Luis Dar\u00edo Molodezky. &nbsp; \u00a0 1936 \/ Nace en Zaragoza, Espa\u00f1a, el periodista, publicista y dirigente deportivo Emilio Miguel Lagranja. Fue un \u00edcono de la locuci\u00f3n chaque\u00f1a. De voz potente y clara, dejaba su sello ante cada mensaje. Hizo &hellip;<\/p>\n","protected":false},"author":2,"featured_media":20765,"comment_status":"open","ping_status":"open","sticky":false,"template":"","format":"standard","meta":{"footnotes":""},"categories":[45],"tags":[],"class_list":["post-20760","post","type-post","status-publish","format-standard","has-post-thumbnail","hentry","category-efemerides-dia-por-dia"],"_links":{"self":[{"href":"https:\/\/www.sportchaco.com.ar\/index.php?rest_route=\/wp\/v2\/posts\/20760","targetHints":{"allow":["GET"]}}],"collection":[{"href":"https:\/\/www.sportchaco.com.ar\/index.php?rest_route=\/wp\/v2\/posts"}],"about":[{"href":"https:\/\/www.sportchaco.com.ar\/index.php?rest_route=\/wp\/v2\/types\/post"}],"author":[{"embeddable":true,"href":"https:\/\/www.sportchaco.com.ar\/index.php?rest_route=\/wp\/v2\/users\/2"}],"replies":[{"embeddable":true,"href":"https:\/\/www.sportchaco.com.ar\/index.php?rest_route=%2Fwp%2Fv2%2Fcomments&post=20760"}],"version-history":[{"count":4,"href":"https:\/\/www.sportchaco.com.ar\/index.php?rest_route=\/wp\/v2\/posts\/20760\/revisions"}],"predecessor-version":[{"id":20789,"href":"https:\/\/www.sportchaco.com.ar\/index.php?rest_route=\/wp\/v2\/posts\/20760\/revisions\/20789"}],"wp:featuredmedia":[{"embeddable":true,"href":"https:\/\/www.sportchaco.com.ar\/index.php?rest_route=\/wp\/v2\/media\/20765"}],"wp:attachment":[{"href":"https:\/\/www.sportchaco.com.ar\/index.php?rest_route=%2Fwp%2Fv2%2Fmedia&parent=20760"}],"wp:term":[{"taxonomy":"category","embeddable":true,"href":"https:\/\/www.sportchaco.com.ar\/index.php?rest_route=%2Fwp%2Fv2%2Fcategories&post=20760"},{"taxonomy":"post_tag","embeddable":true,"href":"https:\/\/www.sportchaco.com.ar\/index.php?rest_route=%2Fwp%2Fv2%2Ftags&post=20760"}],"curies":[{"name":"wp","href":"https:\/\/api.w.org\/{rel}","templated":true}]}}