{"id":20804,"date":"2025-06-17T11:00:59","date_gmt":"2025-06-17T14:00:59","guid":{"rendered":"https:\/\/www.sportchaco.com.ar\/?p=20804"},"modified":"2025-06-17T11:00:59","modified_gmt":"2025-06-17T14:00:59","slug":"el-festejo-de-otamendi-todos-saben-que-soy-hincha-de-river","status":"publish","type":"post","link":"https:\/\/www.sportchaco.com.ar\/?p=20804","title":{"rendered":"El festejo de Otamendi: \u00abTodos saben que soy hincha de River\u00bb"},"content":{"rendered":"<header class=\"article-header-wrapper\">\n<div class=\"article-header\">\n<h4 id=\"el-sugestivo-posteo-de-nicolas-otamendi-tras-su-gol-a-boca-juniors-que-le-permitio-a-benfica-rescatar-un-empate-en-el-mundial-de-clubes\" class=\"display-block article-headline text_align_left\">El sugestivo posteo de Nicol\u00e1s Otamendi tras su gol a Boca Juniors que le permiti\u00f3 a Benfica rescatar un empate en el Mundial de Clubes.El defensor de 37 a\u00f1os fue el gran protagonista del duelo por el Grupo C con un tanto que grit\u00f3 de cara a los fan\u00e1ticos del Xeneize. \u201cTodo el mundo sabe que soy hincha de River\u201d, aclar\u00f3.<\/h4>\n<\/div>\n<\/header>\n<article class=\"article\">\n<div class=\"sharebar-container display_flex\"><\/div>\n<div class=\"body-article \">\n<div class=\"visual__image\"><picture><source srcset=\"https:\/\/www.infobae.com\/resizer\/v2\/XDOHIYUNVNAYDDBCSIL2K5AGLI.jpg?auth=0ff09ec72b19a09ccc40f2efa3280b0825d3c02dc5e38783b736f6f551bea897&amp;smart=true&amp;width=992&amp;height=661&amp;quality=85\" media=\"(min-width: 1000px)\" \/><source srcset=\"https:\/\/www.infobae.com\/resizer\/v2\/XDOHIYUNVNAYDDBCSIL2K5AGLI.jpg?auth=0ff09ec72b19a09ccc40f2efa3280b0825d3c02dc5e38783b736f6f551bea897&amp;smart=true&amp;width=768&amp;height=512&amp;quality=85\" media=\"(min-width: 768px)\" \/><source srcset=\"https:\/\/www.infobae.com\/resizer\/v2\/XDOHIYUNVNAYDDBCSIL2K5AGLI.jpg?auth=0ff09ec72b19a09ccc40f2efa3280b0825d3c02dc5e38783b736f6f551bea897&amp;smart=true&amp;width=577&amp;height=385&amp;quality=85\" media=\"(min-width: 580px)\" \/><source srcset=\"https:\/\/www.infobae.com\/resizer\/v2\/XDOHIYUNVNAYDDBCSIL2K5AGLI.jpg?auth=0ff09ec72b19a09ccc40f2efa3280b0825d3c02dc5e38783b736f6f551bea897&amp;smart=true&amp;width=420&amp;height=280&amp;quality=85\" media=\"(min-width: 350px)\" \/><source srcset=\"https:\/\/www.infobae.com\/resizer\/v2\/XDOHIYUNVNAYDDBCSIL2K5AGLI.jpg?auth=0ff09ec72b19a09ccc40f2efa3280b0825d3c02dc5e38783b736f6f551bea897&amp;smart=true&amp;width=350&amp;height=233&amp;quality=85\" media=\"(min-width: 80px)\" \/><img loading=\"lazy\" decoding=\"async\" class=\"global-image\" src=\"https:\/\/www.infobae.com\/resizer\/v2\/XDOHIYUNVNAYDDBCSIL2K5AGLI.jpg?auth=0ff09ec72b19a09ccc40f2efa3280b0825d3c02dc5e38783b736f6f551bea897&amp;smart=true&amp;width=350&amp;height=233&amp;quality=85\" alt=\"El posteo de Nicol\u00e1s Otamendi\" width=\"1920\" height=\"1361\" \/><\/picture>El posteo de Nicol\u00e1s Otamendi tras su actuaci\u00f3n clave ante Boca Juniors<\/div>\n<p class=\"paragraph\"><b>Nicol\u00e1s Otamendi<\/b>\u00a0fue el gran protagonista del electrizante duelo que marc\u00f3 el estreno de\u00a0<b>Boca Juniors<\/b>\u00a0en el\u00a0<b>Mundial de Clubes<\/b>. El defensor argentino fue clave para que el\u00a0<b>Benfica\u00a0<\/b>recorte los dos goles que hab\u00eda sufrido en el primer tiempo y se lleve un\u00a0<a title=\"https:\/\/www.infobae.com\/deportes\/2025\/06\/16\/boca-juniors-tendra-su-estreno-en-el-mundial-de-clubes-frente-al-benfica-de-di-maria-hora-tv-y-formaciones\/\" href=\"https:\/\/www.infobae.com\/deportes\/2025\/06\/16\/boca-juniors-tendra-su-estreno-en-el-mundial-de-clubes-frente-al-benfica-de-di-maria-hora-tv-y-formaciones\/\" target=\"_blank\" rel=\"noopener noreferrer\">empate 2-2 sobre el final<\/a>\u00a0en el\u00a0<i>Hard Rock Stadium de Miami\u00a0<\/i>en el duelo que marc\u00f3 el\u00a0<a title=\"https:\/\/www.infobae.com\/deportes\/2025\/06\/17\/empato-boca-y-ganaron-chelsea-y-flamengo-todos-los-goles-del-tercer-dia-del-mundial-de-clubes-y-las-posiciones\/\" href=\"https:\/\/www.infobae.com\/deportes\/2025\/06\/17\/empato-boca-y-ganaron-chelsea-y-flamengo-todos-los-goles-del-tercer-dia-del-mundial-de-clubes-y-las-posiciones\/\" target=\"_blank\" rel=\"noopener noreferrer\">estreno de ambos por el Grupo C<\/a>.<\/p>\n<p class=\"paragraph\">El capit\u00e1n del elenco portugu\u00e9s subi\u00f3 a su feed de\u00a0<i>Instagram<\/i>\u00a0<b>19 fotos de su actuaci\u00f3n<\/b>\u00a0en este <span style=\"color: #000000;\">encuentro, pero eligi\u00f3\u00a0<b>abrir el posteo con cinco escenas de su tanto de cabeza<\/b>. En el festejo\u00a0<a style=\"color: #000000;\" title=\"https:\/\/www.infobae.com\/deportes\/2025\/06\/17\/el-gol-de-otamendi-que-decreto-el-empate-entre-benfica-y-boca-su-grito-euforico-de-cara-a-la-hinchada-xeneize\/\" href=\"https:\/\/www.infobae.com\/deportes\/2025\/06\/17\/el-gol-de-otamendi-que-decreto-el-empate-entre-benfica-y-boca-su-grito-euforico-de-cara-a-la-hinchada-xeneize\/\" target=\"_blank\" rel=\"noopener noreferrer\">se lo vio\u00a0<b>gritando de cara a unas de las tribunas<\/b><\/a>, que<\/span> tuvieron una nutrida concurrencia de fan\u00e1ticos del\u00a0<i>Xeneize<\/i>. Tras poner una citaci\u00f3n a su club y al torneo en el texto, eligi\u00f3 musicalizar con el tema\u00a0<i><b>\u201cPara la gilada\u201d<\/b><\/i>, de la banda de cumbia \u201cMeta Guacha\u201d.<\/p>\n<p class=\"paragraph\"><b>\u201cSalte capit\u00e1n\u201d<\/b>, le firm\u00f3 su compa\u00f1ero\u00a0<b>\u00c1ngel Di Mar\u00eda<\/b>.\u00a0<b>\u201c\u00cddolo\u201d<\/b>, se sum\u00f3 el delantero brasile\u00f1o\u00a0<b>Arthur Cabral<\/b>, que acaba de dejar Benfica para\u00a0<span style=\"color: #000000;\"><a style=\"color: #000000;\" title=\"https:\/\/www.infobae.com\/deportes\/2025\/06\/09\/atento-boca-juniors-botafogo-anuncio-la-contratacion-de-una-de-las-figuras-del-benfica\/\" href=\"https:\/\/www.infobae.com\/deportes\/2025\/06\/09\/atento-boca-juniors-botafogo-anuncio-la-contratacion-de-una-de-las-figuras-del-benfica\/\" target=\"_blank\" rel=\"noopener noreferrer\">disputar el Mundial de Clubes en Botafogo<\/a>, una transferencia que signific\u00f3 un costo en torno<\/span> a los 15 millones de euros para el club sudamericano. Entre los \u201cme gusta\u201d del posteo hubo otros jugadores destacados como el arquero de la selecci\u00f3n argentina Walter Ben\u00edtez, el ex guardametas\u00a0<i>albiceleste<\/i>\u00a0Mariano And\u00fajar, el defensor del Manchester United Lisandro Mart\u00ednez o el ex mediocampista Javier Pastore.<\/p>\n<p class=\"paragraph\"><b>\u201cTodo el mundo sabe que soy hincha de River. Y meter un gol lo festejo como cualquier gol que le convierta a cualquier rival. La verdad que son goles que uno tiene que festejarlos, me toc\u00f3 festejarlos\u201d<\/b>, dijo el futbolista de 37 a\u00f1os en zona mixta luego. \u201c<b>Todo el partido me silbaron, se dio que yo tenga que meter el gol y muy feliz<\/b>.\u00a0<b>Lo grit\u00e9 mucho como todos los goles que me toca convertir<\/b>. M\u00e1s que feliz. Sab\u00edamos la exigencia que nos iban a dar ellos y nosotros tambi\u00e9n deb\u00edamos mentalizarnos en hacerlo bien para poder obtener los tres puntos. El pr\u00f3ximo partido para nosotros tambi\u00e9n tiene que ser una final como hoy\u201d, agreg\u00f3 con mira al duelo ante Auckland.<\/p>\n<p class=\"paragraph\">\u201c\u00cdbamos 2-0 abajo y mi gol sirvi\u00f3 para poder empatar.\u00a0<b>Ya sabemos c\u00f3mo juega Boca, lo exigente que es en los duelos y esas cosas<\/b>. Encontramos el empate y muy feliz. Sabemos que ellos en los duelos son fuertes. Enfrentar siempre a un equipo argentino despu\u00e9s de mucho tiempo creo que es lindo, es una competici\u00f3n que hay que disfrutar y hacerlo de la mejor forma posible para nosotros en la personal seguir avanzando\u201d, analiz\u00f3.<\/p>\n<div class=\"rawHTML raw_html \">\n<div class=\"container-video\"><iframe class=\"responsive-iframe-video\" title=\"video-espn\" src=\"https:\/\/www.espn.com.ar\/core\/video\/iframe?id=15319597&amp;endcard=false&amp;omniReportSuite=wdgespge\" allowfullscreen=\"allowfullscreen\" data-mce-fragment=\"1\"><\/iframe><\/div>\n<\/div>\n<p class=\"paragraph\">Al mismo tiempo, se refiri\u00f3 a los pasos a seguir en su carrera, teniendo en cuenta que todav\u00eda no se sabe si continuar\u00e1 en Portugal: \u201cTodav\u00eda mi futuro no lo tengo resuelto. Estoy disfrutando de esta competici\u00f3n, que es una competici\u00f3n que le gustar\u00eda a cualquier jugador\u201d.<\/p>\n<p class=\"paragraph\">El defensor de la Selecci\u00f3n fue protagonista tambi\u00e9n de las tapas de los principales medios deportivos de Portugal.<b>\u00a0\u201cCapit\u00e1n Am\u00e9rica\u201d<\/b>, lo defini\u00f3 el peri\u00f3dico\u00a0<i>A Bola<\/i>, que destac\u00f3 que adem\u00e1s del tanto tambi\u00e9n fue protagonista del penal que \u00c1ngel Di Mar\u00eda cambi\u00f3 por el descuento sobre el cierre de la primera etapa.\u00a0<b>\u201cNico cala boca\u201d<\/b>, titul\u00f3 el\u00a0<i>R\u00e9cord<\/i>\u00a0en su edici\u00f3n de papel, en un juego de palabras aprovechando al rival. El diario\u00a0<i>O Jogo<\/i>\u00a0no puso una foto de Otamendi en su portada, pero hizo tambi\u00e9n un juego de palabras:<b>\u00a0\u201cAmargo de boca\u201d<\/b>\u00a0(amargo en la boca), en referencia a que sufrieron dos goles en seis minutos y debieron alcanzar un empate sobre el final.<\/p>\n<div class=\"rawHTML raw_html \">\n<div class=\"twitter-tweet twitter-tweet-rendered\"><iframe id=\"twitter-widget-0\" class=\"\" title=\"X Post\" src=\"https:\/\/platform.twitter.com\/embed\/Tweet.html?creatorScreenName=infobae&amp;dnt=false&amp;embedId=twitter-widget-0&amp;features=eyJ0ZndfdGltZWxpbmVfbGlzdCI6eyJidWNrZXQiOltdLCJ2ZXJzaW9uIjpudWxsfSwidGZ3X2ZvbGxvd2VyX2NvdW50X3N1bnNldCI6eyJidWNrZXQiOnRydWUsInZlcnNpb24iOm51bGx9LCJ0ZndfdHdlZXRfZWRpdF9iYWNrZW5kIjp7ImJ1Y2tldCI6Im9uIiwidmVyc2lvbiI6bnVsbH0sInRmd19yZWZzcmNfc2Vzc2lvbiI6eyJidWNrZXQiOiJvbiIsInZlcnNpb24iOm51bGx9LCJ0ZndfZm9zbnJfc29mdF9pbnRlcnZlbnRpb25zX2VuYWJsZWQiOnsiYnVja2V0Ijoib24iLCJ2ZXJzaW9uIjpudWxsfSwidGZ3X21peGVkX21lZGlhXzE1ODk3Ijp7ImJ1Y2tldCI6InRyZWF0bWVudCIsInZlcnNpb24iOm51bGx9LCJ0ZndfZXhwZXJpbWVudHNfY29va2llX2V4cGlyYXRpb24iOnsiYnVja2V0IjoxMjA5NjAwLCJ2ZXJzaW9uIjpudWxsfSwidGZ3X3Nob3dfYmlyZHdhdGNoX3Bpdm90c19lbmFibGVkIjp7ImJ1Y2tldCI6Im9uIiwidmVyc2lvbiI6bnVsbH0sInRmd19kdXBsaWNhdGVfc2NyaWJlc190b19zZXR0aW5ncyI6eyJidWNrZXQiOiJvbiIsInZlcnNpb24iOm51bGx9LCJ0ZndfdXNlX3Byb2ZpbGVfaW1hZ2Vfc2hhcGVfZW5hYmxlZCI6eyJidWNrZXQiOiJvbiIsInZlcnNpb24iOm51bGx9LCJ0ZndfdmlkZW9faGxzX2R5bmFtaWNfbWFuaWZlc3RzXzE1MDgyIjp7ImJ1Y2tldCI6InRydWVfYml0cmF0ZSIsInZlcnNpb24iOm51bGx9LCJ0ZndfbGVnYWN5X3RpbWVsaW5lX3N1bnNldCI6eyJidWNrZXQiOnRydWUsInZlcnNpb24iOm51bGx9LCJ0ZndfdHdlZXRfZWRpdF9mcm9udGVuZCI6eyJidWNrZXQiOiJvbiIsInZlcnNpb24iOm51bGx9fQ%3D%3D&amp;frame=false&amp;hideCard=false&amp;hideThread=false&amp;id=1934761570246021495&amp;lang=es&amp;maxWidth=560px&amp;origin=https%3A%2F%2Fwww.infobae.com%2Fdeportes%2F2025%2F06%2F17%2Fel-sugestivo-posteo-de-nicolas-otamendi-tras-el-gol-que-le-anoto-a-boca-juniors-y-le-permitio-a-benfica-rescatar-un-empate-en-el-mundial-de-clubes%2F&amp;sessionId=ba69596220eb98de647290932f0d1de376ec95d2&amp;siteScreenName=infobae&amp;theme=light&amp;widgetsVersion=2615f7e52b7e0%3A1702314776716&amp;width=550px\" frameborder=\"0\" scrolling=\"no\" allowfullscreen=\"allowfullscreen\" data-tweet-id=\"1934761570246021495\" data-mce-fragment=\"1\"><\/iframe><\/div>\n<\/div>\n<p class=\"paragraph\"><b>\u201cNunca se sabe. Todav\u00eda me queda un a\u00f1o de contrato con Benfica y trato por respeto al club estar enfocado siempre ac\u00e1\u201d<\/b>, hab\u00eda dicho\u00a0<a title=\"https:\/\/www.infobae.com\/deportes\/2024\/10\/04\/otamendi-volvio-a-hablar-sobre-su-posible-llegada-a-river-plate-y-dejo-una-frase-que-ilusiono-a-los-hinchas\/\" href=\"https:\/\/www.infobae.com\/deportes\/2024\/10\/04\/otamendi-volvio-a-hablar-sobre-su-posible-llegada-a-river-plate-y-dejo-una-frase-que-ilusiono-a-los-hinchas\/\" target=\"_blank\" rel=\"noopener noreferrer\">hace unos meses el\u00a0<i>General<\/i>\u00a0en di\u00e1logo con ESPN<\/a>\u00a0sobre un posible arribo a River. \u201cUna vez que finalice el contrato se ver\u00e1 que ser\u00e1 de mi futuro. No quiero ilusionar a la gente porque sino me cagan a puteadas pero saben que soy hincha, miro todos los partidos, tengo un mont\u00f3n de relaci\u00f3n con los dirigentes y con los chicos que est\u00e1n en el club. Dios dir\u00e1 lo que pasa de ac\u00e1 a mi fin de contrato\u201d, agreg\u00f3.<\/p>\n<p class=\"paragraph\">Otamendi surgi\u00f3 de\u00a0<b>V\u00e9lez\u00a0<\/b>en la temporada 2007\/08, pero desde hace 15 a\u00f1os milita en el exterior. Emigr\u00f3 inicialmente al\u00a0<b>Porto de Portugal<\/b>, tuvo un breve retorno a Sudam\u00e9rica para jugar en el\u00a0<b>Atl\u00e9tico Mineiro de Brasil<\/b>\u00a0durante una parte del 2014 pero inmediatamente regres\u00f3 a Europa para jugar en\u00a0<b>Valencia de Espa\u00f1a<\/b>\u00a0y posteriormente en\u00a0<b>Manchester City de Inglaterra<\/b>, club en el que se asent\u00f3 como un referente a lo largo de cinco a\u00f1os. Desde 2020 es uno de los pilares del\u00a0<b>Benfica<\/b>, aunque todav\u00eda no se sabe si seguir\u00e1 en ese club.<\/p>\n<div class=\"visual__image\"><picture><source srcset=\"https:\/\/www.infobae.com\/resizer\/v2\/IJHZQYDZ2JEX7K2YYC4PZAQCBI.jpg?auth=d2308e2ac9fe18ede8a34e2d0543ed8cc8f9027845d54d8616c49ec8f47eb9f2&amp;smart=true&amp;width=992&amp;height=558&amp;quality=85\" media=\"(min-width: 1000px)\" \/><source srcset=\"https:\/\/www.infobae.com\/resizer\/v2\/IJHZQYDZ2JEX7K2YYC4PZAQCBI.jpg?auth=d2308e2ac9fe18ede8a34e2d0543ed8cc8f9027845d54d8616c49ec8f47eb9f2&amp;smart=true&amp;width=768&amp;height=432&amp;quality=85\" media=\"(min-width: 768px)\" \/><source srcset=\"https:\/\/www.infobae.com\/resizer\/v2\/IJHZQYDZ2JEX7K2YYC4PZAQCBI.jpg?auth=d2308e2ac9fe18ede8a34e2d0543ed8cc8f9027845d54d8616c49ec8f47eb9f2&amp;smart=true&amp;width=577&amp;height=325&amp;quality=85\" media=\"(min-width: 580px)\" \/><source srcset=\"https:\/\/www.infobae.com\/resizer\/v2\/IJHZQYDZ2JEX7K2YYC4PZAQCBI.jpg?auth=d2308e2ac9fe18ede8a34e2d0543ed8cc8f9027845d54d8616c49ec8f47eb9f2&amp;smart=true&amp;width=420&amp;height=236&amp;quality=85\" media=\"(min-width: 350px)\" \/><source srcset=\"https:\/\/www.infobae.com\/resizer\/v2\/IJHZQYDZ2JEX7K2YYC4PZAQCBI.jpg?auth=d2308e2ac9fe18ede8a34e2d0543ed8cc8f9027845d54d8616c49ec8f47eb9f2&amp;smart=true&amp;width=350&amp;height=197&amp;quality=85\" media=\"(min-width: 80px)\" \/><img loading=\"lazy\" decoding=\"async\" class=\"global-image\" src=\"https:\/\/www.infobae.com\/resizer\/v2\/IJHZQYDZ2JEX7K2YYC4PZAQCBI.jpg?auth=d2308e2ac9fe18ede8a34e2d0543ed8cc8f9027845d54d8616c49ec8f47eb9f2&amp;smart=true&amp;width=350&amp;height=197&amp;quality=85\" alt=\"El cabezazo de Otamendi para\" width=\"1920\" height=\"1080\" \/><\/picture><strong>El cabezazo de Otamendi para el gol . Fuente Infobae<\/strong><\/div>\n<div><\/div>\n<p class=\"paragraph\"><i>Nico<\/i>\u00a0viene de alcanzar los 140 juegos con la camiseta de la selecci\u00f3n argentina en la \u00faltima doble fecha de Eliminatorias para convertirse en uno de los jugadores con m\u00e1s partidos en el combinado nacional. Fue campe\u00f3n del Mundial de Qatar 2022, bicampe\u00f3n en la Copa Am\u00e9rica (2021 y 2024) y complet\u00f3 su vitrina con la Final\u00edssima del 2022.<\/p>\n<p class=\"paragraph\">Esta temporada fue una de las m\u00e1s agitadas de su carrera, ya que tras ser campe\u00f3n de la Copa Am\u00e9rica con la Mayor, viaj\u00f3 a Par\u00eds para ser l\u00edder del combinado que disput\u00f3 los\u00a0<a title=\"https:\/\/www.infobae.com\/deportes\/2024\/08\/02\/la-sub-23-de-mascherano-buscara-ante-el-local-francia-un-lugar-en-las-semifinales-en-vivo-hora-tv-y-formaciones\/\" href=\"https:\/\/www.infobae.com\/deportes\/2024\/08\/02\/la-sub-23-de-mascherano-buscara-ante-el-local-francia-un-lugar-en-las-semifinales-en-vivo-hora-tv-y-formaciones\/\" target=\"_blank\" rel=\"noopener noreferrer\">Juegos Ol\u00edmpicos<\/a>. M\u00e1s all\u00e1 de las competencias locales y la Champions League que disput\u00f3 con Benfica, tuvo Eliminatorias con la Selecci\u00f3n y cerr\u00f3 su calendario en este Mundial de Clubes.<\/p>\n<p class=\"paragraph\">La actividad para ambos elencos seguir\u00e1 el pr\u00f3ximo viernes 20 de junio. Benfica se enfrentar\u00e1 al Auckland City desde las 13:00 (hora argentina), mientras que Boca har\u00e1 lo propio contra el Bayern M\u00fanich a partir de las 22:00. El Grupo C bajar\u00e1 el tel\u00f3n el martes 24: desde las 16, los dos equipos europeos se enfrentar\u00e1n entre s\u00ed y el\u00a0<i>Xeneize\u00a0<\/i>jugar\u00e1 contra los neozelandeses.<\/p>\n<\/div>\n<\/article>\n","protected":false},"excerpt":{"rendered":"<p>El sugestivo posteo de Nicol\u00e1s Otamendi tras su gol a Boca Juniors que le permiti\u00f3 a Benfica rescatar un empate en el Mundial de Clubes.El defensor de 37 a\u00f1os fue el gran protagonista del duelo por el Grupo C con un tanto que grit\u00f3 de cara a los fan\u00e1ticos del Xeneize. \u201cTodo el mundo sabe &hellip;<\/p>\n","protected":false},"author":2,"featured_media":20805,"comment_status":"open","ping_status":"open","sticky":false,"template":"","format":"standard","meta":{"footnotes":""},"categories":[6],"tags":[],"class_list":["post-20804","post","type-post","status-publish","format-standard","has-post-thumbnail","hentry","category-internacionales"],"_links":{"self":[{"href":"https:\/\/www.sportchaco.com.ar\/index.php?rest_route=\/wp\/v2\/posts\/20804","targetHints":{"allow":["GET"]}}],"collection":[{"href":"https:\/\/www.sportchaco.com.ar\/index.php?rest_route=\/wp\/v2\/posts"}],"about":[{"href":"https:\/\/www.sportchaco.com.ar\/index.php?rest_route=\/wp\/v2\/types\/post"}],"author":[{"embeddable":true,"href":"https:\/\/www.sportchaco.com.ar\/index.php?rest_route=\/wp\/v2\/users\/2"}],"replies":[{"embeddable":true,"href":"https:\/\/www.sportchaco.com.ar\/index.php?rest_route=%2Fwp%2Fv2%2Fcomments&post=20804"}],"version-history":[{"count":1,"href":"https:\/\/www.sportchaco.com.ar\/index.php?rest_route=\/wp\/v2\/posts\/20804\/revisions"}],"predecessor-version":[{"id":20806,"href":"https:\/\/www.sportchaco.com.ar\/index.php?rest_route=\/wp\/v2\/posts\/20804\/revisions\/20806"}],"wp:featuredmedia":[{"embeddable":true,"href":"https:\/\/www.sportchaco.com.ar\/index.php?rest_route=\/wp\/v2\/media\/20805"}],"wp:attachment":[{"href":"https:\/\/www.sportchaco.com.ar\/index.php?rest_route=%2Fwp%2Fv2%2Fmedia&parent=20804"}],"wp:term":[{"taxonomy":"category","embeddable":true,"href":"https:\/\/www.sportchaco.com.ar\/index.php?rest_route=%2Fwp%2Fv2%2Fcategories&post=20804"},{"taxonomy":"post_tag","embeddable":true,"href":"https:\/\/www.sportchaco.com.ar\/index.php?rest_route=%2Fwp%2Fv2%2Ftags&post=20804"}],"curies":[{"name":"wp","href":"https:\/\/api.w.org\/{rel}","templated":true}]}}