{"id":20818,"date":"2025-06-17T12:37:32","date_gmt":"2025-06-17T15:37:32","guid":{"rendered":"https:\/\/www.sportchaco.com.ar\/?p=20818"},"modified":"2025-06-17T12:37:32","modified_gmt":"2025-06-17T15:37:32","slug":"la-federacion-chaquena-de-futbol-tuvo-su-asamblea","status":"publish","type":"post","link":"https:\/\/www.sportchaco.com.ar\/?p=20818","title":{"rendered":"La Federaci\u00f3n Chaque\u00f1a de F\u00fatbol tuvo su Asamblea"},"content":{"rendered":"<p><strong>17-06-2025<\/strong><\/p>\n<p><img loading=\"lazy\" decoding=\"async\" class=\"aligncenter wp-image-20491 size-full\" src=\"https:\/\/www.sportchaco.com.ar\/wp-content\/uploads\/2025\/06\/PARQUE-SOLAR_720x90-01.gif\" alt=\"\" width=\"720\" height=\"90\" \/><\/p>\n<p>A trav\u00e9s de una asamblea concretada en la sede de la Liga Quitilipense, la Federaci\u00f3n Chaque\u00f1a de F\u00fatbol cumpli\u00f3 con el Orden del D\u00eda estipulado, mediante el cual introdujo modificaciones al Estatuto en asamblea extraordinaria, y renov\u00f3 varios cargos en Asamblea General Ordinaria. No particip\u00f3 la Liga Chaque\u00f1a.<\/p>\n<p>La convocatoria a los representantes de la liga de la provincia permiti\u00f3, en asamblea extraordinaria, realizar algunos cambios en el Estatuto, entre ellos que el mandato de miembros de Comisi\u00f3n Directiva ser\u00e1 de 4 a\u00f1os y no de 2 como hasta ahora; y adem\u00e1s se aprob\u00f3 que el Tribunal de Disciplina tenga 3 miembros titulares y 2 suplentes, con un a\u00f1o de duraci\u00f3n.<\/p>\n<p>En la cita que tuvo lugar en Quitilipi se acord\u00f3 que las ligas que no participen en los torneos que organiza la Federaci\u00f3n, sea cual fuese la categor\u00eda, quedar\u00e1 suspendida por el t\u00e9rmino de un a\u00f1o para competir en esa categor\u00eda, teniendo en cuenta algunos desplantes que se produjeron en los \u00faltimos tiempos.<\/p>\n<p><strong>El Provincial Sub 13, en S\u00e1enz Pe\u00f1a<br \/>\n<\/strong>A la hora de abordar cuestiones estrictamente deportivas, se estableci\u00f3 que el\u00a0Torneo Provincial Sub 13\u00a0ser\u00e1 organizado por la Liga Saenzpe\u00f1ense el\u00a012 y 13 de julio\u00a0bajo la modalidad ya establecida, es decir en dos zonas de cuatro selecciones, clasificando a la final quienes terminen primero en cada zona.<\/p>\n<p>Mientras tanto el\u00a0Torneo Provincial Sub 15\u00a0se realizar\u00e1 en Villa \u00c1ngela con la organizaci\u00f3n a cargo de AFOCH, el\u00a016 y 17 de agosto; y el\u00a0Torneo Federativo Femenino\u00a0se llevar\u00e1 a cabo en Las Palmas, como estaba previsto en un primer momento, el\u00a019 y 20 de Julio.<\/p>\n<p>Previo al inicio de la reuni\u00f3n se realiz\u00f3 un minuto de silencio en honor aal jugador Enzo Pittau, el \u00e1rbitro Fernando Brillada y el dirigente Mirco Mari\u00e1n, fallecidos recientemente. La Asamblea tuvo la presencia de los representantes de las ligas Quitilipense, Saenzpe\u00f1ense, Del Nordoeste, AFOCH, Regional, Las Palmas y Del Norte, siendo la Liga Chaque\u00f1a, con asiento en Resistencia, la \u00fanica ausente.<\/p>\n<p><strong>La nueva Comisi\u00f3n<br \/>\n<\/strong><strong>Presidente:<\/strong>\u00a0Rafael Canteros Valls (Liga Quitilipense)<br \/>\n<strong>Vice presidente:<\/strong>\u00a0Ren\u00e9 Ben\u00edtez (Liga Regional)<br \/>\n<strong>Secretario:<\/strong>\u00a0N\u00e9stor Omar Salto (Liga Saenze\u00f1ense) -RENOVADO-<br \/>\n<strong>Sec. Adjunto:<\/strong>\u00a0Silvio Ruiz (Liga del Nordoeste) -RENOVADO-<br \/>\n<strong>Tesorero:<\/strong>\u00a0Leandro Aselle (Liga Quitilipense)<br \/>\n<strong>Protesorero:<\/strong> Roberto Rivas (Liga de Las Palmas) -RENOVADO-<br \/>\n<strong>Vocales:<br \/>\n<\/strong><strong>1\u00ba)<\/strong>\u00a0Sergio Sosa (Liga del Norte) -RENOVADO-<br \/>\n<strong>2\u00ba)<\/strong>\u00a0Adil S\u00e1nchez (AFOCH) -RENOVADO-<br \/>\n<strong>3\u00ba)<\/strong>\u00a0Ra\u00fal Mosqueda (Liga Chaque\u00f1a)<\/p>\n<p><em><strong>Fuente: Eco Deportivo\u00a0<\/strong><\/em><\/p>\n<p><img loading=\"lazy\" decoding=\"async\" class=\"aligncenter wp-image-20715 size-full\" src=\"https:\/\/www.sportchaco.com.ar\/wp-content\/uploads\/2025\/06\/BANNER-WEB-CHACO-JUEGA_1080x1350-1-1.gif\" alt=\"\" width=\"1080\" height=\"1350\" \/><\/p>\n","protected":false},"excerpt":{"rendered":"<p>17-06-2025 A trav\u00e9s de una asamblea concretada en la sede de la Liga Quitilipense, la Federaci\u00f3n Chaque\u00f1a de F\u00fatbol cumpli\u00f3 con el Orden del D\u00eda estipulado, mediante el cual introdujo modificaciones al Estatuto en asamblea extraordinaria, y renov\u00f3 varios cargos en Asamblea General Ordinaria. No particip\u00f3 la Liga Chaque\u00f1a. La convocatoria a los representantes de &hellip;<\/p>\n","protected":false},"author":3,"featured_media":20819,"comment_status":"open","ping_status":"open","sticky":false,"template":"","format":"standard","meta":{"footnotes":""},"categories":[5],"tags":[],"class_list":["post-20818","post","type-post","status-publish","format-standard","has-post-thumbnail","hentry","category-futbol"],"_links":{"self":[{"href":"https:\/\/www.sportchaco.com.ar\/index.php?rest_route=\/wp\/v2\/posts\/20818","targetHints":{"allow":["GET"]}}],"collection":[{"href":"https:\/\/www.sportchaco.com.ar\/index.php?rest_route=\/wp\/v2\/posts"}],"about":[{"href":"https:\/\/www.sportchaco.com.ar\/index.php?rest_route=\/wp\/v2\/types\/post"}],"author":[{"embeddable":true,"href":"https:\/\/www.sportchaco.com.ar\/index.php?rest_route=\/wp\/v2\/users\/3"}],"replies":[{"embeddable":true,"href":"https:\/\/www.sportchaco.com.ar\/index.php?rest_route=%2Fwp%2Fv2%2Fcomments&post=20818"}],"version-history":[{"count":1,"href":"https:\/\/www.sportchaco.com.ar\/index.php?rest_route=\/wp\/v2\/posts\/20818\/revisions"}],"predecessor-version":[{"id":20820,"href":"https:\/\/www.sportchaco.com.ar\/index.php?rest_route=\/wp\/v2\/posts\/20818\/revisions\/20820"}],"wp:featuredmedia":[{"embeddable":true,"href":"https:\/\/www.sportchaco.com.ar\/index.php?rest_route=\/wp\/v2\/media\/20819"}],"wp:attachment":[{"href":"https:\/\/www.sportchaco.com.ar\/index.php?rest_route=%2Fwp%2Fv2%2Fmedia&parent=20818"}],"wp:term":[{"taxonomy":"category","embeddable":true,"href":"https:\/\/www.sportchaco.com.ar\/index.php?rest_route=%2Fwp%2Fv2%2Fcategories&post=20818"},{"taxonomy":"post_tag","embeddable":true,"href":"https:\/\/www.sportchaco.com.ar\/index.php?rest_route=%2Fwp%2Fv2%2Ftags&post=20818"}],"curies":[{"name":"wp","href":"https:\/\/api.w.org\/{rel}","templated":true}]}}