{"id":20821,"date":"2025-06-17T18:52:23","date_gmt":"2025-06-17T21:52:23","guid":{"rendered":"https:\/\/www.sportchaco.com.ar\/?p=20821"},"modified":"2025-06-18T12:16:59","modified_gmt":"2025-06-18T15:16:59","slug":"ahora-ira-todo-el-domingo-reprogramacion-en-la-liga-chaquena","status":"publish","type":"post","link":"https:\/\/www.sportchaco.com.ar\/?p=20821","title":{"rendered":"Ahora ir\u00e1 todo el domingo; reprogramaci\u00f3n en la Liga Chaque\u00f1a"},"content":{"rendered":"<p><strong>17-06-2025<\/strong><\/p>\n<p><img loading=\"lazy\" decoding=\"async\" class=\"aligncenter wp-image-20490 size-full\" src=\"https:\/\/www.sportchaco.com.ar\/wp-content\/uploads\/2025\/06\/728x90-1.gif\" alt=\"\" width=\"1518\" height=\"189\" \/><\/p>\n<p>La Liga Chaque\u00f1a de F\u00fatbol llev\u00f3 toda la actividad de la 11\u00aa de la Primera A y Primera B al d\u00eda domingo 22 de junio tras las lluvias de los \u00faltimos d\u00edas.<\/p>\n<p>El motivo de esta decisi\u00f3n depende de varios factores. El d\u00eda jueves los \u00e1rbitros realizar\u00e1n la prueba del Consejo Federal y no estar\u00e1n disponibles para dirigir; el viernes por ser feriado nacional por el \u201cD\u00eda de la Bandera\u201d los \u00e1rbitros en caso de dirigir cobrar\u00e1n doble y el s\u00e1bado las fuerzas policiales tendr\u00e1n un encuentro deportivo y no estar\u00e1n disponibles para cubrir los encuentros.<\/p>\n<p>A continuaci\u00f3n la programaci\u00f3n de partidos para el Apertura de Primera Divisi\u00f3n y para el campeonato de ascenso.<\/p>\n<p><strong>TORNEO APERTURA \u00abAM\u00c9RICO MAZZAFERRO\u00bb<\/strong><br \/>\n<strong>LO QUE RESTA DE LA 11\u00aa FECHA<\/strong><br \/>\n<strong>Domingo 22-06<\/strong><br \/>\nA las 16, Estudiantes \u2013 El Nacional<br \/>\nA las 16, Villa Alvear \u2013 Juventud<br \/>\nA las 16, Bancarios \u2013 Don Orione<br \/>\nA las 16, Rcia. Central \u2013 Dep. Itat\u00ed<br \/>\nA las 16, Indep. Tirol \u2013 Tiro FC<br \/>\nA las 17, San Mart\u00edn (MB) \u2013 Dep. Luj\u00e1n<\/p>\n<p><strong>A designar d\u00edas de disputa<\/strong><br \/>\nDefensores \u2013 Don Orione\u00a0<em>(partido de la 9\u00aa fecha)<\/em><br \/>\nDon Orione \u2013 Villa Alvear\u00a0<em>(partido de la 10\u00aa fecha)<\/em><\/p>\n<p><strong>&#8212;&#8212;&#8212;&#8212;&#8212;&#8212;&#8212;&#8212;&#8212;&#8212;&#8212;&#8212;&#8212;&#8212;&#8212;&#8212;&#8212;&#8212;&#8212;&#8212;&#8211;<\/strong><\/p>\n<p><b><strong>TORNEO OFICIAL \u00abADRI\u00c1N DAR\u00cdO PARRA\u00bb<\/strong><br \/>\n<\/b><strong>TODA LA 11\u00aa FECHA<br \/>\n<\/strong><strong>Domingo 22-06<\/strong><br \/>\nA las 16, Uni\u00f3n del Sur \u2013 Camioneros<br \/>\nA las 16, Centauro FC \u2013 FC Barber\u00e1n, en Central Norte<br \/>\nA las 16, Bariloche FC \u2013 Chaco Hebr\u00f3n, en Canallas del Sur<br \/>\nA las 16, V\u00e9lez \u2013 San Fernando<br \/>\nA las 16, Dogos \u2013 Dep. Sameep, en Chaco Hebr\u00f3n<\/p>\n<p><em><img loading=\"lazy\" decoding=\"async\" class=\"aligncenter wp-image-20488 size-full\" src=\"https:\/\/www.sportchaco.com.ar\/wp-content\/uploads\/2025\/06\/BANNER-WEB-CHACO-JUEGA_300x250.gif\" alt=\"\" width=\"626\" height=\"522\" \/><\/em><\/p>\n","protected":false},"excerpt":{"rendered":"<p>17-06-2025 La Liga Chaque\u00f1a de F\u00fatbol llev\u00f3 toda la actividad de la 11\u00aa de la Primera A y Primera B al d\u00eda domingo 22 de junio tras las lluvias de los \u00faltimos d\u00edas. El motivo de esta decisi\u00f3n depende de varios factores. El d\u00eda jueves los \u00e1rbitros realizar\u00e1n la prueba del Consejo Federal y no &hellip;<\/p>\n","protected":false},"author":3,"featured_media":3460,"comment_status":"open","ping_status":"open","sticky":false,"template":"","format":"standard","meta":{"footnotes":""},"categories":[5],"tags":[],"class_list":["post-20821","post","type-post","status-publish","format-standard","has-post-thumbnail","hentry","category-futbol"],"_links":{"self":[{"href":"https:\/\/www.sportchaco.com.ar\/index.php?rest_route=\/wp\/v2\/posts\/20821","targetHints":{"allow":["GET"]}}],"collection":[{"href":"https:\/\/www.sportchaco.com.ar\/index.php?rest_route=\/wp\/v2\/posts"}],"about":[{"href":"https:\/\/www.sportchaco.com.ar\/index.php?rest_route=\/wp\/v2\/types\/post"}],"author":[{"embeddable":true,"href":"https:\/\/www.sportchaco.com.ar\/index.php?rest_route=\/wp\/v2\/users\/3"}],"replies":[{"embeddable":true,"href":"https:\/\/www.sportchaco.com.ar\/index.php?rest_route=%2Fwp%2Fv2%2Fcomments&post=20821"}],"version-history":[{"count":4,"href":"https:\/\/www.sportchaco.com.ar\/index.php?rest_route=\/wp\/v2\/posts\/20821\/revisions"}],"predecessor-version":[{"id":20847,"href":"https:\/\/www.sportchaco.com.ar\/index.php?rest_route=\/wp\/v2\/posts\/20821\/revisions\/20847"}],"wp:featuredmedia":[{"embeddable":true,"href":"https:\/\/www.sportchaco.com.ar\/index.php?rest_route=\/wp\/v2\/media\/3460"}],"wp:attachment":[{"href":"https:\/\/www.sportchaco.com.ar\/index.php?rest_route=%2Fwp%2Fv2%2Fmedia&parent=20821"}],"wp:term":[{"taxonomy":"category","embeddable":true,"href":"https:\/\/www.sportchaco.com.ar\/index.php?rest_route=%2Fwp%2Fv2%2Fcategories&post=20821"},{"taxonomy":"post_tag","embeddable":true,"href":"https:\/\/www.sportchaco.com.ar\/index.php?rest_route=%2Fwp%2Fv2%2Ftags&post=20821"}],"curies":[{"name":"wp","href":"https:\/\/api.w.org\/{rel}","templated":true}]}}