{"id":20869,"date":"2025-06-19T11:08:44","date_gmt":"2025-06-19T14:08:44","guid":{"rendered":"https:\/\/www.sportchaco.com.ar\/?p=20869"},"modified":"2025-06-19T11:08:44","modified_gmt":"2025-06-19T14:08:44","slug":"leandro-paredes-acepto-la-oferta-de-boca","status":"publish","type":"post","link":"https:\/\/www.sportchaco.com.ar\/?p=20869","title":{"rendered":"Leandro Paredes acept\u00f3 la oferta de Boca"},"content":{"rendered":"<div class=\"nota__heading\">\n<h4 class=\"nota__heading__title\">Bombazo: Leandro Paredes acept\u00f3 la oferta de Boca y qued\u00f3 a un paso de volver a vestir la azul y oro. El volante campe\u00f3n del Mundo dejar\u00e1 Roma tras m\u00e1s de once a\u00f1os en el f\u00fatbol europeo. \u00bfQu\u00e9 resta para la firma?<\/h4>\n<div class=\"nota__heading__author\">\n<p>&nbsp;<\/p>\n<\/div>\n<\/div>\n<div class=\"nota__main-media\">\n<div class=\"nota__image\"><\/div>\n<div class=\"nota__main-media__legend\"><\/div>\n<\/div>\n<div class=\"nota__body\">\n<div class=\"container\">\n<div class=\"row\">\n<div class=\"eg-grid eg-grid--content\">\n<div class=\"eg-cell__1-1\">\n<div class=\"col-xs-24 col-sm-4 eg-social eg-social--vert\">\n<div class=\"addthis_sharing_toolbox nota_body_social\"><\/div>\n<\/div>\n<\/div>\n<div class=\"eg-cell__2-1\">\n<p><strong>LEANDRO PAREDES volver\u00e1 a jugar en Boca.\u00a0<\/strong>La decisi\u00f3n est\u00e1 tomada, pero a\u00fan no fue concretada. Este mi\u00e9rcoles el jugador realiz\u00f3 un movimiento clave y<strong>\u00a0acept\u00f3 la propuesta salarial del conjunto de la ribera<\/strong>, por lo que s\u00f3lo resta un paso para que vista una vez m\u00e1s la camiseta azul y oro.<\/p>\n<p><em><strong>\u00abCreo que vamos a tener chance de contar con \u00e9l y ojal\u00e1 que a la vuelta del Mundial de Clubes lo podamos tener en nuestro club\u00bb<\/strong><\/em>, hab\u00eda confiado\u00a0<strong>Juan Rom\u00e1n Riquelme\u00a0<\/strong>en su llegada a Miami. Por su parte, el futbolista hab\u00eda asegurado que\u00a0\u00ab<strong><em>siempre estoy cerca de Boca, las ganas siempre est\u00e1n<\/em><\/strong>\u00ab.<\/p>\n<p>El operativo retorno hab\u00eda iniciado tras las negociaciones frustradas en el \u00faltimo mercado. Al momento de renovar su v\u00ednculo con el conjunto italiano, el campe\u00f3n del Mundo incluy\u00f3 una condici\u00f3n exclusiva para el equipo que lo vio nacer:\u00a0<strong>el Xeneize, por 3.5 millones de euros y en cuotas, puede llev\u00e1rselo.<\/strong><\/p>\n<div class=\"nota__main-media\">\n<div class=\"nota__main-media__container\">\n<div id=\"video_87\" class=\"jwplayer jw-reset jw-state-idle jw-stretch-uniform jw-flag-aspect-mode jw-skin-bekle jw-breakpoint-3 jw-floating-dismissible jw-keep-thumbnail jw-flag-cast-available jw-flag-user-inactive\" tabindex=\"0\" role=\"application\" aria-label=\"Video Player\" aria-describedby=\"jw-video_87-shortcuts-tooltip-explanation\">\n<div class=\"jw-wrapper jw-reset\">\n<div class=\"jw-controls jw-reset\">\n<div class=\"jw-controlbar jw-reset\">\n<div class=\"jw-reset jw-button-container\">\n<div class=\"jw-icon jw-icon-inline jw-button-color jw-reset jw-icon-cast\" tabindex=\"0\" role=\"button\" aria-label=\"Chromecast\">\n<div class=\"jw-reset-text jw-tooltip jw-tooltip-chromecast\" dir=\"auto\">\n<div class=\"jw-text\"><\/div>\n<\/div>\n<\/div>\n<\/div>\n<\/div>\n<\/div>\n<\/div>\n<div class=\"afs_ads ad-placement\"><\/div>\n<\/div>\n<\/div>\n<div class=\"nota__main-media__legend\"><strong>Paredes habl\u00f3 en Miami de su posible arribo a Boca.<\/strong><\/div>\n<\/div>\n<p>&nbsp;<\/p>\n<p>Al tanto de las condiciones, Boca le realiz\u00f3 a principio de mes una<strong>\u00a0oferta contractual por tres a\u00f1os y medio, con un salario muy similar al que percibe Paredes en Roma<\/strong>, incluso por encima de lo solicitado por el propio jugador en enero y lo cual Riquelme se hab\u00eda negado a pagar.<\/p>\n<p>El consejo de f\u00fatbol aguardaba el visto bueno del nacido en San Justo, el cual lleg\u00f3 este mi\u00e9rcoles, para avanzar con la\u00a0<strong>ejecuci\u00f3n de su cl\u00e1usula de salida\u00a0<\/strong>del elenco italiano.\u00a0<strong>El \u00faltimo paso para su vuelta&#8230; Fuente El Gr\u00e1fico<\/strong><\/p>\n<p>&nbsp;<\/p>\n<\/div>\n<\/div>\n<\/div>\n<\/div>\n<\/div>\n","protected":false},"excerpt":{"rendered":"<p>Bombazo: Leandro Paredes acept\u00f3 la oferta de Boca y qued\u00f3 a un paso de volver a vestir la azul y oro. El volante campe\u00f3n del Mundo dejar\u00e1 Roma tras m\u00e1s de once a\u00f1os en el f\u00fatbol europeo. \u00bfQu\u00e9 resta para la firma? &nbsp; LEANDRO PAREDES volver\u00e1 a jugar en Boca.\u00a0La decisi\u00f3n est\u00e1 tomada, pero a\u00fan &hellip;<\/p>\n","protected":false},"author":2,"featured_media":20870,"comment_status":"open","ping_status":"open","sticky":false,"template":"","format":"standard","meta":{"footnotes":""},"categories":[72],"tags":[],"class_list":["post-20869","post","type-post","status-publish","format-standard","has-post-thumbnail","hentry","category-futbol-puro"],"_links":{"self":[{"href":"https:\/\/www.sportchaco.com.ar\/index.php?rest_route=\/wp\/v2\/posts\/20869","targetHints":{"allow":["GET"]}}],"collection":[{"href":"https:\/\/www.sportchaco.com.ar\/index.php?rest_route=\/wp\/v2\/posts"}],"about":[{"href":"https:\/\/www.sportchaco.com.ar\/index.php?rest_route=\/wp\/v2\/types\/post"}],"author":[{"embeddable":true,"href":"https:\/\/www.sportchaco.com.ar\/index.php?rest_route=\/wp\/v2\/users\/2"}],"replies":[{"embeddable":true,"href":"https:\/\/www.sportchaco.com.ar\/index.php?rest_route=%2Fwp%2Fv2%2Fcomments&post=20869"}],"version-history":[{"count":1,"href":"https:\/\/www.sportchaco.com.ar\/index.php?rest_route=\/wp\/v2\/posts\/20869\/revisions"}],"predecessor-version":[{"id":20871,"href":"https:\/\/www.sportchaco.com.ar\/index.php?rest_route=\/wp\/v2\/posts\/20869\/revisions\/20871"}],"wp:featuredmedia":[{"embeddable":true,"href":"https:\/\/www.sportchaco.com.ar\/index.php?rest_route=\/wp\/v2\/media\/20870"}],"wp:attachment":[{"href":"https:\/\/www.sportchaco.com.ar\/index.php?rest_route=%2Fwp%2Fv2%2Fmedia&parent=20869"}],"wp:term":[{"taxonomy":"category","embeddable":true,"href":"https:\/\/www.sportchaco.com.ar\/index.php?rest_route=%2Fwp%2Fv2%2Fcategories&post=20869"},{"taxonomy":"post_tag","embeddable":true,"href":"https:\/\/www.sportchaco.com.ar\/index.php?rest_route=%2Fwp%2Fv2%2Ftags&post=20869"}],"curies":[{"name":"wp","href":"https:\/\/api.w.org\/{rel}","templated":true}]}}