{"id":20908,"date":"2025-06-19T23:14:18","date_gmt":"2025-06-20T02:14:18","guid":{"rendered":"https:\/\/www.sportchaco.com.ar\/?p=20908"},"modified":"2025-06-19T23:14:52","modified_gmt":"2025-06-20T02:14:52","slug":"20908","status":"publish","type":"post","link":"https:\/\/www.sportchaco.com.ar\/?p=20908","title":{"rendered":"B\u00e1squet: Dolor por el fallecimiento de Wanda L\u00f3pez"},"content":{"rendered":"<div class=\"c-stack b-right-rail__full-width-1\" data-style-direction=\"vertical\" data-style-justification=\"start\" data-style-alignment=\"unset\" data-style-inline=\"false\" data-style-wrap=\"nowrap\">\n<h5 class=\"b-headline\"><span style=\"font-size: 16px; font-weight: 400;\">19 de junio de 2025\u00a0<\/span><\/h5>\n<h5 class=\"b-headline\"><strong>Un golpe dur\u00edsimo recibi\u00f3 este mi\u00e9rcoles el b\u00e1squetbol argentino.<\/strong>\u00a0<strong>Wanda L\u00f3pez<\/strong>, de 24 a\u00f1os y una jugadora de gran proyecci\u00f3n que esta temporada hab\u00eda defendido la camiseta de\u00a0<strong>Obras<\/strong>,\u00a0<strong>falleci\u00f3 al ser arrollada por una formaci\u00f3n de la l\u00ednea Roca<\/strong>, en las inmediaciones de la Diagonal Lisandro de la Torre, en la localidad de\u00a0<strong>Berazategui<\/strong>, provincia de Buenos Aires. Las circunstancias de su muerte a\u00fan est\u00e1n siendo investigadas.<\/h5>\n<\/div>\n<div class=\"c-grid b-right-rail__rail-container\">\n<div class=\"c-stack b-right-rail__main-interior-item\" data-style-direction=\"vertical\" data-style-justification=\"start\" data-style-alignment=\"unset\" data-style-inline=\"false\" data-style-wrap=\"nowrap\">\n<div class=\"c-stack b-double-chain\" data-style-direction=\"vertical\" data-style-justification=\"start\" data-style-alignment=\"unset\" data-style-inline=\"false\" data-style-wrap=\"nowrap\">\n<div class=\"c-grid b-double-chain__children-grid\">\n<div class=\"c-stack b-double-chain__child-item\" data-style-direction=\"vertical\" data-style-justification=\"start\" data-style-alignment=\"unset\" data-style-inline=\"false\" data-style-wrap=\"nowrap\">\n<div class=\"c-stack b-share-bar\" data-position=\"inherit\" data-design=\"designCustom\" data-justift-content=\"end\" data-style-direction=\"horizontal\" data-style-justification=\"center\" data-style-alignment=\"center\" data-style-inline=\"false\" data-style-wrap=\"nowrap\"><\/div>\n<\/div>\n<\/div>\n<\/div>\n<div>\n<div class=\"marfeel-recommender-bajada\"><\/div>\n<\/div>\n<article class=\"b-article-body\">\n<figure class=\"c-media-item b-article-body__image\"><figcaption class=\"c-media-item__fig-caption\"><\/figcaption><\/figure>\n<p class=\"c-paragraph\">Wanda L\u00f3pez de 24 a\u00f1os muri\u00f3 este mi\u00e9rcoles 18 de junio\u00a0tras haber sido\u00a0atropellada por una formaci\u00f3n de trenes de la L\u00ednea Roca. El hecho ocurri\u00f3 en la zona sur de la provincia de Buenos <span style=\"color: #000000;\">Aires, en la localidad de\u00a0Berazategui. Tras su fallecimiento,\u00a0<a style=\"color: #000000;\" title=\"https:\/\/radiomitre.cienradios.com\/policiales\/conmocion-murio-el-futbolista-enzo-pittau-en-pleno-partido-y-los-detalles-son-estremecedores\/\" href=\"https:\/\/radiomitre.cienradios.com\/policiales\/conmocion-murio-el-futbolista-enzo-pittau-en-pleno-partido-y-los-detalles-son-estremecedores\/\" target=\"_blank\" rel=\"noopener noreferrer\">el b\u00e1squet argentino entr\u00f3 en completa conmoci\u00f3n<\/a>.<\/span><\/p>\n<p class=\"c-paragraph\"><span style=\"color: #000000;\">A principio de este a\u00f1o,\u00a0Wanda L\u00f3pez se convirti\u00f3 en jugadora de Obras,\u00a0<a style=\"color: #000000;\" title=\"https:\/\/radiomitre.cienradios.com\/deportes\/conmocion-murio-maximo-alisandroni-la-joven-promesa-del-futbol-argentino-a-los-21-anos-y-los-detalles-son-estremecedores\/\" href=\"https:\/\/radiomitre.cienradios.com\/deportes\/conmocion-murio-maximo-alisandroni-la-joven-promesa-del-futbol-argentino-a-los-21-anos-y-los-detalles-son-estremecedores\/\" target=\"_blank\" rel=\"noopener noreferrer\">de la Liga Nacional de B\u00e1squet y actualmente<\/a>, se desempe\u00f1aba en el club Moreno de Quilmes. All\u00ed\u00a0disput\u00f3 la Liga Federal Femenina\u00a0y el campeonato de la\u00a0Asociaci\u00f3n Femenina Metropolitana de B\u00e1squet.<\/span><\/p>\n<p class=\"c-paragraph\"><span style=\"color: #000000;\">A lo largo de su carrera,\u00a0Wanda L\u00f3pez visti\u00f3 la camiseta de Deportivo Berazategui\u00a0y fue una pieza fundamental para la obtenci\u00f3n del Campeonato Argentino de CLubes U-17. Adem\u00e1s, en el a\u00f1o 2018\u00a0fue parte de la Selecci\u00f3n Nacional para participar del Nations League 3&#215;3, debido a su despliegue dentro de la cancha.<\/span><\/p>\n<figure class=\"c-media-item b-article-body__image\"><img loading=\"lazy\" decoding=\"async\" class=\"c-image\" src=\"https:\/\/radiomitre.cienradios.com.ar\/resizer\/v2\/OIX4BWINSNGO5I7V5UCOT43FJY.jpg?auth=537313fd1857407e0a0ac3e79d2d70acd2de255e14ad66f51372e314191b01a7&amp;width=800&amp;height=400\" srcset=\"https:\/\/radiomitre.cienradios.com.ar\/resizer\/v2\/OIX4BWINSNGO5I7V5UCOT43FJY.jpg?auth=537313fd1857407e0a0ac3e79d2d70acd2de255e14ad66f51372e314191b01a7&amp;width=274&amp;height=137 274w, https:\/\/radiomitre.cienradios.com.ar\/resizer\/v2\/OIX4BWINSNGO5I7V5UCOT43FJY.jpg?auth=537313fd1857407e0a0ac3e79d2d70acd2de255e14ad66f51372e314191b01a7&amp;width=400&amp;height=200 400w, https:\/\/radiomitre.cienradios.com.ar\/resizer\/v2\/OIX4BWINSNGO5I7V5UCOT43FJY.jpg?auth=537313fd1857407e0a0ac3e79d2d70acd2de255e14ad66f51372e314191b01a7&amp;width=768&amp;height=384 768w, https:\/\/radiomitre.cienradios.com.ar\/resizer\/v2\/OIX4BWINSNGO5I7V5UCOT43FJY.jpg?auth=537313fd1857407e0a0ac3e79d2d70acd2de255e14ad66f51372e314191b01a7&amp;width=1024&amp;height=512 1024w, https:\/\/radiomitre.cienradios.com.ar\/resizer\/v2\/OIX4BWINSNGO5I7V5UCOT43FJY.jpg?auth=537313fd1857407e0a0ac3e79d2d70acd2de255e14ad66f51372e314191b01a7&amp;width=1440&amp;height=720 1440w\" alt=\"Muri\u00f3 Wanda L\u00f3pez, la joven promesa del b\u00e1squet argentino, a los 24 a\u00f1os en un dram\u00e1tico accidente\" width=\"800\" height=\"400\" data-chromatic=\"ignore\" \/><figcaption class=\"c-media-item__fig-caption\"><strong><span class=\"c-media-item__title\">Muri\u00f3 Wanda L\u00f3pez, la joven promesa del b\u00e1squet argentino, a los 24 a\u00f1os en un dram\u00e1tico accidente<\/span><\/strong><\/figcaption><\/figure>\n<p class=\"c-paragraph\">Por su parte,\u00a0el accidente que termin\u00f3 con la basquetbolista atropellada por un tren de la L\u00ednea Roca, a la altura de Lisandro De La Torre entre 11 y 12, est\u00e1 bajo investigaci\u00f3n y de momento\u00a0se desconocen las causas que lo provocaron.<\/p>\n<p class=\"c-paragraph\">Wanda L\u00f3pez form\u00f3 parte de la plantilla de Obras Sanitarias\u00a0y desde el reconocido club de la\u00a0Liga Nacional de B\u00e1squet\u00a0emitieron un sentido mensaje en sus redes sociales, dedicado a la memoria de la joven y a sus familiares.<\/p>\n<figure class=\"c-media-item b-article-body__image\"><img loading=\"lazy\" decoding=\"async\" class=\"c-image\" src=\"https:\/\/radiomitre.cienradios.com.ar\/resizer\/v2\/OIX4BWINSNGO5I7V5UCOT43FJY.jpg?auth=537313fd1857407e0a0ac3e79d2d70acd2de255e14ad66f51372e314191b01a7&amp;width=800&amp;height=400\" srcset=\"https:\/\/radiomitre.cienradios.com.ar\/resizer\/v2\/OIX4BWINSNGO5I7V5UCOT43FJY.jpg?auth=537313fd1857407e0a0ac3e79d2d70acd2de255e14ad66f51372e314191b01a7&amp;width=274&amp;height=137 274w, https:\/\/radiomitre.cienradios.com.ar\/resizer\/v2\/OIX4BWINSNGO5I7V5UCOT43FJY.jpg?auth=537313fd1857407e0a0ac3e79d2d70acd2de255e14ad66f51372e314191b01a7&amp;width=400&amp;height=200 400w, https:\/\/radiomitre.cienradios.com.ar\/resizer\/v2\/OIX4BWINSNGO5I7V5UCOT43FJY.jpg?auth=537313fd1857407e0a0ac3e79d2d70acd2de255e14ad66f51372e314191b01a7&amp;width=768&amp;height=384 768w, https:\/\/radiomitre.cienradios.com.ar\/resizer\/v2\/OIX4BWINSNGO5I7V5UCOT43FJY.jpg?auth=537313fd1857407e0a0ac3e79d2d70acd2de255e14ad66f51372e314191b01a7&amp;width=1024&amp;height=512 1024w, https:\/\/radiomitre.cienradios.com.ar\/resizer\/v2\/OIX4BWINSNGO5I7V5UCOT43FJY.jpg?auth=537313fd1857407e0a0ac3e79d2d70acd2de255e14ad66f51372e314191b01a7&amp;width=1440&amp;height=720 1440w\" alt=\"Muri\u00f3 Wanda L\u00f3pez, la joven promesa del b\u00e1squet argentino, a los 24 a\u00f1os en un dram\u00e1tico accidente\" width=\"800\" height=\"400\" data-chromatic=\"ignore\" \/><figcaption class=\"c-media-item__fig-caption\"><span class=\"c-media-item__title\">Muri\u00f3 Wanda L\u00f3pez, la joven promesa del b\u00e1squet argentino, a los 24 a\u00f1os en un dram\u00e1tico accidente<\/span><\/figcaption><\/figure>\n<p class=\"c-paragraph\">En el escrito expresaron:\u00a0\u201cDesde Obras Basket lamentamos profundamente el fallecimiento de Wanda L\u00f3pez, jugadora que form\u00f3 parte de nuestro equipo en la Liga Femenina 2025\u2033, manifestaron en la publicaci\u00f3n que hizo el club.<\/p>\n<p class=\"c-paragraph\">\u201cAcompa\u00f1amos a su familia, amigas, compa\u00f1eras y seres queridos\u00a0en este doloroso momento\u201d, concluyeron.<\/p>\n<p><strong><span class=\"c-media-item__title\">Foto portada: Muri\u00f3 Wanda L\u00f3pez, la joven promesa del b\u00e1squet argentino, a los 24 a\u00f1os en un dram\u00e1tico accidente<\/span><\/strong><\/p>\n<\/article>\n<\/div>\n<\/div>\n","protected":false},"excerpt":{"rendered":"<p>19 de junio de 2025\u00a0 Un golpe dur\u00edsimo recibi\u00f3 este mi\u00e9rcoles el b\u00e1squetbol argentino.\u00a0Wanda L\u00f3pez, de 24 a\u00f1os y una jugadora de gran proyecci\u00f3n que esta temporada hab\u00eda defendido la camiseta de\u00a0Obras,\u00a0falleci\u00f3 al ser arrollada por una formaci\u00f3n de la l\u00ednea Roca, en las inmediaciones de la Diagonal Lisandro de la Torre, en la localidad &hellip;<\/p>\n","protected":false},"author":2,"featured_media":20912,"comment_status":"open","ping_status":"open","sticky":false,"template":"","format":"standard","meta":{"footnotes":""},"categories":[3],"tags":[],"class_list":["post-20908","post","type-post","status-publish","format-standard","has-post-thumbnail","hentry","category-basquetbol"],"_links":{"self":[{"href":"https:\/\/www.sportchaco.com.ar\/index.php?rest_route=\/wp\/v2\/posts\/20908","targetHints":{"allow":["GET"]}}],"collection":[{"href":"https:\/\/www.sportchaco.com.ar\/index.php?rest_route=\/wp\/v2\/posts"}],"about":[{"href":"https:\/\/www.sportchaco.com.ar\/index.php?rest_route=\/wp\/v2\/types\/post"}],"author":[{"embeddable":true,"href":"https:\/\/www.sportchaco.com.ar\/index.php?rest_route=\/wp\/v2\/users\/2"}],"replies":[{"embeddable":true,"href":"https:\/\/www.sportchaco.com.ar\/index.php?rest_route=%2Fwp%2Fv2%2Fcomments&post=20908"}],"version-history":[{"count":2,"href":"https:\/\/www.sportchaco.com.ar\/index.php?rest_route=\/wp\/v2\/posts\/20908\/revisions"}],"predecessor-version":[{"id":20914,"href":"https:\/\/www.sportchaco.com.ar\/index.php?rest_route=\/wp\/v2\/posts\/20908\/revisions\/20914"}],"wp:featuredmedia":[{"embeddable":true,"href":"https:\/\/www.sportchaco.com.ar\/index.php?rest_route=\/wp\/v2\/media\/20912"}],"wp:attachment":[{"href":"https:\/\/www.sportchaco.com.ar\/index.php?rest_route=%2Fwp%2Fv2%2Fmedia&parent=20908"}],"wp:term":[{"taxonomy":"category","embeddable":true,"href":"https:\/\/www.sportchaco.com.ar\/index.php?rest_route=%2Fwp%2Fv2%2Fcategories&post=20908"},{"taxonomy":"post_tag","embeddable":true,"href":"https:\/\/www.sportchaco.com.ar\/index.php?rest_route=%2Fwp%2Fv2%2Ftags&post=20908"}],"curies":[{"name":"wp","href":"https:\/\/api.w.org\/{rel}","templated":true}]}}