{"id":20949,"date":"2025-06-20T22:00:43","date_gmt":"2025-06-21T01:00:43","guid":{"rendered":"https:\/\/www.sportchaco.com.ar\/?p=20949"},"modified":"2025-06-20T22:01:46","modified_gmt":"2025-06-21T01:01:46","slug":"efemerides-del-21-de-junio","status":"publish","type":"post","link":"https:\/\/www.sportchaco.com.ar\/?p=20949","title":{"rendered":"Efem\u00e9rides del 21 de junio"},"content":{"rendered":"<div class=\"container fullwidth-entry-title-wrapper\">\n<div class=\"container-wrapper fullwidth-entry-title\">\n<header class=\"entry-header-outer\">\n<div class=\"entry-header\">\n<h1 class=\"post-title entry-title\"><\/h1>\n<div class=\"single-post-meta post-meta clearfix\"><\/div>\n<\/div>\n<\/header>\n<\/div>\n<\/div>\n<div id=\"content\" class=\"site-content container\">\n<div id=\"main-content-row\" class=\"tie-row main-content-row\">\n<div class=\"main-content tie-col-md-8 tie-col-xs-12\" role=\"main\">\n<article id=\"the-post\" class=\"container-wrapper post-content tie-standard\">\n<div class=\"featured-area\">\n<div class=\"featured-area-inner\"><\/div>\n<\/div>\n<h4 id=\"share-buttons-top\" class=\"share-buttons share-buttons-top\"><\/h4>\n<div class=\"entry-content entry clearfix\">\n<h4><strong>Esta es la Efem\u00e9rides del Deporte en el Chaco de un 21 de junio del periodista Luis Dar\u00edo Molodezky.<\/strong><\/h4>\n<h4><\/h4>\n<p><strong><em><img loading=\"lazy\" decoding=\"async\" class=\"size-medium wp-image-10790 aligncenter\" src=\"https:\/\/www.sportchaco.com.ar\/wp-content\/uploads\/2024\/06\/Luis-Molodezky-210x300.jpg\" sizes=\"auto, (max-width: 210px) 100vw, 210px\" srcset=\"https:\/\/www.sportchaco.com.ar\/wp-content\/uploads\/2024\/06\/Luis-Molodezky-210x300.jpg 210w, https:\/\/www.sportchaco.com.ar\/wp-content\/uploads\/2024\/06\/Luis-Molodezky.jpg 275w\" alt=\"\" width=\"210\" height=\"300\" \/><\/em><\/strong><\/p>\n<p><strong>1951\u00a0<\/strong>\/ Los cadetes de remo del club Regatas Jos\u00e9 Lamparelli, Jorge Filipponi, Aurelio P\u00e9rtile y N\u00e9stor P\u00e9rtile, m\u00e1s Rub\u00e9n Vargas como timonel, por un lado y en otra embarcaci\u00f3n C\u00e9sar P\u00e9rtile, Amadeo Cavalitto, Tom\u00e1s Loik, Rub\u00e9n Vargas y con N\u00e9stor P\u00e9rtile de timonel, establecen la marca de 1 hora, 5 minutos y 40 segundos para recorrer Barranqueras \u2013 Corrientes, y bajan en 3 minutos con 34 minutos y 5 segundos, Corrientes-Barranqueras. La prueba fue fiscalizada por la Subprefectura de Barranqueras.<\/p>\n<p>&nbsp;<\/p>\n<p><strong>2017 \/<\/strong>\u00a0Fallece en Resistencia el locutor, periodista, conductor radial y empleado bancario Felipe Benicio Rojas.\u00a0 Hab\u00eda nacido el 23 de agosto de 1934 en Clorinda, Formosa, fue gerente de la sucursal del Banco del Chaco en Villa Berthet. Trabaj\u00f3 en LR1 Radio el Mundo, LT 5, Radio Chaco, LT 16 de Presidencia Roque S\u00e1enz Pe\u00f1a. Realiz\u00f3 las recordadas \u201cNoches de box\u201d por LR1 y LT 5 cuando integr\u00f3 equipo con Eduardo Lorenzo (Borocot\u00f3 Juniors), Ricardo Lorenzo en Buenos Aires y con Jos\u00e9 Salvador de Giuseppe, Omar G\u00f3mez y Eduardo Colombo, apadrinado por Tito Lectoure. Ten\u00eda un afecto especial con la m\u00fasica paraguaya, ya que vivi\u00f3 varios a\u00f1os en Asunci\u00f3n.<\/p>\n<p><strong>Foto de Felipe B. Rojas<\/strong><\/p>\n<\/div>\n<\/article>\n<\/div>\n<\/div>\n<\/div>\n","protected":false},"excerpt":{"rendered":"<p>Esta es la Efem\u00e9rides del Deporte en el Chaco de un 21 de junio del periodista Luis Dar\u00edo Molodezky. 1951\u00a0\/ Los cadetes de remo del club Regatas Jos\u00e9 Lamparelli, Jorge Filipponi, Aurelio P\u00e9rtile y N\u00e9stor P\u00e9rtile, m\u00e1s Rub\u00e9n Vargas como timonel, por un lado y en otra embarcaci\u00f3n C\u00e9sar P\u00e9rtile, Amadeo Cavalitto, Tom\u00e1s Loik, Rub\u00e9n &hellip;<\/p>\n","protected":false},"author":2,"featured_media":20960,"comment_status":"open","ping_status":"open","sticky":false,"template":"","format":"standard","meta":{"footnotes":""},"categories":[45,36],"tags":[],"class_list":["post-20949","post","type-post","status-publish","format-standard","has-post-thumbnail","hentry","category-efemerides-dia-por-dia","category-junio"],"_links":{"self":[{"href":"https:\/\/www.sportchaco.com.ar\/index.php?rest_route=\/wp\/v2\/posts\/20949","targetHints":{"allow":["GET"]}}],"collection":[{"href":"https:\/\/www.sportchaco.com.ar\/index.php?rest_route=\/wp\/v2\/posts"}],"about":[{"href":"https:\/\/www.sportchaco.com.ar\/index.php?rest_route=\/wp\/v2\/types\/post"}],"author":[{"embeddable":true,"href":"https:\/\/www.sportchaco.com.ar\/index.php?rest_route=\/wp\/v2\/users\/2"}],"replies":[{"embeddable":true,"href":"https:\/\/www.sportchaco.com.ar\/index.php?rest_route=%2Fwp%2Fv2%2Fcomments&post=20949"}],"version-history":[{"count":2,"href":"https:\/\/www.sportchaco.com.ar\/index.php?rest_route=\/wp\/v2\/posts\/20949\/revisions"}],"predecessor-version":[{"id":20959,"href":"https:\/\/www.sportchaco.com.ar\/index.php?rest_route=\/wp\/v2\/posts\/20949\/revisions\/20959"}],"wp:featuredmedia":[{"embeddable":true,"href":"https:\/\/www.sportchaco.com.ar\/index.php?rest_route=\/wp\/v2\/media\/20960"}],"wp:attachment":[{"href":"https:\/\/www.sportchaco.com.ar\/index.php?rest_route=%2Fwp%2Fv2%2Fmedia&parent=20949"}],"wp:term":[{"taxonomy":"category","embeddable":true,"href":"https:\/\/www.sportchaco.com.ar\/index.php?rest_route=%2Fwp%2Fv2%2Fcategories&post=20949"},{"taxonomy":"post_tag","embeddable":true,"href":"https:\/\/www.sportchaco.com.ar\/index.php?rest_route=%2Fwp%2Fv2%2Ftags&post=20949"}],"curies":[{"name":"wp","href":"https:\/\/api.w.org\/{rel}","templated":true}]}}