{"id":2097,"date":"2023-10-22T20:46:43","date_gmt":"2023-10-22T23:46:43","guid":{"rendered":"https:\/\/www.sportchaco.com.ar\/?p=2097"},"modified":"2023-10-22T20:46:43","modified_gmt":"2023-10-22T23:46:43","slug":"no-bajo-el-copete-girona-lidera-en-espana","status":"publish","type":"post","link":"https:\/\/www.sportchaco.com.ar\/?p=2097","title":{"rendered":"No bajo el copete, Girona lidera en Espa\u00f1a"},"content":{"rendered":"<section class=\"nota-top-part\"><\/section>\n<div class=\"desktop-inner-container\">\n<div class=\"desktop-article-extra-holder\">\n<div class=\"autor-share-holder\">\n<div class=\"autor\"><\/div>\n<\/div>\n<div class=\"nota-share flex-container flex-column align-center justify-between hide-mobile\"><\/div>\n<div class=\"banner-box\"><\/div>\n<div class=\"article-body\">\n<p>Girona, quien tuvo como titular al arquero argentino Paulo Gazzaniga, y empez\u00f3 perdiendo 2 a 0, gole\u00f3 finalmente a Almer\u00eda -jug\u00f3 desde el principio el capit\u00e1n argentino Lucas Robertone-, por 5 a 2, como local y se ubic\u00f3 puntero junto con Real Madrid en la Liga de f\u00fatbol de Espa\u00f1a, tras jugarse la continuidad de la d\u00e9cima fecha.<\/p>\n<p>El delantero brasile\u00f1o Leo Baptistao, marc\u00f3 un doblete (2 y 24m. PT), para el equipo andaluz y lo dieron vuelta, el atacante espa\u00f1ol Iv\u00e1n Mart\u00edn (37m. PT), en dos ocasiones el ucraniano Artem Dovbyk (39 y 43m. PT) el brasile\u00f1o Savio (36m. ST) y el uruguayo Cristhian Stuani (40m. ST).<\/p>\n<p>La victoria, la segunda consecutiva -la fecha anterior se impuso a C\u00e1diz por 1 a 0, de visitante- y la octava en el torneo, ubic\u00f3 a Girona con 25 puntos en la cima del torneo junto con Real Madrid, que ayer empat\u00f3 1 a 1 con Sevilla; en tanto que Almer\u00eda sigui\u00f3 \u00faltimo con 3 unidades.<\/p>\n<p>Barcelona por su parte venci\u00f3 a Athletic Bilbao en la capital de Catalu\u00f1a, por 1 a 0, subi\u00f3 al tercer lugar y sigui\u00f3 en zona de liga de Campeones, mientras que la visita conserv\u00f3 al quinto lugar y se mantuvo en puestos de Liga de Europa.<\/p>\n<p>El delantero Marc Guiu, que ingres\u00f3 en el segundo tiempo, convirti\u00f3 a los 35 minutos del mismo per\u00edodo, para el conjunto cul\u00e9, que volvi\u00f3 al triunfo despu\u00e9s de empatar la fecha pasada por 2 a 2 ante Granada, de visitante.<\/p>\n<div class=\"banner-box\"><\/div>\n<p>Tambi\u00e9n Rayo Vallecano (\u00d3scar Trejo) se impuso en tiempo agregado a Las Palmas (M\u00e1ximo Perrone) 1 a 0, de visitante y entr\u00f3 en zona de Liga de Conferencia, con el gol que marc\u00f3 el atacante portugu\u00e9s Beb\u00e9 a los 46 minutos del segundo tiempo, de tiro penal.<\/p>\n<p>Villarreal a su vez igual\u00f3 con Alav\u00e9s (Nahuel Tenaglia) por 1 a 1, como local y los goles los convirtieron Samu (3m. ST) para la visita y Gerard Moreno (20m. ST), para el anfitri\u00f3n.<\/p>\n<p>La fecha se desarrolla de la siguiente manera:<\/p>\n<p>. Viernes:<\/p>\n<p>Osasuna 2 (Ezequiel \u00c1vila) &#8211; Granada 0 (Lucas Boy\u00e9)<\/p>\n<div class=\"banner-box\"><\/div>\n<p>. S\u00e1bado:<\/p>\n<p>Real Sociedad 1 &#8211; Mallorca 0; Getafe 1 (Fabricio Angileri) &#8211; Betis 1 (Germ\u00e1n Pezzella); Sevilla 1 (Marcos Acu\u00f1a, Lucas Ocampos y Erik Lamela) &#8211; Real Madrid 1 y Celta de Vigo 0 (Agust\u00edn Marches\u00edn y Franco Cervi) &#8211; Atl\u00e9tico Madrid (DT Diego Simeoni, Nahuel Molina, Rodrigo de Paul y \u00c1ngel Correa).<\/p>\n<p>. Hoy:<\/p>\n<p>Las Palmas 0 &#8211; Rayo Vallecano 1; Girona 5 &#8211; Almer\u00eda 2; Villarreal 1 &#8211; Alav\u00e9s 1 y Barcelona 1 &#8211; Athletic Bilbao 0.<\/p>\n<p>. Ma\u00f1ana:<\/p>\n<div class=\"banner-box\"><\/div>\n<p>Valencia-C\u00e1diz (16:00, ESPN y Star+).<\/p>\n<p>&#8211; Posiciones: Real Madrid y Girona 25 puntos; Barcelona 24; Atl\u00e9tico Madrid 22; Real Sociedad 18; Athletic Bilbao 17; Rayo Vallecano 16; Betis 14; Osasuna 13; Valencia, Getafe y Las Palmas 11; Sevilla, Villarreal, C\u00e1diz y Alav\u00e9s 9; Mallorca 8; Celta de Vigo y Granada 6 y Almer\u00eda 3. (T\u00e9lam)<\/p>\n<\/div>\n<p>Foto del golero de Girona, Paulo Gazzaniga, tambi\u00e9n entre los que Scaloni observa y convoca.<\/p>\n<\/div>\n<\/div>\n","protected":false},"excerpt":{"rendered":"<p>Girona, quien tuvo como titular al arquero argentino Paulo Gazzaniga, y empez\u00f3 perdiendo 2 a 0, gole\u00f3 finalmente a Almer\u00eda -jug\u00f3 desde el principio el capit\u00e1n argentino Lucas Robertone-, por 5 a 2, como local y se ubic\u00f3 puntero junto con Real Madrid en la Liga de f\u00fatbol de Espa\u00f1a, tras jugarse la continuidad de &hellip;<\/p>\n","protected":false},"author":2,"featured_media":2098,"comment_status":"open","ping_status":"open","sticky":false,"template":"","format":"standard","meta":{"footnotes":""},"categories":[6],"tags":[],"class_list":["post-2097","post","type-post","status-publish","format-standard","has-post-thumbnail","hentry","category-internacionales"],"_links":{"self":[{"href":"https:\/\/www.sportchaco.com.ar\/index.php?rest_route=\/wp\/v2\/posts\/2097","targetHints":{"allow":["GET"]}}],"collection":[{"href":"https:\/\/www.sportchaco.com.ar\/index.php?rest_route=\/wp\/v2\/posts"}],"about":[{"href":"https:\/\/www.sportchaco.com.ar\/index.php?rest_route=\/wp\/v2\/types\/post"}],"author":[{"embeddable":true,"href":"https:\/\/www.sportchaco.com.ar\/index.php?rest_route=\/wp\/v2\/users\/2"}],"replies":[{"embeddable":true,"href":"https:\/\/www.sportchaco.com.ar\/index.php?rest_route=%2Fwp%2Fv2%2Fcomments&post=2097"}],"version-history":[{"count":1,"href":"https:\/\/www.sportchaco.com.ar\/index.php?rest_route=\/wp\/v2\/posts\/2097\/revisions"}],"predecessor-version":[{"id":2099,"href":"https:\/\/www.sportchaco.com.ar\/index.php?rest_route=\/wp\/v2\/posts\/2097\/revisions\/2099"}],"wp:featuredmedia":[{"embeddable":true,"href":"https:\/\/www.sportchaco.com.ar\/index.php?rest_route=\/wp\/v2\/media\/2098"}],"wp:attachment":[{"href":"https:\/\/www.sportchaco.com.ar\/index.php?rest_route=%2Fwp%2Fv2%2Fmedia&parent=2097"}],"wp:term":[{"taxonomy":"category","embeddable":true,"href":"https:\/\/www.sportchaco.com.ar\/index.php?rest_route=%2Fwp%2Fv2%2Fcategories&post=2097"},{"taxonomy":"post_tag","embeddable":true,"href":"https:\/\/www.sportchaco.com.ar\/index.php?rest_route=%2Fwp%2Fv2%2Ftags&post=2097"}],"curies":[{"name":"wp","href":"https:\/\/api.w.org\/{rel}","templated":true}]}}