{"id":21053,"date":"2025-06-23T11:11:09","date_gmt":"2025-06-23T14:11:09","guid":{"rendered":"https:\/\/www.sportchaco.com.ar\/?p=21053"},"modified":"2025-06-23T18:23:48","modified_gmt":"2025-06-23T21:23:48","slug":"protocolo-antiracista-en-mundial-argentino-invbolucrado","status":"publish","type":"post","link":"https:\/\/www.sportchaco.com.ar\/?p=21053","title":{"rendered":"Protocolo antirracista en Mundial: Argentino involucrado"},"content":{"rendered":"<header class=\"article-header-wrapper\">\n<div class=\"article-header\">\n<h4 id=\"se-activo-el-protocolo-antirracismo-por-primera-vez-en-el-mundial-de-clubes:-la-acusacion-del-real-madrid-contra-un-argentino\" class=\"display-block article-headline text_align_left\">Se activ\u00f3 el protocolo antirracismo por primera vez en el Mundial de Clubes: la acusaci\u00f3n del Real Madrid contra un argentino. La FIFA estudia un posible caso de insulto racista durante el duelo entre el Merengue y Pachuca de M\u00e9xico<\/h4>\n<\/div>\n<div class=\"container-general ctn-slider-livebar\">\n<div class=\"title-container\">\n<div class=\"title-container-content\"><\/div>\n<\/div>\n<div class=\"swiper swiper-initialized swiper-horizontal single-league-cards\">\n<div id=\"swiper-wrapper-bc739fc7aed16102c\" class=\"swiper-wrapper\" aria-live=\"polite\">\n<div class=\"swiper-slide league-card-wrapper\" data-swiper-slide-index=\"40\">\n<div class=\"league-card \">\n<div class=\"league-card-body\">\n<div class=\"details\"><\/div>\n<\/div>\n<\/div>\n<\/div>\n<div class=\"swiper-slide league-card-wrapper\" data-swiper-slide-index=\"45\">\n<div class=\"league-card \">\n<div class=\"league-card-body\">\n<div class=\"details\"><\/div>\n<\/div>\n<\/div>\n<\/div>\n<\/div>\n<\/div>\n<\/div>\n<\/header>\n<article class=\"article\">\n<div class=\"sharebar-container display_flex\">\n<div class=\"sharebar-buttons-container display_flex\">\n<p>&nbsp;<\/p>\n<\/div>\n<\/div>\n<div class=\"body-article \">\n<div class=\"visual__image image-initial-width\">Antonio Rudiger y Gustavo Cabral discuten durante un encuentro entre el Real Madrid y Pachuca en el Mundial de Clubes (REUTERS\/Susana Vera)<\/div>\n<p class=\"paragraph\"><b>La FIFA activ\u00f3 el protocolo antirracismo en el Mundial de Clubes<\/b>\u00a0tras un incidente entre\u00a0<b>Antonio R\u00fcdiger<\/b>, defensor del\u00a0<b>Real Madrid, y Gustavo Cabral<\/b>, futbolista de\u00a0<b>Pachuca<\/b>, durante el\u00a0<span style=\"color: #000000;\"><a style=\"color: #000000;\" title=\"https:\/\/www.infobae.com\/deportes\/2025\/06\/22\/real-madrid-buscara-su-primer-triunfo-en-el-mundial-de-clubes-frente-a-pachuca-hora-tv-y-formaciones\/\" href=\"https:\/\/www.infobae.com\/deportes\/2025\/06\/22\/real-madrid-buscara-su-primer-triunfo-en-el-mundial-de-clubes-frente-a-pachuca-hora-tv-y-formaciones\/\" target=\"_blank\" rel=\"noopener noreferrer\">encuentro por la fase de grupos del certamen<\/a>.<\/span> Seg\u00fan reportes desde el estadio, R\u00fcdiger denunci\u00f3 insultos de \u00edndole racista dirigidos hacia \u00e9l por parte de Cabral, lo que motiv\u00f3 la intervenci\u00f3n inmediata del \u00e1rbitro principal (el brasile\u00f1o Ram\u00f3n Abatti), quien detuvo el partido y aplic\u00f3 los pasos establecidos por el organismo internacional.<\/p>\n<p class=\"paragraph\">El incidente se produjo tras una\u00a0<b>jugada dividida, donde ambos jugadores intercambiaron palabras en un clima de alta tensi\u00f3n<\/b>. R\u00fcdiger se dirigi\u00f3 directamente al \u00e1rbitro para informar que hab\u00eda recibido comentarios discriminatorios. Al comprobar la situaci\u00f3n, el cuerpo arbitral decidi\u00f3 pausar el encuentro y puso en marcha el procedimiento oficial, que incluye\u00a0<b>un gesto con brazos en forma de X de parte del juez principal y la advertencia a ambos equipos<\/b>\u00a0sobre las consecuencias de eventuales nuevas conductas racistas.<\/p>\n<div class=\"visual__image\"><picture><source srcset=\"https:\/\/www.infobae.com\/resizer\/v2\/REIS3UATA5ABJK27QGUWVYZKYU.jfif?auth=13a09b619c5017faf7b6d02ff34e307e26514a22ab040b9115b26e5941eaf3ab&amp;smart=true&amp;width=992&amp;height=558&amp;quality=85\" media=\"(min-width: 1000px)\" \/><source srcset=\"https:\/\/www.infobae.com\/resizer\/v2\/REIS3UATA5ABJK27QGUWVYZKYU.jfif?auth=13a09b619c5017faf7b6d02ff34e307e26514a22ab040b9115b26e5941eaf3ab&amp;smart=true&amp;width=768&amp;height=432&amp;quality=85\" media=\"(min-width: 768px)\" \/><source srcset=\"https:\/\/www.infobae.com\/resizer\/v2\/REIS3UATA5ABJK27QGUWVYZKYU.jfif?auth=13a09b619c5017faf7b6d02ff34e307e26514a22ab040b9115b26e5941eaf3ab&amp;smart=true&amp;width=577&amp;height=325&amp;quality=85\" media=\"(min-width: 580px)\" \/><source srcset=\"https:\/\/www.infobae.com\/resizer\/v2\/REIS3UATA5ABJK27QGUWVYZKYU.jfif?auth=13a09b619c5017faf7b6d02ff34e307e26514a22ab040b9115b26e5941eaf3ab&amp;smart=true&amp;width=420&amp;height=236&amp;quality=85\" media=\"(min-width: 350px)\" \/><source srcset=\"https:\/\/www.infobae.com\/resizer\/v2\/REIS3UATA5ABJK27QGUWVYZKYU.jfif?auth=13a09b619c5017faf7b6d02ff34e307e26514a22ab040b9115b26e5941eaf3ab&amp;smart=true&amp;width=350&amp;height=197&amp;quality=85\" media=\"(min-width: 80px)\" \/><img loading=\"lazy\" decoding=\"async\" class=\"global-image\" src=\"https:\/\/www.infobae.com\/resizer\/v2\/REIS3UATA5ABJK27QGUWVYZKYU.jfif?auth=13a09b619c5017faf7b6d02ff34e307e26514a22ab040b9115b26e5941eaf3ab&amp;smart=true&amp;width=350&amp;height=197&amp;quality=85\" alt=\"El momento en el que\" width=\"1357\" height=\"767\" \/><\/picture>El momento en el que el \u00e1rbitro hace el gesto antirracismo durante el partido entre el Real Madrid y Pachuca<\/div>\n<p class=\"paragraph\">Finalizado el partido,\u00a0<b>la FIFA confirm\u00f3 la apertura de una investigaci\u00f3n formal<\/b>\u00a0y dej\u00f3 asentado el episodio en el informe del encuentro. Im\u00e1genes y registros de las c\u00e1maras a pie de campo fueron incluidos en el expediente. Desde Pachuca,\u00a0<b>Gustavo Cabral neg\u00f3 haber proferido insultos racistas\u00a0<\/b>y asegur\u00f3 no haber tenido intenci\u00f3n de ofender a su rival.<\/p>\n<p class=\"paragraph\">\u201cSolamente que el \u00e1rbitro tambi\u00e9n hizo se\u00f1al de racismo pero no hubo nada.\u00a0<b>Es una palabra que decimos mucho en Argentina: cag\u00f3n de mierda. Todo el tiempo le repet\u00ed lo mismo. Ah\u00ed seguramente va a estar en la imagen.\u00a0<\/b>Termin\u00f3 un poco caliente por el hecho de que nos \u00edbamos al vestuario y \u00e9l me estaba desafiando a pelear. En ese momento nos fuimos al c\u00f3rner y discutimos un poco ah\u00ed. Nada m\u00e1s\u00bb, cont\u00f3 el futbolista argentino tras el partido.<\/p>\n<div class=\"jwplayer-ctn\">\n<div>\n<div id=\"3ALRMHYAZJFTFCUZXXFWJIN2PY-custom_embed6\" class=\"jwplayer jw-reset jw-state-idle jw-stretch-uniform jw-flag-aspect-mode jw-breakpoint-4 jw-floating-dismissible jw-keep-thumbnail jw-flag-user-inactive\" tabindex=\"0\" role=\"application\" aria-label=\"Video Player - La explicaci\u00f3n de Gustavo Cabral sobre su cruce con Rudiger y la denuncia por un acto racista\" aria-describedby=\"jw-3ALRMHYAZJFTFCUZXXFWJIN2PY-custom_embed6-shortcuts-tooltip-explanation\">\n<div class=\"jw-wrapper jw-reset\">\n<div class=\"jw-preview jw-reset\"><\/div>\n<div class=\"jw-controls-backdrop jw-reset\"><\/div>\n<div class=\"jw-title jw-reset-text\" dir=\"auto\">\n<div class=\"jw-title-primary jw-reset-text\"><strong>La explicaci\u00f3n de Gustavo Cabral<\/strong><\/div>\n<\/div>\n<\/div>\n<div class=\"afs_ads ad-placement\"><\/div>\n<\/div>\n<\/div>\n<p>La explicaci\u00f3n de Gustavo Cabral sobre su cruce con Rudiger y la denuncia por un acto racista<\/p>\n<\/div>\n<p class=\"paragraph\">Por otro lado, el Real Madrid solicit\u00f3 al m\u00e1ximo organismo del f\u00fatbol mundial que se esclarezcan los hechos y se act\u00fae en funci\u00f3n de los principios de tolerancia cero ante la discriminaci\u00f3n. Su entrenador, Xabi Alonso, se refiri\u00f3 a lo ocurrido en la conferencia de prensa:\u00a0<b>\u201cNos ha comentado R\u00fcdiger lo de los insultos. Le apoyamos. Se va activar el protocolo de FIFA. Es algo inaceptable, no hay tolerancia con esos actos\u201d.<\/b><\/p>\n<p class=\"paragraph\">El protocolo activado contempla sanciones deportivas y econ\u00f3micas en caso de comprobarse conductas discriminatorias. La FIFA ha implementado este reglamento en todos sus torneos internacionales, con el objetivo de erradicar episodios racistas y garantizar la integridad y bienestar de los futbolistas.<\/p>\n<div class=\"rawHTML raw_html \">\n<div class=\"twitter-tweet twitter-tweet-rendered\"><iframe id=\"twitter-widget-0\" class=\"\" title=\"X Post\" src=\"https:\/\/platform.twitter.com\/embed\/Tweet.html?creatorScreenName=infobae&amp;dnt=false&amp;embedId=twitter-widget-0&amp;features=eyJ0ZndfdGltZWxpbmVfbGlzdCI6eyJidWNrZXQiOltdLCJ2ZXJzaW9uIjpudWxsfSwidGZ3X2ZvbGxvd2VyX2NvdW50X3N1bnNldCI6eyJidWNrZXQiOnRydWUsInZlcnNpb24iOm51bGx9LCJ0ZndfdHdlZXRfZWRpdF9iYWNrZW5kIjp7ImJ1Y2tldCI6Im9uIiwidmVyc2lvbiI6bnVsbH0sInRmd19yZWZzcmNfc2Vzc2lvbiI6eyJidWNrZXQiOiJvbiIsInZlcnNpb24iOm51bGx9LCJ0ZndfZm9zbnJfc29mdF9pbnRlcnZlbnRpb25zX2VuYWJsZWQiOnsiYnVja2V0Ijoib24iLCJ2ZXJzaW9uIjpudWxsfSwidGZ3X21peGVkX21lZGlhXzE1ODk3Ijp7ImJ1Y2tldCI6InRyZWF0bWVudCIsInZlcnNpb24iOm51bGx9LCJ0ZndfZXhwZXJpbWVudHNfY29va2llX2V4cGlyYXRpb24iOnsiYnVja2V0IjoxMjA5NjAwLCJ2ZXJzaW9uIjpudWxsfSwidGZ3X3Nob3dfYmlyZHdhdGNoX3Bpdm90c19lbmFibGVkIjp7ImJ1Y2tldCI6Im9uIiwidmVyc2lvbiI6bnVsbH0sInRmd19kdXBsaWNhdGVfc2NyaWJlc190b19zZXR0aW5ncyI6eyJidWNrZXQiOiJvbiIsInZlcnNpb24iOm51bGx9LCJ0ZndfdXNlX3Byb2ZpbGVfaW1hZ2Vfc2hhcGVfZW5hYmxlZCI6eyJidWNrZXQiOiJvbiIsInZlcnNpb24iOm51bGx9LCJ0ZndfdmlkZW9faGxzX2R5bmFtaWNfbWFuaWZlc3RzXzE1MDgyIjp7ImJ1Y2tldCI6InRydWVfYml0cmF0ZSIsInZlcnNpb24iOm51bGx9LCJ0ZndfbGVnYWN5X3RpbWVsaW5lX3N1bnNldCI6eyJidWNrZXQiOnRydWUsInZlcnNpb24iOm51bGx9LCJ0ZndfdHdlZXRfZWRpdF9mcm9udGVuZCI6eyJidWNrZXQiOiJvbiIsInZlcnNpb24iOm51bGx9fQ%3D%3D&amp;frame=false&amp;hideCard=false&amp;hideThread=false&amp;id=1936903328535077372&amp;lang=es&amp;maxWidth=560px&amp;origin=https%3A%2F%2Fwww.infobae.com%2Fdeportes%2F2025%2F06%2F22%2Fse-activo-el-protocolo-antirracismo-por-primera-vez-en-el-mundial-de-clubes-la-acusacion-del-real-madrid-contra-un-argentino%2F&amp;sessionId=3f8672d1123b8341984ae54d1dc13e83cf52dde1&amp;siteScreenName=infobae&amp;theme=light&amp;widgetsVersion=2615f7e52b7e0%3A1702314776716&amp;width=550px\" frameborder=\"0\" scrolling=\"no\" allowfullscreen=\"allowfullscreen\" data-tweet-id=\"1936903328535077372\" data-mce-fragment=\"1\"><\/iframe><\/div>\n<\/div>\n<p class=\"paragraph\">El caso R\u00fcdiger\u2013Cabral se transform\u00f3 en uno de los temas centrales del certamen y puso bajo la lupa el comportamiento durante los partidos de alta competencia.<\/p>\n<p class=\"paragraph\">El organismo rector asegur\u00f3 que la investigaci\u00f3n continuar\u00e1 en los d\u00edas siguientes y que cualquier decisi\u00f3n disciplinaria se dar\u00e1 a conocer una vez recolectadas y analizadas todas las pruebas disponibles.<\/p>\n<\/div>\n<\/article>\n","protected":false},"excerpt":{"rendered":"<p>Se activ\u00f3 el protocolo antirracismo por primera vez en el Mundial de Clubes: la acusaci\u00f3n del Real Madrid contra un argentino. La FIFA estudia un posible caso de insulto racista durante el duelo entre el Merengue y Pachuca de M\u00e9xico &nbsp; Antonio Rudiger y Gustavo Cabral discuten durante un encuentro entre el Real Madrid y &hellip;<\/p>\n","protected":false},"author":2,"featured_media":21054,"comment_status":"open","ping_status":"open","sticky":false,"template":"","format":"standard","meta":{"footnotes":""},"categories":[6],"tags":[],"class_list":["post-21053","post","type-post","status-publish","format-standard","has-post-thumbnail","hentry","category-internacionales"],"_links":{"self":[{"href":"https:\/\/www.sportchaco.com.ar\/index.php?rest_route=\/wp\/v2\/posts\/21053","targetHints":{"allow":["GET"]}}],"collection":[{"href":"https:\/\/www.sportchaco.com.ar\/index.php?rest_route=\/wp\/v2\/posts"}],"about":[{"href":"https:\/\/www.sportchaco.com.ar\/index.php?rest_route=\/wp\/v2\/types\/post"}],"author":[{"embeddable":true,"href":"https:\/\/www.sportchaco.com.ar\/index.php?rest_route=\/wp\/v2\/users\/2"}],"replies":[{"embeddable":true,"href":"https:\/\/www.sportchaco.com.ar\/index.php?rest_route=%2Fwp%2Fv2%2Fcomments&post=21053"}],"version-history":[{"count":3,"href":"https:\/\/www.sportchaco.com.ar\/index.php?rest_route=\/wp\/v2\/posts\/21053\/revisions"}],"predecessor-version":[{"id":21073,"href":"https:\/\/www.sportchaco.com.ar\/index.php?rest_route=\/wp\/v2\/posts\/21053\/revisions\/21073"}],"wp:featuredmedia":[{"embeddable":true,"href":"https:\/\/www.sportchaco.com.ar\/index.php?rest_route=\/wp\/v2\/media\/21054"}],"wp:attachment":[{"href":"https:\/\/www.sportchaco.com.ar\/index.php?rest_route=%2Fwp%2Fv2%2Fmedia&parent=21053"}],"wp:term":[{"taxonomy":"category","embeddable":true,"href":"https:\/\/www.sportchaco.com.ar\/index.php?rest_route=%2Fwp%2Fv2%2Fcategories&post=21053"},{"taxonomy":"post_tag","embeddable":true,"href":"https:\/\/www.sportchaco.com.ar\/index.php?rest_route=%2Fwp%2Fv2%2Ftags&post=21053"}],"curies":[{"name":"wp","href":"https:\/\/api.w.org\/{rel}","templated":true}]}}