{"id":21074,"date":"2025-06-23T18:32:07","date_gmt":"2025-06-23T21:32:07","guid":{"rendered":"https:\/\/www.sportchaco.com.ar\/?p=21074"},"modified":"2025-06-23T19:13:39","modified_gmt":"2025-06-23T22:13:39","slug":"eldorado-con-equipos-nacionales-e-internacionales-don-bosco-participo-de-la-5o-edicion-de-la-copa-kenia-2025","status":"publish","type":"post","link":"https:\/\/www.sportchaco.com.ar\/?p=21074","title":{"rendered":"Eldorado: Con equipos nacionales e internacionales, Don Bosco particip\u00f3 de la 5\u00ba edici\u00f3n de la Copa Kenia 2025"},"content":{"rendered":"<div id=\"right-content\" class=\"relative\">\n<div id=\"content-area\" class=\"left relative\">\n<div id=\"left-content-mobi\">\n<div class=\"author-info-mob-wrap\">\n<div class=\"post-date-wrap left relative post-date-mob\"><strong>23-06-2025<\/strong><\/div>\n<\/div>\n<\/div>\n<\/div>\n<\/div>\n<div><\/div>\n<div>\n<p>Desde el 19 al 22 de junio, en el Eldorado (Misiones), el Centro Deportivo Don Bosco particip\u00f3 de la 5\u00ba edici\u00f3n de la Copa Kenia, certamen de caracter internacional que cont\u00f3 con la participaci\u00f3n de equipos de Paraguay, Brasil, Uruguay, Chile y Per\u00fa, sumados a los elencos de primer nivel nacional. En total hubo 57 conjuntos, con m\u00e1s de mil jugadores y 65 horas de juego en total. Vale resaltar que tambi\u00e9n particip\u00f3 el elenco chaque\u00f1o de Regatas Resistencia.<\/p>\n<p>\u00abEstos tipos de acontecimientos deportivos te motiva y da un empuj\u00f3n para seguir adelante en todo lo que viene, adem\u00e1s de plantearse pr\u00f3ximamente diferentes actividades, viajes y competencias con nuestro club\u00bb, remarc\u00f3 el coordinador del b\u00e1squet \u00absalesiano\u00bb, Facundo G\u00f3mez Brocal, quien junto a Lucas G\u00f3mez Brocal fueron los entrenadores a cargo de la delegaci\u00f3n de Don Bosco.<\/p>\n<\/div>\n<div id=\"right-content\" class=\"relative\">\n<div id=\"content-area\" class=\"left relative\">\n<div id=\"tps_slideContainer_27666\" class=\"theiaPostSlider_slides\">\n<p><img decoding=\"async\" class=\" lazyloaded\" src=\"https:\/\/baskettotal.com.ar\/wp-content\/uploads\/2025\/06\/CDDB-1-1000x600.jpg\" data-src=\"https:\/\/baskettotal.com.ar\/wp-content\/uploads\/2025\/06\/CDDB-1-1000x600.jpg\" \/><\/p>\n<p>La Copa Kenia-Comercial Eldorado ser\u00e1 un nuevo ejemplo de la conjunci\u00f3n entre el deporte y el turismo, que deja un derrame econ\u00f3mico importante en la provincia. Otra de las novedades para esta edici\u00f3n es que\u00a0Montecarlo tambi\u00e9n ser\u00e1 sede de la competencia.<\/p>\n<p>\u00abFue una participaci\u00f3n totalmente enriquecedora, tanto en lo deportivo como en lo personal y el crecimiento de cada chico, abri\u00e9ndote totalmente la cabeza y ubic\u00e1ndolo en una realidad que muchas veces nos cuesta ver sobre nuestro club, como tambi\u00e9n el nivel f\u00edsico y deportivo\u00bb, puntualiz\u00f3 G\u00f3mez Brocal.<\/p>\n<figure class=\"wp-block-image size-large\"><a href=\"https:\/\/baskettotal.com.ar\/wp-content\/uploads\/2025\/06\/CDDB-2.jpg\"><img loading=\"lazy\" decoding=\"async\" class=\"lazy wp-image-27667 lazy-loaded\" src=\"https:\/\/baskettotal.com.ar\/wp-content\/uploads\/2025\/06\/CDDB-2-1024x768.jpg\" sizes=\"auto, (max-width: 1024px) 100vw, 1024px\" srcset=\"https:\/\/baskettotal.com.ar\/wp-content\/uploads\/2025\/06\/CDDB-2-1024x768.jpg 1024w, https:\/\/baskettotal.com.ar\/wp-content\/uploads\/2025\/06\/CDDB-2-300x225.jpg 300w, https:\/\/baskettotal.com.ar\/wp-content\/uploads\/2025\/06\/CDDB-2-768x576.jpg 768w, https:\/\/baskettotal.com.ar\/wp-content\/uploads\/2025\/06\/CDDB-2.jpg 1040w\" alt=\"\" width=\"1024\" height=\"768\" data-lazy-type=\"image\" data-lazy-src=\"https:\/\/baskettotal.com.ar\/wp-content\/uploads\/2025\/06\/CDDB-2-1024x768.jpg\" data-lazy-srcset=\"https:\/\/baskettotal.com.ar\/wp-content\/uploads\/2025\/06\/CDDB-2-1024x768.jpg 1024w, https:\/\/baskettotal.com.ar\/wp-content\/uploads\/2025\/06\/CDDB-2-300x225.jpg 300w, https:\/\/baskettotal.com.ar\/wp-content\/uploads\/2025\/06\/CDDB-2-768x576.jpg 768w, https:\/\/baskettotal.com.ar\/wp-content\/uploads\/2025\/06\/CDDB-2.jpg 1040w\" data-lazy-sizes=\"(max-width: 1024px) 100vw, 1024px\" \/><\/a><\/figure>\n<p>Entre los elencos que pisaron la tierra colorada se destacan Boca, River, Obras, Regatas Corrientes y OTC, adem\u00e1s de que este a\u00f1o se sumaron Instituto de C\u00f3rdoba, San Lorenzo, la\u00a0Universidad Cat\u00f3lica de Chile, Osos de la Salle de Arequipa de Per\u00fa, y los de Brasil, con la primera participaci\u00f3n de Monstrinho de San Pablo.<\/p>\n<figure class=\"wp-block-image size-large\"><a href=\"https:\/\/baskettotal.com.ar\/wp-content\/uploads\/2025\/06\/CDDB-3.jpg\"><img loading=\"lazy\" decoding=\"async\" class=\"lazy wp-image-27668 lazy-loaded\" src=\"https:\/\/baskettotal.com.ar\/wp-content\/uploads\/2025\/06\/CDDB-3-1024x768.jpg\" sizes=\"auto, (max-width: 1024px) 100vw, 1024px\" srcset=\"https:\/\/baskettotal.com.ar\/wp-content\/uploads\/2025\/06\/CDDB-3-1024x768.jpg 1024w, https:\/\/baskettotal.com.ar\/wp-content\/uploads\/2025\/06\/CDDB-3-300x225.jpg 300w, https:\/\/baskettotal.com.ar\/wp-content\/uploads\/2025\/06\/CDDB-3-768x576.jpg 768w, https:\/\/baskettotal.com.ar\/wp-content\/uploads\/2025\/06\/CDDB-3.jpg 1040w\" alt=\"\" width=\"1024\" height=\"768\" data-lazy-type=\"image\" data-lazy-src=\"https:\/\/baskettotal.com.ar\/wp-content\/uploads\/2025\/06\/CDDB-3-1024x768.jpg\" data-lazy-srcset=\"https:\/\/baskettotal.com.ar\/wp-content\/uploads\/2025\/06\/CDDB-3-1024x768.jpg 1024w, https:\/\/baskettotal.com.ar\/wp-content\/uploads\/2025\/06\/CDDB-3-300x225.jpg 300w, https:\/\/baskettotal.com.ar\/wp-content\/uploads\/2025\/06\/CDDB-3-768x576.jpg 768w, https:\/\/baskettotal.com.ar\/wp-content\/uploads\/2025\/06\/CDDB-3.jpg 1040w\" data-lazy-sizes=\"(max-width: 1024px) 100vw, 1024px\" \/><\/a><\/figure>\n<p>\u00abEl resultado en categor\u00edas formativas es anecd\u00f3tico y jam\u00e1s vamos a buscar un resultado, pero s\u00ed que los chicos se lleven las vivencias, participaci\u00f3n y tranquilidad de ver que se est\u00e1n haciendo las cosas bien\u00bb, celebr\u00f3 el coach de Don Bosco.<\/p>\n<p>\u00abDe este viaje, nuestros chicos no se olvidan m\u00e1s, donde jugaron, compitieron\u00a0 y experimentaron lo que es jugar contra chicos de otros pa\u00edses y provincias\u00bb, finaliz\u00f3.<\/p>\n<\/div>\n<\/div>\n<\/div>\n<div style=\"text-align: center;\"><img loading=\"lazy\" decoding=\"async\" class=\"alignnone size-medium wp-image-21076\" src=\"https:\/\/www.sportchaco.com.ar\/wp-content\/uploads\/2025\/06\/Campo-250x250-05-1-300x300.gif\" alt=\"\" width=\"300\" height=\"300\" srcset=\"https:\/\/www.sportchaco.com.ar\/wp-content\/uploads\/2025\/06\/Campo-250x250-05-1-300x300.gif 300w, https:\/\/www.sportchaco.com.ar\/wp-content\/uploads\/2025\/06\/Campo-250x250-05-1-150x150.gif 150w\" sizes=\"auto, (max-width: 300px) 100vw, 300px\" \/> <img loading=\"lazy\" decoding=\"async\" class=\"alignnone size-medium wp-image-21077\" src=\"https:\/\/www.sportchaco.com.ar\/wp-content\/uploads\/2025\/06\/PARQUE-SOLAR_200x200-01-1-300x300.gif\" alt=\"\" width=\"300\" height=\"300\" srcset=\"https:\/\/www.sportchaco.com.ar\/wp-content\/uploads\/2025\/06\/PARQUE-SOLAR_200x200-01-1-300x300.gif 300w, https:\/\/www.sportchaco.com.ar\/wp-content\/uploads\/2025\/06\/PARQUE-SOLAR_200x200-01-1-150x150.gif 150w\" sizes=\"auto, (max-width: 300px) 100vw, 300px\" \/> <img loading=\"lazy\" decoding=\"async\" class=\"alignnone size-medium wp-image-21078\" src=\"https:\/\/www.sportchaco.com.ar\/wp-content\/uploads\/2025\/06\/BANNER-WEB-CHACO-JUEGA_300x250-1-3-300x250.gif\" alt=\"\" width=\"300\" height=\"250\" \/><\/div>\n<div id=\"right-content\" class=\"relative\">\n<div id=\"content-area\" class=\"left relative\">\n<p>&nbsp;<\/p>\n<div class=\"post-tags post-tags-mobi\"><\/div>\n<\/div>\n<\/div>\n","protected":false},"excerpt":{"rendered":"<p>23-06-2025 Desde el 19 al 22 de junio, en el Eldorado (Misiones), el Centro Deportivo Don Bosco particip\u00f3 de la 5\u00ba edici\u00f3n de la Copa Kenia, certamen de caracter internacional que cont\u00f3 con la participaci\u00f3n de equipos de Paraguay, Brasil, Uruguay, Chile y Per\u00fa, sumados a los elencos de primer nivel nacional. En total hubo &hellip;<\/p>\n","protected":false},"author":2,"featured_media":21075,"comment_status":"open","ping_status":"open","sticky":false,"template":"","format":"standard","meta":{"footnotes":""},"categories":[3],"tags":[],"class_list":["post-21074","post","type-post","status-publish","format-standard","has-post-thumbnail","hentry","category-basquetbol"],"_links":{"self":[{"href":"https:\/\/www.sportchaco.com.ar\/index.php?rest_route=\/wp\/v2\/posts\/21074","targetHints":{"allow":["GET"]}}],"collection":[{"href":"https:\/\/www.sportchaco.com.ar\/index.php?rest_route=\/wp\/v2\/posts"}],"about":[{"href":"https:\/\/www.sportchaco.com.ar\/index.php?rest_route=\/wp\/v2\/types\/post"}],"author":[{"embeddable":true,"href":"https:\/\/www.sportchaco.com.ar\/index.php?rest_route=\/wp\/v2\/users\/2"}],"replies":[{"embeddable":true,"href":"https:\/\/www.sportchaco.com.ar\/index.php?rest_route=%2Fwp%2Fv2%2Fcomments&post=21074"}],"version-history":[{"count":3,"href":"https:\/\/www.sportchaco.com.ar\/index.php?rest_route=\/wp\/v2\/posts\/21074\/revisions"}],"predecessor-version":[{"id":21084,"href":"https:\/\/www.sportchaco.com.ar\/index.php?rest_route=\/wp\/v2\/posts\/21074\/revisions\/21084"}],"wp:featuredmedia":[{"embeddable":true,"href":"https:\/\/www.sportchaco.com.ar\/index.php?rest_route=\/wp\/v2\/media\/21075"}],"wp:attachment":[{"href":"https:\/\/www.sportchaco.com.ar\/index.php?rest_route=%2Fwp%2Fv2%2Fmedia&parent=21074"}],"wp:term":[{"taxonomy":"category","embeddable":true,"href":"https:\/\/www.sportchaco.com.ar\/index.php?rest_route=%2Fwp%2Fv2%2Fcategories&post=21074"},{"taxonomy":"post_tag","embeddable":true,"href":"https:\/\/www.sportchaco.com.ar\/index.php?rest_route=%2Fwp%2Fv2%2Ftags&post=21074"}],"curies":[{"name":"wp","href":"https:\/\/api.w.org\/{rel}","templated":true}]}}