{"id":21116,"date":"2025-06-24T19:04:05","date_gmt":"2025-06-24T22:04:05","guid":{"rendered":"https:\/\/www.sportchaco.com.ar\/?p=21116"},"modified":"2025-06-24T19:04:05","modified_gmt":"2025-06-24T22:04:05","slug":"24-de-junio-el-dia-mas-argentino-del-ano","status":"publish","type":"post","link":"https:\/\/www.sportchaco.com.ar\/?p=21116","title":{"rendered":"24 de junio, el d\u00eda m\u00e1s argentino del a\u00f1o"},"content":{"rendered":"<div class=\"article__header max-width-md\">\n<h5 class=\"article__title\">24 de junio, el d\u00eda m\u00e1s argentino del a\u00f1o: la muerte de Carlos Gardel y los nacimientos de Messi y Juan Manuel Fangio. El destino hist\u00f3rico re\u00fane a tres de las personalidades m\u00e1s significativas que representan distintos aspectos de la identidad argentina. \u201cEl Zorzal\u201d, el capit\u00e1n de la selecci\u00f3n argentina y \u201cEl Chueco\u201d, \u00edcono del automovilismo.<\/h5>\n<\/div>\n<div class=\"col-fluid col-fluid-max col-fluid--clip\">\n<div class=\"article__media\">\n<figure id=\"js-main-image\" class=\"article__image pointer\"><figcaption class=\"article__image-caption\"><strong>Foto portada: La muerte de Carlos Gardel, el nacimiento de Messi y Juan Manuel Fangio.\u00a0<\/strong><\/figcaption><\/figure>\n<\/div>\n<div class=\"article__main max-width-md\">\n<div class=\"article__wrapper\">\n<div class=\"article__author-date\"><\/div>\n<div id=\"article-content\" class=\"article__content standard\">\n<p><span style=\"color: #000000;\">El\u00a024 de junio\u00a0es considerado popularmente como\u00a0\u201cel d\u00eda m\u00e1s argentino\u201d del a\u00f1o, porque en este fecha particular coinciden el fallecimiento del cantante y compositor,\u00a0<a style=\"color: #000000;\" href=\"https:\/\/www.perfil.com\/noticias\/actualidad\/las-marcas-del-horror-como-siguio-la-vida-de-los-3-sobrevivientes-del-accidente-en-el-que-murio-gardel.phtml\" target=\"_blank\" rel=\"noopener\">Carlos Gardel\u00a0<\/a>en 1935 como consecuencia de un accidente a\u00e9reo: y los nacimientos del capit\u00e1n de la Selecci\u00f3n\u00a0Lionel Messi\u00a0y el legendario piloto nacional m\u00faltiple campe\u00f3n de la F\u00f3rmula 1,\u00a0<a style=\"color: #000000;\" href=\"https:\/\/www.perfil.com\/noticias\/espectaculos\/la-historia-del-siglo-xx-a-traves-de-nuestro-mejor-piloto.phtml\" target=\"_blank\" rel=\"noopener\">Juan Manuel Fangio<\/a>.<\/span><\/p>\n<p><span style=\"color: #000000;\">El destino hist\u00f3rico re\u00fane a tres de las personalidades m\u00e1s significativas que representan distintos aspectos de la identidad argentina a trav\u00e9s de su talento. \u201cEl Zorzal\u201d, el capit\u00e1n de la selecci\u00f3n argentina y \u201cEl Chueco\u201d, \u00edcono del automovilismo.<\/span><\/p>\n<div class=\"subscription\">\n<div class=\"subscription__container\">\n<div class=\"subscription__text-wrapper\">\n<div class=\"subscription__cta-wrapper\"><\/div>\n<\/div>\n<\/div>\n<\/div>\n<p><span style=\"color: #000000;\">Entre los nacidos un\u00a024 de junio\u00a0tambi\u00e9n se encuentran nombres de peso como el novelista y ensayista\u00a0Ernesto S\u00e1bato,\u00a0el presidente e \u00eddolo de Boca\u00a0Juan Rom\u00e1n Riquelme\u00a0y tambi\u00e9n se cumple un nuevo aniversario de la muerte del carism\u00e1tico cantante de cuarteto, \u201cEl Potro\u201d Rodrigo Bueno tras un fatal siniestro vial.<\/span><\/p>\n<h2>El fallecimiento de \u201cEl Zorzal Criollo\u201d Carlos Gardel el 24 de junio de 1935<\/h2>\n<p><span style=\"color: #000000;\">Carlos Gardel\u00a0muri\u00f3 en\u00a0<a style=\"color: #000000;\" href=\"https:\/\/www.perfil.com\/noticias\/actualidad\/a-90-anos-como-esta-hoy-el-lugar-donde-murio-gardel.phtml\" target=\"_blank\" rel=\"noopener\">un accidente de avi\u00f3n\u00a0<\/a>el\u00a024 de junio\u00a0de 1935. La aeronave que lo transportaba choc\u00f3 con otra en la pista al momento de despegar. Fallecieron 17 personas. El cantautor estaba junto a su letrista Alfredo Le Pera y varios acompa\u00f1antes, que tambi\u00e9n perdieron la vida en aquel tr\u00e1gico suceso que tuvo lugar en la ciudad de Medell\u00edn, Colombia<\/span><\/p>\n<div>\n<figure class=\"image pointer\" data-order=\"1\"><picture><source srcset=\"https:\/\/fotos.perfil.com\/\/2023\/07\/04\/440\/0\/con-ayuda-de-la-inteligencia-artificial-carlos-gardel-canto-muchachos-1602032.jpg?webp\" media=\"(max-width: 440px)\" \/><source srcset=\"https:\/\/fotos.perfil.com\/\/2023\/07\/04\/712\/0\/con-ayuda-de-la-inteligencia-artificial-carlos-gardel-canto-muchachos-1602032.jpg?webp\" media=\"(max-width: 1019px)\" \/><img loading=\"lazy\" decoding=\"async\" src=\"https:\/\/fotos.perfil.com\/\/2023\/07\/04\/900\/0\/con-ayuda-de-la-inteligencia-artificial-carlos-gardel-canto-muchachos-1602032.jpg?webp\" alt=\"Con ayuda de la inteligencia artificial, Carlos Gardel cant\u00f3 \" width=\"1300\" height=\"730\" \/><\/picture><figcaption><strong>\u00abEl Zorzal Criollo\u00bb Carlos Gardel<\/strong><\/figcaption><\/figure>\n<\/div>\n<p class=\"destacadoNota\"><a href=\"https:\/\/www.perfil.com\/noticias\/cultura\/a-86-anos-de-la-muerte-de-carlos-gardel-tres-teorias-sobre-el-accidente-que-le-costo-la-vida.phtml\" target=\"_blank\" rel=\"noopener\">Carlos Gardel y el misterio de su muerte: las teor\u00edas que generan dudas sobre el accidente que le cost\u00f3 la vida<\/a><\/p>\n<p>El fat\u00eddico siniestro a\u00e9reo que le cost\u00f3 la vida al<em>\u00a0\u201cMorocho del Abasto\u201d\u00a0<\/em>fue un choque de aviones, producido en el aeropuerto Olaya Herrera, de la mencionada Medell\u00edn. Los aviones se incendiaron y de esa bola de fuego pocos pudieron escapar con vida.<\/p>\n<p><strong>Carlos Gardel\u00a0<\/strong>Comparti\u00f3 un d\u00fao con Jos\u00e9 Razzano y luego,\u00a0<em>\u201cEl Rey del Tango\u201d\u00a0<\/em>sigui\u00f3 su carrera solista, marcada en sus \u00faltimos a\u00f1os por su salto al cine sonoro y por la asociaci\u00f3n con Le Pera, con quien compuso cl\u00e1sicos como \u00abMi Buenos Aires querido\u00bb, \u00abVolver\u00bb y \u00abRubias de New York\u00bb.<\/p>\n<h2>El nacimiento de \u201cEl Chueco\u201d Juan Manuel Fangio, un 24 de junio de 1911<\/h2>\n<p><strong>Juan Manuel Fangio\u00a0<\/strong>naci\u00f3 el\u00a0<strong>24 de junio<\/strong>\u00a0de 1911 en la localidad bonaerense de Balcarce.<\/p>\n<p>Fangio enhebr\u00f3 su m\u00e1gico quinteto de campeonatos entre 1951 y 1957. \u201cEl Chueco\u201d ten\u00eda 40 a\u00f1os cuando alcanz\u00f3 su primer t\u00edtulo en la F\u00f3rmula 1. Fue el 28 de octubre de 1951, a bordo de un Alfa Romeo 159, en el GP de Espa\u00f1a, en el circuito callejero de Pedralbes.<\/p>\n<p class=\"destacadoNota\"><a href=\"https:\/\/www.perfil.com\/noticias\/actualidad\/la-trageida-de-le-mans-peor-catastrofe-historia-automovilismo-84-muertos-fangio-se-salvo.phtml\" target=\"_blank\" rel=\"noopener\">El auto que vol\u00f3 a la tribuna: c\u00f3mo fue la tragedia de Le Mans, la peor cat\u00e1strofe en la historia del automovilismo<\/a><\/p>\n<div>\n<figure class=\"image pointer\" data-order=\"2\"><picture><source srcset=\"https:\/\/fotos.perfil.com\/\/2025\/06\/24\/440\/0\/carlos-gardelmessi-y-juan-manuel-fangio20250624-2048406.jpg?webp\" media=\"(max-width: 440px)\" \/><source srcset=\"https:\/\/fotos.perfil.com\/\/2025\/06\/24\/712\/0\/carlos-gardelmessi-y-juan-manuel-fangio20250624-2048406.jpg?webp\" media=\"(max-width: 1019px)\" \/><img loading=\"lazy\" decoding=\"async\" src=\"https:\/\/fotos.perfil.com\/\/2025\/06\/24\/900\/0\/carlos-gardelmessi-y-juan-manuel-fangio20250624-2048406.jpg?webp\" alt=\"Carlos Gardel,Messi y Juan Manuel Fangio20250624 \" width=\"1300\" height=\"730\" \/><\/picture><figcaption><strong>Juan Manuel Fangio, se consagr\u00f3 campe\u00f3n de la F\u00f3rmula 1 con cuatro marcas distintas<\/strong><\/figcaption><\/figure>\n<\/div>\n<p>En 1951, hab\u00eda vencido en los grandes premios de Bremgarten y Reims, y con su victoria en Espa\u00f1a se puso la corona por primera vez.<strong>\u00a0Juan Manuel Fangio<\/strong>\u00a0repiti\u00f3 la conquista del m\u00e1ximo cetro con Mercedes (1954 y 1955), Ferrari (1956) y Maserati (1957). Es el \u00fanico piloto de la historia en haberse consagrado campe\u00f3n con cuatro marcas distintas.<\/p>\n<p>Gan\u00f3 dos t\u00edtulos de Turismo Carretera (1940 y 1941) con Chevrolet. Lleg\u00f3 a Europa para competir en la reci\u00e9n nacida F\u00f3rmula 1. Obtuvo su primer t\u00edtulo en 1951, con Alfa Romeo. En 1954 lleg\u00f3 el bicampeonato: corri\u00f3 dos carreras con Maserati y el resto de la temporada con Mercedes Benz.<\/p>\n<div class=\"embed-responsive embed-responsive-16by9 iframeContainer\"><iframe loading=\"lazy\" id=\"vrudo\" class=\"vrudo\" title=\"Contenido embebido\" src=\"https:\/\/rudo.video\/vod\/bU4eKL?volume=0\" width=\"100%\" height=\"100%\" frameborder=\"0\" scrolling=\"no\" allowfullscreen=\"allowfullscreen\" data-mce-fragment=\"1\"><\/iframe><\/div>\n<p>Despu\u00e9s de conseguir 24 triunfos, 35 podios y 29 pole-positions en la F-1, de haber mantenido en vilo a los argentinos que segu\u00edan sus carreras por la radio, de las postales cruzando la meta bajo la bandera a cuadros, don\u00a0<strong>Juan Manuel Fangio s<\/strong>e bajaba del v\u00e9rtigo para convertirse en leyenda.<\/p>\n<h2>El 24 de junio de 1987 nac\u00eda Lionel Messi, el capit\u00e1n de la selecci\u00f3n Argentina<\/h2>\n<p><strong>Lionel Messi\u00a0<\/strong>naci\u00f3 en Rosario el<strong>\u00a024 de junio\u00a0<\/strong>de 1987. Jug\u00f3 en la inferiores de Newell\u00b4s antes de irse con su familia a Espa\u00f1a, reclutado por las inferiores del Barcelona. Hizo toda su carrera en el club catal\u00e1n, donde despleg\u00f3 un talento comparable al de Diego Maradona. All\u00ed gan\u00f3 diez ligas, cuatro Champions, tres mundiales de clubes, siete copas del Rey y siete supercopas de Espa\u00f1a.<\/p>\n<div>\n<figure class=\"image pointer\" data-order=\"3\"><picture><source srcset=\"https:\/\/fotos.perfil.com\/\/2025\/05\/18\/440\/0\/lionel-messi-2025543.jpg?webp\" media=\"(max-width: 440px)\" \/><source srcset=\"https:\/\/fotos.perfil.com\/\/2025\/05\/18\/712\/0\/lionel-messi-2025543.jpg?webp\" media=\"(max-width: 1019px)\" \/><img loading=\"lazy\" decoding=\"async\" src=\"https:\/\/fotos.perfil.com\/\/2025\/05\/18\/900\/0\/lionel-messi-2025543.jpg?webp\" alt=\"Lionel Messi\" width=\"1300\" height=\"730\" \/><\/picture><figcaption><strong>Lionel Messi<\/strong><\/figcaption><\/figure>\n<\/div>\n<p>Fue campe\u00f3n mundial juvenil sub-20 con la Selecci\u00f3n argentina en Holanda, en 2005 y tres a\u00f1os m\u00e1s tarde sum\u00f3 el oro ol\u00edmpico. Subcampe\u00f3n en Brasil 2014, result\u00f3 elegido el mejor jugador de ese torneo. En 2021 se fue al Paris Saint-Germain. Ese a\u00f1o gan\u00f3 la Copa Am\u00e9rica con la Selecci\u00f3n y finalmente alz\u00f3 la Copa del Mundo en el mundial de Qatar hace poco menos de 3 a\u00f1os y conquist\u00f3 la alegr\u00eda que tan esquiva la hab\u00eda sido en las finales precedentes.<\/p>\n<p>Fuente: Diario Perfil<\/p>\n<\/div>\n<\/div>\n<\/div>\n<\/div>\n","protected":false},"excerpt":{"rendered":"<p>24 de junio, el d\u00eda m\u00e1s argentino del a\u00f1o: la muerte de Carlos Gardel y los nacimientos de Messi y Juan Manuel Fangio. El destino hist\u00f3rico re\u00fane a tres de las personalidades m\u00e1s significativas que representan distintos aspectos de la identidad argentina. \u201cEl Zorzal\u201d, el capit\u00e1n de la selecci\u00f3n argentina y \u201cEl Chueco\u201d, \u00edcono del &hellip;<\/p>\n","protected":false},"author":2,"featured_media":21117,"comment_status":"open","ping_status":"open","sticky":false,"template":"","format":"standard","meta":{"footnotes":""},"categories":[44],"tags":[],"class_list":["post-21116","post","type-post","status-publish","format-standard","has-post-thumbnail","hentry","category-varios"],"_links":{"self":[{"href":"https:\/\/www.sportchaco.com.ar\/index.php?rest_route=\/wp\/v2\/posts\/21116","targetHints":{"allow":["GET"]}}],"collection":[{"href":"https:\/\/www.sportchaco.com.ar\/index.php?rest_route=\/wp\/v2\/posts"}],"about":[{"href":"https:\/\/www.sportchaco.com.ar\/index.php?rest_route=\/wp\/v2\/types\/post"}],"author":[{"embeddable":true,"href":"https:\/\/www.sportchaco.com.ar\/index.php?rest_route=\/wp\/v2\/users\/2"}],"replies":[{"embeddable":true,"href":"https:\/\/www.sportchaco.com.ar\/index.php?rest_route=%2Fwp%2Fv2%2Fcomments&post=21116"}],"version-history":[{"count":1,"href":"https:\/\/www.sportchaco.com.ar\/index.php?rest_route=\/wp\/v2\/posts\/21116\/revisions"}],"predecessor-version":[{"id":21118,"href":"https:\/\/www.sportchaco.com.ar\/index.php?rest_route=\/wp\/v2\/posts\/21116\/revisions\/21118"}],"wp:featuredmedia":[{"embeddable":true,"href":"https:\/\/www.sportchaco.com.ar\/index.php?rest_route=\/wp\/v2\/media\/21117"}],"wp:attachment":[{"href":"https:\/\/www.sportchaco.com.ar\/index.php?rest_route=%2Fwp%2Fv2%2Fmedia&parent=21116"}],"wp:term":[{"taxonomy":"category","embeddable":true,"href":"https:\/\/www.sportchaco.com.ar\/index.php?rest_route=%2Fwp%2Fv2%2Fcategories&post=21116"},{"taxonomy":"post_tag","embeddable":true,"href":"https:\/\/www.sportchaco.com.ar\/index.php?rest_route=%2Fwp%2Fv2%2Ftags&post=21116"}],"curies":[{"name":"wp","href":"https:\/\/api.w.org\/{rel}","templated":true}]}}