{"id":21146,"date":"2025-06-24T23:19:48","date_gmt":"2025-06-25T02:19:48","guid":{"rendered":"https:\/\/www.sportchaco.com.ar\/?p=21146"},"modified":"2025-06-25T18:20:30","modified_gmt":"2025-06-25T21:20:30","slug":"efemerides-del-25-de-junio-2","status":"publish","type":"post","link":"https:\/\/www.sportchaco.com.ar\/?p=21146","title":{"rendered":"Efem\u00e9rides del 25 de junio"},"content":{"rendered":"<div class=\"container fullwidth-entry-title-wrapper\">\n<div class=\"container-wrapper fullwidth-entry-title\">\n<header class=\"entry-header-outer\">\n<div class=\"entry-header\">\n<h1 class=\"post-title entry-title\"><\/h1>\n<\/div>\n<\/header>\n<\/div>\n<\/div>\n<div id=\"content\" class=\"site-content container\">\n<div id=\"main-content-row\" class=\"tie-row main-content-row\">\n<div class=\"main-content tie-col-md-8 tie-col-xs-12\" role=\"main\">\n<article id=\"the-post\" class=\"container-wrapper post-content tie-standard\">\n<div class=\"featured-area\">\n<div class=\"featured-area-inner\">\n<h5 class=\"single-featured-image\"><\/h5>\n<\/div>\n<\/div>\n<div class=\"entry-content entry clearfix\">\n<h5><strong>Esta es la Efem\u00e9rides del Deporte en el Chaco de un 25 de junio del periodista Luis Dar\u00edo Molodezky.<\/strong><\/h5>\n<p>&nbsp;<\/p>\n<p><img loading=\"lazy\" decoding=\"async\" class=\"alignnone size-medium wp-image-20513 aligncenter\" src=\"https:\/\/www.sportchaco.com.ar\/wp-content\/uploads\/2025\/06\/Luis-2025-marzo-3-2-e1749824875302-300x217.jpg\" alt=\"\" width=\"300\" height=\"217\" srcset=\"https:\/\/www.sportchaco.com.ar\/wp-content\/uploads\/2025\/06\/Luis-2025-marzo-3-2-e1749824875302-300x217.jpg 300w, https:\/\/www.sportchaco.com.ar\/wp-content\/uploads\/2025\/06\/Luis-2025-marzo-3-2-e1749824875302.jpg 715w\" sizes=\"auto, (max-width: 300px) 100vw, 300px\" \/><\/p>\n<p><strong>1930\u00a0<\/strong>\/ Nace en Villa \u00c1ngela, Carlos Mar\u00eda\u00a0<em>Pocholo\u00a0<\/em>Aguilar. Comenz\u00f3 a jugar al b\u00e1squetbol desde los 9 a\u00f1os en Villa San Mart\u00edn. Con 16 a\u00f1os se convirti\u00f3 en jugador titular de la primera divisi\u00f3n y con 20 se consagr\u00f3 campe\u00f3n nacional de clubes en San Juan, Dos a\u00f1os despu\u00e9s se recibi\u00f3 en Buenos Aires de profesor de Educaci\u00f3n F\u00edsica. Apoyado por la comisi\u00f3n directiva y el dirigente Remigio Borque, cre\u00f3 la primera Escuela Deportiva en la entidad tricolor, ganando poco tiempo despu\u00e9s el Torneo Nacional de Gimnasia por equipos, convirti\u00e9ndose en propulsor de esa disciplina en la provincia. Como jugador integr\u00f3 equipos inolvidables, como aquel que gan\u00f3 los torneos oficiales 9 a\u00f1os seguidos. Padre de 8 hijos y 20 nietos. Falleci\u00f3 el 30 de octubre de 2014 a los 84 a\u00f1os.<\/p>\n<p><strong>1932\u00a0<\/strong>\/ Nace el Club Atl\u00e9tico Estudiantes, al amparo de la Escuela de Artes y Oficios, luego Escuela Industrial. Su primera sede fue la avenida de 9 Julio 455, y por la instituci\u00f3n pasaron nombres ilustres de nuestro f\u00fatbol, como Porfirio C\u00e1ceres, Javier Cor\u00e9, Williams Sena, Hugo Maldonado, Pablo Quiroga, Roberto Ponce, Valerio Salazar, Adelmo Romero, N\u00e9stor Jarque y otros. Su primer presidente fue El\u00edas S\u00e1nchez, acompa\u00f1ado por Domingo Mancuso, Julio Ronconi y Mauricio Kat\u00edn, aunque algunos dan como primer titular a Guillermo Stefanolo.<\/p>\n<p><strong>1947\u00a0<\/strong>\/ Nace el extraordinario goleador de b\u00e1squetbol C\u00e9sar Centanaro, due\u00f1o de una plasticidad y destreza fant\u00e1sticas. Se inici\u00f3 muy joven e Hind\u00fa Club, donde fue goleador durante 10 a\u00f1os consecutivos de los torneos locales. Pase\u00f3 su estampa por Boca Juniors y Gimnasia La Plata. Tiene el r\u00e9cord de promedio de goles por partido en el Argentino de La Rioja 1973 Chaco con 36,25 por partido.<\/p>\n<p><strong>1979\u00a0<\/strong>\/ Fallece el ex jugador de Independiente y activo presidente de la Liga de F\u00fatbol del Norte, de El Zapallar (despu\u00e9s General San Mart\u00edn) H\u00e9ctor Vallejos.<\/p>\n<p><strong>1997\u00a0<\/strong>\/ Chaco For Ever perdi\u00f3 la categor\u00eda en el Nacional B, pese a vencer a Col\u00f3n de Santa Fe por 1 a 0, con gol de Marcelo Ros\u00edn. Tres a\u00f1os antes hab\u00eda descendido de la Primera A, tras permanecer durante dos temporadas 89-90 y 90-91. El plantel de la \u00faltima jornada estuvo integrado por Star\u00f3polis; Gorniak, Jones, Acosta, Aguz\u00edn, Albarenga, Rodr\u00edguez, Aimeta, S\u00e1nchez, Ros\u00edn, G\u00f3mez, Carrasco, Colman, Valiente, Travesani y Walter Ameri. DT: Daniel Severiano Pav\u00f3n.<\/p>\n<p><strong>2000\u00a0<\/strong>\/ Uni\u00f3n Progresista de Villa \u00c1ngela se consagr\u00f3 campe\u00f3n Provincial del B\u00e1squetbol Copa Loter\u00eda Chaque\u00f1a, al vencer en el cotejo final a Hind\u00fa Club por 113 a 107. El partido se jug\u00f3 en el estadio de Regatas, y el plantel estuvo integrado por Francisco Perucca, Gonzalo Lapithzborde, Jos\u00e9\u00a0<em>Chingui\u00a0<\/em>G\u00f3mez, Miguel Pikaluk, Juan Kuznier, Marcelo Perrault, Walter Cenzano, Emanuel Fern\u00e1ndez, Daniel Liprieri, C\u00e9sar Avalle, Sebasti\u00e1n Gonz\u00e1lez, Claudio Nicoloff. DT: Hugo Vega-Jorge Lobera. Tercero fue Villa San Mart\u00edn que derrot\u00f3 a Asociaci\u00f3n Italiana de Charata por 83-67.<\/p>\n<p><strong>2006\u00a0<\/strong>\/ La joven atleta Nadia Soledad Zacar\u00edas alcanz\u00f3 una valiosa victoria en la Copa Nacional de Clubes de Atletismo realizada en la pista sint\u00e9tica de Santa Fe, donde se impuso en la prueba de marcha sobre un recorrido de cinco kil\u00f3metros.<\/p>\n<p><strong>2024 \/<\/strong> Fallece a los 92 a\u00f1os el abogado, pol\u00edtico, m\u00fasico y deportista Edwin Eric \u201cPeco\u201d Tissembaum. Su pasi\u00f3n fueron los fierros por lo que practico el motociclismo y automovilismo, aunque disfrut\u00f3 de otros deportes. Fue un pol\u00edtico de raza, comprometido con las causas de los m\u00e1s humildes. Integr\u00f3 la Liga por los Derechos del Hombre y se dedic\u00f3 a la defensa de presos pol\u00edticos.\u00a0 Prest\u00f3\u00a0testimonio ante la CONADEP en el juicio a las juntas militares por la masacre de Margarita Bel\u00e9n. El 28 de junio de 1996 present\u00f3 su segundo libro \u201cDesde m\u00e1s adentro\u201d continuaci\u00f3n de \u201cDesde adentro\u201d. El 31 de agosto de 2005 recibi\u00f3 el reconocimiento de la C\u00e1mara de Diputados del Chaco. El 10 de diciembre de 2010 la Legislatura del Chaco le entreg\u00f3 el Premio a los Derechos Humanos \u201cAmanda Mayor de Pi\u00e9rola\u201d, en su segunda edici\u00f3n. Hab\u00eda nacido el 24 de febrero de 1932.<\/p>\n<p><strong>FOTO PORTADA; Carlos Mar\u00eda \u00abPocholo\u00bb Aguilar<\/strong><\/p>\n<p>&nbsp;<\/p>\n<p>&nbsp;<\/p>\n<\/div>\n<\/article>\n<\/div>\n<\/div>\n<\/div>\n","protected":false},"excerpt":{"rendered":"<p>Esta es la Efem\u00e9rides del Deporte en el Chaco de un 25 de junio del periodista Luis Dar\u00edo Molodezky. &nbsp; 1930\u00a0\/ Nace en Villa \u00c1ngela, Carlos Mar\u00eda\u00a0Pocholo\u00a0Aguilar. Comenz\u00f3 a jugar al b\u00e1squetbol desde los 9 a\u00f1os en Villa San Mart\u00edn. Con 16 a\u00f1os se convirti\u00f3 en jugador titular de la primera divisi\u00f3n y con 20 &hellip;<\/p>\n","protected":false},"author":2,"featured_media":21147,"comment_status":"open","ping_status":"open","sticky":false,"template":"","format":"standard","meta":{"footnotes":""},"categories":[45,36],"tags":[],"class_list":["post-21146","post","type-post","status-publish","format-standard","has-post-thumbnail","hentry","category-efemerides-dia-por-dia","category-junio"],"_links":{"self":[{"href":"https:\/\/www.sportchaco.com.ar\/index.php?rest_route=\/wp\/v2\/posts\/21146","targetHints":{"allow":["GET"]}}],"collection":[{"href":"https:\/\/www.sportchaco.com.ar\/index.php?rest_route=\/wp\/v2\/posts"}],"about":[{"href":"https:\/\/www.sportchaco.com.ar\/index.php?rest_route=\/wp\/v2\/types\/post"}],"author":[{"embeddable":true,"href":"https:\/\/www.sportchaco.com.ar\/index.php?rest_route=\/wp\/v2\/users\/2"}],"replies":[{"embeddable":true,"href":"https:\/\/www.sportchaco.com.ar\/index.php?rest_route=%2Fwp%2Fv2%2Fcomments&post=21146"}],"version-history":[{"count":2,"href":"https:\/\/www.sportchaco.com.ar\/index.php?rest_route=\/wp\/v2\/posts\/21146\/revisions"}],"predecessor-version":[{"id":21187,"href":"https:\/\/www.sportchaco.com.ar\/index.php?rest_route=\/wp\/v2\/posts\/21146\/revisions\/21187"}],"wp:featuredmedia":[{"embeddable":true,"href":"https:\/\/www.sportchaco.com.ar\/index.php?rest_route=\/wp\/v2\/media\/21147"}],"wp:attachment":[{"href":"https:\/\/www.sportchaco.com.ar\/index.php?rest_route=%2Fwp%2Fv2%2Fmedia&parent=21146"}],"wp:term":[{"taxonomy":"category","embeddable":true,"href":"https:\/\/www.sportchaco.com.ar\/index.php?rest_route=%2Fwp%2Fv2%2Fcategories&post=21146"},{"taxonomy":"post_tag","embeddable":true,"href":"https:\/\/www.sportchaco.com.ar\/index.php?rest_route=%2Fwp%2Fv2%2Ftags&post=21146"}],"curies":[{"name":"wp","href":"https:\/\/api.w.org\/{rel}","templated":true}]}}