{"id":21160,"date":"2025-06-25T11:25:48","date_gmt":"2025-06-25T14:25:48","guid":{"rendered":"https:\/\/www.sportchaco.com.ar\/?p=21160"},"modified":"2025-06-25T11:43:03","modified_gmt":"2025-06-25T14:43:03","slug":"fallecio-don-adolfo-vinuela","status":"publish","type":"post","link":"https:\/\/www.sportchaco.com.ar\/?p=21160","title":{"rendered":"Falleci\u00f3 don Adolfo Vi\u00f1uela"},"content":{"rendered":"<p><strong>A los 93 a\u00f1os falleci\u00f3 en nuestra ciudad el locutor Adolfo Vi\u00f1uela, quien se desempe\u00f1ara en la vieja LT5 radio Chaco, cuando la radio era e \u00fanico medio de comunicaci\u00f3n directa con la gente.\u00a0<\/strong><\/p>\n<p>De una camada de incre\u00edbles locutores y t\u00e9cnicos, comparti\u00f3 micr\u00f3fonos entre otros con grandes figuras como Susana y Cristina Echevarr\u00eda, Norma Colombo, Pocha Valussi, Ferreyra, Ricardo Barrionuevo y , Ricardo Ruiz, Alfredo Norniella, Adolfo Ren\u00e9 Becker, entre otros.<\/p>\n<p>Adolfo es el padre de Jos\u00e9 Vi\u00f1uela, hombre vinculado a la televisi\u00f3n y radio, conducci\u00f3n y ahora en las redes sociales con gran suceso. Su madre tambi\u00e9n una una destacada labor period\u00edstica en diarios El Territorio y Norte, adem\u00e1s de medios de Buenos Aires.<\/p>\n<p>Adem\u00e1s, aunque no era habitual, participaba como locutor en programas y transmisiones deportivas.<\/p>\n<p>Hab\u00eda nacido Hab\u00eda nacido el 26 de enero de 1932 en Resistencia<\/p>\n<p>\u00bf <img loading=\"lazy\" decoding=\"async\" class=\"alignnone wp-image-21162\" src=\"https:\/\/www.sportchaco.com.ar\/wp-content\/uploads\/2025\/06\/Adolfo-vinuela-1-300x269.jpg\" alt=\"\" width=\"300\" height=\"269\" srcset=\"https:\/\/www.sportchaco.com.ar\/wp-content\/uploads\/2025\/06\/Adolfo-vinuela-1-300x269.jpg 300w, https:\/\/www.sportchaco.com.ar\/wp-content\/uploads\/2025\/06\/Adolfo-vinuela-1-1024x919.jpg 1024w, https:\/\/www.sportchaco.com.ar\/wp-content\/uploads\/2025\/06\/Adolfo-vinuela-1-768x690.jpg 768w, https:\/\/www.sportchaco.com.ar\/wp-content\/uploads\/2025\/06\/Adolfo-vinuela-1.jpg 1440w\" sizes=\"auto, (max-width: 300px) 100vw, 300px\" \/> <img loading=\"lazy\" decoding=\"async\" class=\"alignnone wp-image-21163\" src=\"https:\/\/www.sportchaco.com.ar\/wp-content\/uploads\/2025\/06\/vinuela-adolf-2-219x300.jpg\" alt=\"\" width=\"201\" height=\"276\" srcset=\"https:\/\/www.sportchaco.com.ar\/wp-content\/uploads\/2025\/06\/vinuela-adolf-2-219x300.jpg 219w, https:\/\/www.sportchaco.com.ar\/wp-content\/uploads\/2025\/06\/vinuela-adolf-2.jpg 539w\" sizes=\"auto, (max-width: 201px) 100vw, 201px\" \/> <img loading=\"lazy\" decoding=\"async\" class=\"alignnone wp-image-21164\" src=\"https:\/\/www.sportchaco.com.ar\/wp-content\/uploads\/2025\/06\/Vinuela-adolfo-1-249x300.jpg\" alt=\"\" width=\"232\" height=\"280\" srcset=\"https:\/\/www.sportchaco.com.ar\/wp-content\/uploads\/2025\/06\/Vinuela-adolfo-1-249x300.jpg 249w, https:\/\/www.sportchaco.com.ar\/wp-content\/uploads\/2025\/06\/Vinuela-adolfo-1.jpg 407w\" sizes=\"auto, (max-width: 232px) 100vw, 232px\" \/><\/p>\n<p><img loading=\"lazy\" decoding=\"async\" class=\"alignnone size-medium wp-image-21176\" src=\"https:\/\/www.sportchaco.com.ar\/wp-content\/uploads\/2025\/06\/Vinuela-con-Altamirano-300x216.jpg\" alt=\"\" width=\"300\" height=\"216\" srcset=\"https:\/\/www.sportchaco.com.ar\/wp-content\/uploads\/2025\/06\/Vinuela-con-Altamirano-300x216.jpg 300w, https:\/\/www.sportchaco.com.ar\/wp-content\/uploads\/2025\/06\/Vinuela-con-Altamirano.jpg 646w\" sizes=\"auto, (max-width: 300px) 100vw, 300px\" \/><\/p>\n<p>Jorge Altamirano junto a Adolfo y Jos\u00e9<\/p>\n<p>&nbsp;<\/p>\n<p>https:\/\/www.facebook.com\/share\/v\/1AbioFyAHw\/<\/p>\n","protected":false},"excerpt":{"rendered":"<p>A los 93 a\u00f1os falleci\u00f3 en nuestra ciudad el locutor Adolfo Vi\u00f1uela, quien se desempe\u00f1ara en la vieja LT5 radio Chaco, cuando la radio era e \u00fanico medio de comunicaci\u00f3n directa con la gente.\u00a0 De una camada de incre\u00edbles locutores y t\u00e9cnicos, comparti\u00f3 micr\u00f3fonos entre otros con grandes figuras como Susana y Cristina Echevarr\u00eda, Norma &hellip;<\/p>\n","protected":false},"author":2,"featured_media":21161,"comment_status":"open","ping_status":"open","sticky":false,"template":"","format":"standard","meta":{"footnotes":""},"categories":[44],"tags":[],"class_list":["post-21160","post","type-post","status-publish","format-standard","has-post-thumbnail","hentry","category-varios"],"_links":{"self":[{"href":"https:\/\/www.sportchaco.com.ar\/index.php?rest_route=\/wp\/v2\/posts\/21160","targetHints":{"allow":["GET"]}}],"collection":[{"href":"https:\/\/www.sportchaco.com.ar\/index.php?rest_route=\/wp\/v2\/posts"}],"about":[{"href":"https:\/\/www.sportchaco.com.ar\/index.php?rest_route=\/wp\/v2\/types\/post"}],"author":[{"embeddable":true,"href":"https:\/\/www.sportchaco.com.ar\/index.php?rest_route=\/wp\/v2\/users\/2"}],"replies":[{"embeddable":true,"href":"https:\/\/www.sportchaco.com.ar\/index.php?rest_route=%2Fwp%2Fv2%2Fcomments&post=21160"}],"version-history":[{"count":5,"href":"https:\/\/www.sportchaco.com.ar\/index.php?rest_route=\/wp\/v2\/posts\/21160\/revisions"}],"predecessor-version":[{"id":21178,"href":"https:\/\/www.sportchaco.com.ar\/index.php?rest_route=\/wp\/v2\/posts\/21160\/revisions\/21178"}],"wp:featuredmedia":[{"embeddable":true,"href":"https:\/\/www.sportchaco.com.ar\/index.php?rest_route=\/wp\/v2\/media\/21161"}],"wp:attachment":[{"href":"https:\/\/www.sportchaco.com.ar\/index.php?rest_route=%2Fwp%2Fv2%2Fmedia&parent=21160"}],"wp:term":[{"taxonomy":"category","embeddable":true,"href":"https:\/\/www.sportchaco.com.ar\/index.php?rest_route=%2Fwp%2Fv2%2Fcategories&post=21160"},{"taxonomy":"post_tag","embeddable":true,"href":"https:\/\/www.sportchaco.com.ar\/index.php?rest_route=%2Fwp%2Fv2%2Ftags&post=21160"}],"curies":[{"name":"wp","href":"https:\/\/api.w.org\/{rel}","templated":true}]}}