{"id":21167,"date":"2025-06-25T23:56:53","date_gmt":"2025-06-26T02:56:53","guid":{"rendered":"https:\/\/www.sportchaco.com.ar\/?p=21167"},"modified":"2025-06-25T23:57:59","modified_gmt":"2025-06-26T02:57:59","slug":"efemerides-del-26-de-junio-2","status":"publish","type":"post","link":"https:\/\/www.sportchaco.com.ar\/?p=21167","title":{"rendered":"Efem\u00e9rides del 26 de junio"},"content":{"rendered":"<div class=\"container fullwidth-entry-title-wrapper\">\n<div class=\"container-wrapper fullwidth-entry-title\">\n<header class=\"entry-header-outer\">\n<div class=\"entry-header\">\n<div class=\"single-post-meta post-meta clearfix\"><\/div>\n<\/div>\n<\/header>\n<\/div>\n<\/div>\n<div id=\"content\" class=\"site-content container\">\n<div id=\"main-content-row\" class=\"tie-row main-content-row\">\n<div class=\"main-content tie-col-md-8 tie-col-xs-12\" role=\"main\">\n<article id=\"the-post\" class=\"container-wrapper post-content tie-standard\">\n<div class=\"featured-area\">\n<div class=\"featured-area-inner\"><\/div>\n<\/div>\n<div class=\"entry-content entry clearfix\">\n<h5><strong>Esta es la Efem\u00e9rides del Deporte en el Chaco de un 26 de junio del periodista Luis Dar\u00edo Molodezky.<\/strong><\/h5>\n<p>&nbsp;<\/p>\n<p><img loading=\"lazy\" decoding=\"async\" class=\"alignnone size-full wp-image-21169 aligncenter\" src=\"https:\/\/www.sportchaco.com.ar\/wp-content\/uploads\/2025\/06\/Luis-2025-marzo-3-2-e1749824875302-300x217-1.jpg\" alt=\"\" width=\"300\" height=\"217\" \/><\/p>\n<p>&nbsp;<\/p>\n<p><strong>1927\u00a0<\/strong>\/ Nace el Club Social y Deportivo Uni\u00f3n de Machagai, en un asentamiento en la zona conocida como \u201cPueblo Viejo\u201d. Socios fundadores: Adolfo Codutti, Eugenio Lovey, C\u00e1ndido Ram\u00edrez, Julio Bellini, Alfonso Rodr\u00edguez y Ram\u00f3n Pintos. Su primer presidente fue Ram\u00f3n Pintos, en los a\u00f1os siguientes se recuerda como presidentes de la instituci\u00f3n a don C\u00e1ndido Ram\u00edrez y Eugenio Lovey. En su sede social de Juncal y Corrientes, se practica el f\u00fatbol, funciona la escuela infantil, f\u00fatbol 5, p\u00e1del, v\u00f3ley, karate, b\u00e1squetbol en infantiles y cadetes.<\/p>\n<p>&nbsp;<\/p>\n<p><strong>1938 \/<\/strong>\u00a0Naci\u00f3 en Santa Fe Luis Lutringer, aunque muy joven se radic\u00f3 en el Chaco, afirm\u00e1ndose r\u00e1pidamente como N\u00b0 2 de San Fernando. Se prob\u00f3 en Belgrano y Chacarita, pero finalmente su pase fue a Sarmiento, donde se destac\u00f3 por su estampa y fortaleza. Fue campe\u00f3n en varias ocasiones con al aurirroja y tambi\u00e9n con la Liga Chaque\u00f1a obtuvo el t\u00edtulo argentino en 1968. Trabaj\u00f3 y se jubil\u00f3 en Correo Argentino.<\/p>\n<p><img loading=\"lazy\" decoding=\"async\" class=\"alignnone size-medium wp-image-21172\" src=\"https:\/\/www.sportchaco.com.ar\/wp-content\/uploads\/2025\/06\/Luis-Lutringer-1-300x220.jpg\" alt=\"\" width=\"300\" height=\"220\" srcset=\"https:\/\/www.sportchaco.com.ar\/wp-content\/uploads\/2025\/06\/Luis-Lutringer-1-300x220.jpg 300w, https:\/\/www.sportchaco.com.ar\/wp-content\/uploads\/2025\/06\/Luis-Lutringer-1.jpg 600w\" sizes=\"auto, (max-width: 300px) 100vw, 300px\" \/><\/p>\n<p>&nbsp;<\/p>\n<p><strong>1949 \/<\/strong>\u00a0Nace en Barranqueras el periodista deportivo y m\u00e9dico Miguel Omar Retamoso, que fuera horado con el t\u00edtulo de \u201cMaestro del periodismo deportivo\u201d por sus pares del pa\u00eds y ciudadano ilustre de la ciudad portuaria. Durante varios periodos presidi\u00f3 el C\u00edrculo de Periodistas Deportivos del Chaco. Se recibi\u00f3 en la UNNE de m\u00e9dico, ejerciendo en salud p\u00fablica y privada. Se inicio como aprendiz en la vieja Radio Chaco (ex LT5) en el programa Deportivas Chaco con Eduardo Rub\u00e9n Ferreyra, Ricardo Victoriano C\u00e1rdenas, Alfredo Flores. M\u00e1s adelante llegaron al programa Edison Omar Rodr\u00edguez, Edmundo Duncan Molina, Jorge Diel, Jorge Altamirano, Ra\u00fal Castro y muchos m\u00e1s. En la carrera period\u00edstica comenz\u00f3 haciendo estudios centrales, despu\u00e9s campo de juego, hasta llegar a ser relator de f\u00fatbol automovilismo y boxeo. Fue m\u00e9dico y dirigente de Don Orione, presidente del C\u00edrculo de Ajedrez de Barranqueras. El 22 de junio de 2023 cumpli\u00f3 las bodas de oro como periodista deportivo, encontr\u00e1ndolo como presidente del CPDCh.<\/p>\n<p><strong>1964\u00a0<\/strong>\/ El boxeador chaque\u00f1o Ram\u00f3n La Cruz, de Barranqueras, es proclamado campe\u00f3n argentino de los welter por no responder a su desaf\u00edo Luis Federico Thompson, quien era campe\u00f3n desde el 22 de agosto de 1959, cuando le gan\u00f3 por puntos a Cirilo Gil.<\/p>\n<p><strong>2000\u00a0<\/strong>\/ Fallece Mateo Dino a los 88 a\u00f1os. Hab\u00eda nacido el 10 de marzo de 1912 en Rosario, donde se mezcl\u00f3 como aficionado en el boxeo. Lleg\u00f3 a Resistencia en 1975 para seguir ligado al deporte a trav\u00e9s de la Escuela \u201cEl Pulpo\u201d que marc\u00f3 toda una \u00e9poca en la canchita de calle Salta, como as\u00ed tambi\u00e9n los \u201ctemibles\u201d equipos conducidos por don Dino que eran siempre principales protagonistas en los torneos Evita y de El Territorio.<img loading=\"lazy\" decoding=\"async\" class=\"alignnone size-medium wp-image-21170\" src=\"https:\/\/www.sportchaco.com.ar\/wp-content\/uploads\/2025\/06\/Mateo-Dino-jose-263x300.jpg\" alt=\"\" width=\"263\" height=\"300\" srcset=\"https:\/\/www.sportchaco.com.ar\/wp-content\/uploads\/2025\/06\/Mateo-Dino-jose-263x300.jpg 263w, https:\/\/www.sportchaco.com.ar\/wp-content\/uploads\/2025\/06\/Mateo-Dino-jose.jpg 743w\" sizes=\"auto, (max-width: 263px) 100vw, 263px\" \/><\/p>\n<p><strong>2006\u00a0<\/strong>\/ El equipo femenino de voleibol de Hurac\u00e1n Las Bre\u00f1as se consagr\u00f3 campe\u00f3n provincial al vencer a Regatas Resistencia en su cancha por el campeonato oficial de nuestra provincia, organizado por la Federaci\u00f3n Chaque\u00f1a de V\u00f3ley. El equipo campe\u00f3n bajo la direcci\u00f3n t\u00e9cnica del profesor Jos\u00e9 Gregorio Calder\u00f3n, lo integraron: Daniela Distel (17 a\u00f1os); Marcela Fr\u00edas (17) M\u00f3nica Fr\u00edas (15); Yamila Gauna (16); Romina Jovanovich (16); Noelia Lezcano (16) Madeleine Jacques (15); Wanda Sauer (15) y Daiana Azcona (17 a\u00f1os).<\/p>\n<p><strong>2024 \/<\/strong> Fallece a los 92 a\u00f1os el abogado, pol\u00edtico, m\u00fasico y deportista Edwin Eric \u201cPeco\u201d Tissembaum. Su pasi\u00f3n fueron los fierros por lo que practico el motociclismo y automovilismo, aunque disfrut\u00f3 de otros deportes. Fue un pol\u00edtico de raza, comprometido con las causas de los m\u00e1s humildes. Integr\u00f3 la Liga por los Derechos del Hombre y se dedic\u00f3 a la defensa de presos pol\u00edticos.\u00a0 Prest\u00f3 testimonio ante la CONADEP en el juicio a las juntas militares por la masacre de Margarita Bel\u00e9n. El 28 de junio de 1996 present\u00f3 su segundo libro \u201cDesde m\u00e1s adentro\u201d continuaci\u00f3n de \u201cDesde adentro\u201d. El 31 de agosto de 2005 recibi\u00f3 el reconocimiento de la C\u00e1mara de Diputados del Chaco. El 10 de diciembre de 2010 la Legislatura del Chaco le entreg\u00f3 el Premio a los Derechos Humanos \u201cAmanda Mayor de Pi\u00e9rola\u201d, en su segunda edici\u00f3n. Hab\u00eda nacido el 24 de febrero de 1932.<\/p>\n<\/div>\n<\/article>\n<p><strong>Foto portada de Ram\u00f3n La Cruz<\/strong><\/p>\n<article id=\"the-post\" class=\"container-wrapper post-content tie-standard\">\n<div class=\"entry-content entry clearfix\">\n<p>&nbsp;<\/p>\n<\/div>\n<\/article>\n<\/div>\n<\/div>\n<\/div>\n","protected":false},"excerpt":{"rendered":"<p>Esta es la Efem\u00e9rides del Deporte en el Chaco de un 26 de junio del periodista Luis Dar\u00edo Molodezky. &nbsp; &nbsp; 1927\u00a0\/ Nace el Club Social y Deportivo Uni\u00f3n de Machagai, en un asentamiento en la zona conocida como \u201cPueblo Viejo\u201d. Socios fundadores: Adolfo Codutti, Eugenio Lovey, C\u00e1ndido Ram\u00edrez, Julio Bellini, Alfonso Rodr\u00edguez y Ram\u00f3n &hellip;<\/p>\n","protected":false},"author":2,"featured_media":21231,"comment_status":"open","ping_status":"open","sticky":false,"template":"","format":"standard","meta":{"footnotes":""},"categories":[45,36],"tags":[],"class_list":["post-21167","post","type-post","status-publish","format-standard","has-post-thumbnail","hentry","category-efemerides-dia-por-dia","category-junio"],"_links":{"self":[{"href":"https:\/\/www.sportchaco.com.ar\/index.php?rest_route=\/wp\/v2\/posts\/21167","targetHints":{"allow":["GET"]}}],"collection":[{"href":"https:\/\/www.sportchaco.com.ar\/index.php?rest_route=\/wp\/v2\/posts"}],"about":[{"href":"https:\/\/www.sportchaco.com.ar\/index.php?rest_route=\/wp\/v2\/types\/post"}],"author":[{"embeddable":true,"href":"https:\/\/www.sportchaco.com.ar\/index.php?rest_route=\/wp\/v2\/users\/2"}],"replies":[{"embeddable":true,"href":"https:\/\/www.sportchaco.com.ar\/index.php?rest_route=%2Fwp%2Fv2%2Fcomments&post=21167"}],"version-history":[{"count":4,"href":"https:\/\/www.sportchaco.com.ar\/index.php?rest_route=\/wp\/v2\/posts\/21167\/revisions"}],"predecessor-version":[{"id":21186,"href":"https:\/\/www.sportchaco.com.ar\/index.php?rest_route=\/wp\/v2\/posts\/21167\/revisions\/21186"}],"wp:featuredmedia":[{"embeddable":true,"href":"https:\/\/www.sportchaco.com.ar\/index.php?rest_route=\/wp\/v2\/media\/21231"}],"wp:attachment":[{"href":"https:\/\/www.sportchaco.com.ar\/index.php?rest_route=%2Fwp%2Fv2%2Fmedia&parent=21167"}],"wp:term":[{"taxonomy":"category","embeddable":true,"href":"https:\/\/www.sportchaco.com.ar\/index.php?rest_route=%2Fwp%2Fv2%2Fcategories&post=21167"},{"taxonomy":"post_tag","embeddable":true,"href":"https:\/\/www.sportchaco.com.ar\/index.php?rest_route=%2Fwp%2Fv2%2Ftags&post=21167"}],"curies":[{"name":"wp","href":"https:\/\/api.w.org\/{rel}","templated":true}]}}