{"id":2120,"date":"2023-10-23T18:45:48","date_gmt":"2023-10-23T21:45:48","guid":{"rendered":"https:\/\/www.sportchaco.com.ar\/?p=2120"},"modified":"2023-10-23T18:45:48","modified_gmt":"2023-10-23T21:45:48","slug":"dos-salidas-mas-en-for-ever","status":"publish","type":"post","link":"https:\/\/www.sportchaco.com.ar\/?p=2120","title":{"rendered":"Dos salidas m\u00e1s en For Ever"},"content":{"rendered":"<p>El equipo de For Ever fue licenciado hasta la segunda quincena del mes de noviembre luego de culminar su paricipaci\u00f3n en el campeonato de la Primera Nacional.<\/p>\n<p>El representante chaque\u00f1o salv\u00f3 la categor\u00eda a tres fechas del final y qued\u00f3 lejos de la zona de Reducido con lo cual finaliz\u00f3 su participaci\u00f3n en la temporada 2023.<\/p>\n<p>De all\u00ed en m\u00e1s, comenzaron las negociaciones con los jugadores y sus representantes por parte de los dirigentes del club y en la primera semana cuatro jugadores sellaron su desvinculaci\u00f3n de la insituci\u00f3n. Ellos fueron Nicol\u00e1s Ju\u00e1rez, Enzo Bruno, Claudio Villagra y Emiliano Bogado.<\/p>\n<p>Mientras que en los \u00faltimos d\u00edas rescindieron sus contratos el lateral derecho Lucas Fern\u00e1ndez y el volante Central Emanuel D\u00edaz.<\/p>\n<p>Por parte del mendocino, fue homenajeado por For Ever antes de su salida ya que D\u00edaz fue el encargado de patear el penal en la final del Federal \u00abA\u00bb 2021 que le dio el ascenso al \u00abnegro\u00bb.<\/p>\n<p><b>EL PLANTEL HOY<\/b><br \/>\n<b>ARQUEROS<\/b><br \/>\nGast\u00f3n Canuto<br \/>\nLuciano Silva (tiene contrato hasta 2024)<br \/>\nLeandro Ledesma<\/p>\n<p><b>DEFENSORES<\/b><br \/>\nJuan Galetto<br \/>\nDavid Valdez<br \/>\nGino Barbieri (a pr\u00e9stamo; es de Belgrano)<br \/>\nEmir Faccioli<br \/>\nRicardo Garay Lima<br \/>\nYair Mar\u00edn<br \/>\nFacundo Monteseir\u00edn (tiene contrato hasta 2024)<br \/>\nMarcos Fissore<br \/>\nIgnacio Abraham<\/p>\n<p><b>VOLANTES<\/b><br \/>\nAlan Sombra (tiene contrato hasta 2024)<br \/>\nSantiago Valenzuela<br \/>\nDiego S\u00e1nchez Paredes<br \/>\nMateo Maccari<br \/>\nJavier Iritier (tiene contrato hasta 2024)<br \/>\nBrian Nievas (a pr\u00e9stamo; es de Patronato)<br \/>\nLeandro Allende<br \/>\nJavier Bayk<\/p>\n<p><b>DELANTEROS<\/b><br \/>\nNicol\u00e1s Silva<br \/>\nGonzalo R\u00edos (tiene contrato hasta 2024)<br \/>\nCristian Ibarra (tiene contrato hasta 2024)<br \/>\nJonathan Dellarossa (a pr\u00e9stamo; es de Instituto)<br \/>\nMat\u00edas Romero<\/p>\n<p>&nbsp;<\/p>\n","protected":false},"excerpt":{"rendered":"<p>El equipo de For Ever fue licenciado hasta la segunda quincena del mes de noviembre luego de culminar su paricipaci\u00f3n en el campeonato de la Primera Nacional. El representante chaque\u00f1o salv\u00f3 la categor\u00eda a tres fechas del final y qued\u00f3 lejos de la zona de Reducido con lo cual finaliz\u00f3 su participaci\u00f3n en la temporada &hellip;<\/p>\n","protected":false},"author":3,"featured_media":2121,"comment_status":"open","ping_status":"open","sticky":false,"template":"","format":"standard","meta":{"footnotes":""},"categories":[5],"tags":[],"class_list":["post-2120","post","type-post","status-publish","format-standard","has-post-thumbnail","hentry","category-futbol"],"_links":{"self":[{"href":"https:\/\/www.sportchaco.com.ar\/index.php?rest_route=\/wp\/v2\/posts\/2120","targetHints":{"allow":["GET"]}}],"collection":[{"href":"https:\/\/www.sportchaco.com.ar\/index.php?rest_route=\/wp\/v2\/posts"}],"about":[{"href":"https:\/\/www.sportchaco.com.ar\/index.php?rest_route=\/wp\/v2\/types\/post"}],"author":[{"embeddable":true,"href":"https:\/\/www.sportchaco.com.ar\/index.php?rest_route=\/wp\/v2\/users\/3"}],"replies":[{"embeddable":true,"href":"https:\/\/www.sportchaco.com.ar\/index.php?rest_route=%2Fwp%2Fv2%2Fcomments&post=2120"}],"version-history":[{"count":1,"href":"https:\/\/www.sportchaco.com.ar\/index.php?rest_route=\/wp\/v2\/posts\/2120\/revisions"}],"predecessor-version":[{"id":2122,"href":"https:\/\/www.sportchaco.com.ar\/index.php?rest_route=\/wp\/v2\/posts\/2120\/revisions\/2122"}],"wp:featuredmedia":[{"embeddable":true,"href":"https:\/\/www.sportchaco.com.ar\/index.php?rest_route=\/wp\/v2\/media\/2121"}],"wp:attachment":[{"href":"https:\/\/www.sportchaco.com.ar\/index.php?rest_route=%2Fwp%2Fv2%2Fmedia&parent=2120"}],"wp:term":[{"taxonomy":"category","embeddable":true,"href":"https:\/\/www.sportchaco.com.ar\/index.php?rest_route=%2Fwp%2Fv2%2Fcategories&post=2120"},{"taxonomy":"post_tag","embeddable":true,"href":"https:\/\/www.sportchaco.com.ar\/index.php?rest_route=%2Fwp%2Fv2%2Ftags&post=2120"}],"curies":[{"name":"wp","href":"https:\/\/api.w.org\/{rel}","templated":true}]}}