{"id":21232,"date":"2025-06-26T10:19:37","date_gmt":"2025-06-26T13:19:37","guid":{"rendered":"https:\/\/www.sportchaco.com.ar\/?p=21232"},"modified":"2025-06-26T22:54:00","modified_gmt":"2025-06-27T01:54:00","slug":"fallecio-armanado-sosa-mena","status":"publish","type":"post","link":"https:\/\/www.sportchaco.com.ar\/?p=21232","title":{"rendered":"Falleci\u00f3 Armando Sosa Mena"},"content":{"rendered":"<p><strong>Anoche falleci\u00f3 en Resistencia el empresario y publicista Armando Sosa Mena, el \u00abnegro\u00bb para los amigos.<\/strong><\/p>\n<p>&nbsp;<\/p>\n<p>El 16 de marzo de 1940 naci\u00f3 el empresario y publicista Armando Sosa Mena. Cuando era estudiante de Medicina ten\u00eda una audici\u00f3n en LT 5 Junto a otros compa\u00f1eros que se llamaba \u201cSala de Guardia\u201d.<\/p>\n<p>Fue entonces cuando el gerente comercial de la radio le propuso vender avisos para la emisora. Fue as\u00ed como estuvo durante muchos a\u00f1os ligado a los medios de comunicaci\u00f3n y tras abandonar Medicina cre\u00f3 una agencia de publicidad y se lig\u00f3 las transmisiones deportivas. Fue productor de las transmisiones de f\u00fatbol desde la d\u00e9cada del 70.<\/p>\n<p>Fue pionero en las agencias de publicidad inici\u00e1ndose en Organizaci\u00f3n Publicitaria y creando luego Sosa Mena &amp; Asociados y finalmente Asesores Publicitarios S.A.<\/p>\n<p>Fue el avisador de Rodr\u00edguez Barro y de \u00cd\u00f1iguez, supermercados de los 60 y 70 y cre\u00f3 gingles memorables como los de Chamaco y Cerno \u201cEl mosaico eterno\u201d. Tambi\u00e9n fue pionero en la televisi\u00f3n por cable creando y dirigiendo Cable Color, el Canal de la Casita.<\/p>\n<p>Fue presidente de la C\u00e1mara de Comercio, Industria y Producci\u00f3n en dos per\u00edodos 1986-88 y 1997-99 y particip\u00f3 de numerosas instituciones solidarias y de bien p\u00fablico de Resistencia. En la d\u00e9cada del 80 fue por tres a\u00f1os gerente comercial de diario Norte.<\/p>\n<p>Estuvo casado con Teresita Sobrado y fue padre de tres hijos, Mandy, uno de ellos, lo sigui\u00f3 en el rublo publicitario. Hab\u00eda nacido en Presidencia de la Plaza el\u00a0 16 de marzo de 1940\u00a0 Fuente Eduardo L\u00f3pez.<\/p>\n<p><iframe loading=\"lazy\" title=\"5 FOTOS   SOSA MENA   B1\" width=\"500\" height=\"281\" src=\"https:\/\/www.youtube.com\/embed\/-nkBErcgJUY?feature=oembed\" frameborder=\"0\" allow=\"accelerometer; autoplay; clipboard-write; encrypted-media; gyroscope; picture-in-picture; web-share\" referrerpolicy=\"strict-origin-when-cross-origin\" allowfullscreen><\/iframe><\/p>\n<p>&nbsp;<\/p>\n<p><iframe loading=\"lazy\" title=\"5 FOTOS   SOSA MENA   B2\" width=\"500\" height=\"281\" src=\"https:\/\/www.youtube.com\/embed\/oMPtPADE3b0?feature=oembed\" frameborder=\"0\" allow=\"accelerometer; autoplay; clipboard-write; encrypted-media; gyroscope; picture-in-picture; web-share\" referrerpolicy=\"strict-origin-when-cross-origin\" allowfullscreen><\/iframe><\/p>\n<p><iframe loading=\"lazy\" title=\"5 FOTOS   SOSA MENA   B3\" width=\"500\" height=\"281\" src=\"https:\/\/www.youtube.com\/embed\/oN296kYtwXI?feature=oembed\" frameborder=\"0\" allow=\"accelerometer; autoplay; clipboard-write; encrypted-media; gyroscope; picture-in-picture; web-share\" referrerpolicy=\"strict-origin-when-cross-origin\" allowfullscreen><\/iframe><\/p>\n","protected":false},"excerpt":{"rendered":"<p>Anoche falleci\u00f3 en Resistencia el empresario y publicista Armando Sosa Mena, el \u00abnegro\u00bb para los amigos. &nbsp; El 16 de marzo de 1940 naci\u00f3 el empresario y publicista Armando Sosa Mena. Cuando era estudiante de Medicina ten\u00eda una audici\u00f3n en LT 5 Junto a otros compa\u00f1eros que se llamaba \u201cSala de Guardia\u201d. Fue entonces cuando &hellip;<\/p>\n","protected":false},"author":2,"featured_media":21233,"comment_status":"open","ping_status":"open","sticky":false,"template":"","format":"standard","meta":{"footnotes":""},"categories":[44],"tags":[],"class_list":["post-21232","post","type-post","status-publish","format-standard","has-post-thumbnail","hentry","category-varios"],"_links":{"self":[{"href":"https:\/\/www.sportchaco.com.ar\/index.php?rest_route=\/wp\/v2\/posts\/21232","targetHints":{"allow":["GET"]}}],"collection":[{"href":"https:\/\/www.sportchaco.com.ar\/index.php?rest_route=\/wp\/v2\/posts"}],"about":[{"href":"https:\/\/www.sportchaco.com.ar\/index.php?rest_route=\/wp\/v2\/types\/post"}],"author":[{"embeddable":true,"href":"https:\/\/www.sportchaco.com.ar\/index.php?rest_route=\/wp\/v2\/users\/2"}],"replies":[{"embeddable":true,"href":"https:\/\/www.sportchaco.com.ar\/index.php?rest_route=%2Fwp%2Fv2%2Fcomments&post=21232"}],"version-history":[{"count":4,"href":"https:\/\/www.sportchaco.com.ar\/index.php?rest_route=\/wp\/v2\/posts\/21232\/revisions"}],"predecessor-version":[{"id":21260,"href":"https:\/\/www.sportchaco.com.ar\/index.php?rest_route=\/wp\/v2\/posts\/21232\/revisions\/21260"}],"wp:featuredmedia":[{"embeddable":true,"href":"https:\/\/www.sportchaco.com.ar\/index.php?rest_route=\/wp\/v2\/media\/21233"}],"wp:attachment":[{"href":"https:\/\/www.sportchaco.com.ar\/index.php?rest_route=%2Fwp%2Fv2%2Fmedia&parent=21232"}],"wp:term":[{"taxonomy":"category","embeddable":true,"href":"https:\/\/www.sportchaco.com.ar\/index.php?rest_route=%2Fwp%2Fv2%2Fcategories&post=21232"},{"taxonomy":"post_tag","embeddable":true,"href":"https:\/\/www.sportchaco.com.ar\/index.php?rest_route=%2Fwp%2Fv2%2Ftags&post=21232"}],"curies":[{"name":"wp","href":"https:\/\/api.w.org\/{rel}","templated":true}]}}