{"id":2126,"date":"2023-10-23T19:00:34","date_gmt":"2023-10-23T22:00:34","guid":{"rendered":"https:\/\/www.sportchaco.com.ar\/?p=2126"},"modified":"2023-10-23T23:23:14","modified_gmt":"2023-10-24T02:23:14","slug":"la-fiesta-del-deporte-chaqueno-tiene-fecha-y-nuevo-escenario","status":"publish","type":"post","link":"https:\/\/www.sportchaco.com.ar\/?p=2126","title":{"rendered":"La Fiesta del Deporte chaque\u00f1o tiene fecha y nuevo escenario"},"content":{"rendered":"<p>La comisi\u00f3n directiva del C\u00edrculo de Periodistas Deportivos del Chaco inici\u00f3 el trabajo organizativo de la 41\u00b0 edici\u00f3n de la Fiesta Anual del Deporte a celebrarse el pr\u00f3ximo 15 de diciembre en el predio El Castillito de la mutual bancaria.<\/p>\n<p>El evento, instalado en la comunidad deportiva de la provincia, volver\u00e1 a convocar en una gran noche en la que se distinguir\u00e1 a los atletas destacados de cada disciplina y el broche de oro ser\u00e1 la consagraci\u00f3n del deportista 2023.<\/p>\n<p>Si bien, resta a\u00fan completar varios calendarios de las disciplinas, algunos ya han hecho m\u00e9ritos para adjudicarse el premio despu\u00e9s de meses de trabajo, esfuerzo y logro de buenos resultados. Tambi\u00e9n habr\u00e1 reconocimiento a la trayectoria de exponentes que marcaron un camino y un rumbo y que a\u00fan perduran con sus buenos ejemplos.<\/p>\n<p>En los pr\u00f3ximos d\u00edas se conocer\u00e1n detalles sobre la fiesta cuando los dirigentes de la entidad organizadora la presenten en el marco de una conferencia de prensa, oportunidad en que se dar\u00e1n los nombres de los deportistas de cada disciplina.<\/p>\n<p>Cabe recordar que en 2022 el piloto de S\u00e1enz Pe\u00f1a, Pablo Zacar\u00edas, fue el deportista de la temporada tras su consagraci\u00f3n en la Clase 2 del Zonal de automovilismo.<\/p>\n<p>Este acontecimiento se concretar\u00e1 con el acompa\u00f1amiento del Instituto del Deporte Chaque\u00f1o, Loter\u00eda Chaque\u00f1a, Antuan Joyer\u00edas que volver\u00e1 a instituir el premio mayor al consagrado como el mejor del a\u00f1o, y el servicio de catering a cargo de Levraux.<\/p>\n<p>Nuevamente el calendario nos recuerda que estamos transitando el camino so\u00f1ado por dirigentes, deportistas, instituciones y de aquel aficionado a un deporte en especial. Es que, la Fiesta Anual del Deporte, organizado por el C\u00edrculo de Periodistas Deportivos del Chaco golpea las puertas de los merecimientos para cumplir una vez m\u00e1s con el fin supremo de distinguir a los mejores atletas en cada disciplina que forjan cada d\u00eda un grito de euforia en cada triunfo consumado. Muchos son los elegidos y pocos los distinguidos. El sue\u00f1o de lograr una presea no solo est\u00e1 en el atleta sino de todo su entorno de familiares y amigos.<\/p>\n<p>El C\u00edrculo de Periodistas Deportivos del Chaco fue iniciado por hombres que entendieron que el deporte forma parte de la vida y de los sentimientos. Hoy siguen ese camino hombres probos que cada vez se esfuerzan m\u00e1s y m\u00e1s para llegar a un veredicto de equidad en cada elecci\u00f3n. El mundo crece y los candidatos en cada disciplina tambi\u00e9n se multiplican.<\/p>\n<p>Se transitaron durante varios a\u00f1os distintos caminos. Interior provincial incluido con sus distintas idiosincrasias de la manera de vivir, practicar, interpretar lo que significa la distinci\u00f3n de uno de sus hombres y mujeres que se colocaron los laureles de un triunfo.<\/p>\n<p>Am\u00e9n de las instituciones que interact\u00faan con el C\u00edrculo que involucrados en el mismo objetivo vuelcan sus conocimientos, experiencias, vivencias para que en la noche de gala todos se vistan de respiraci\u00f3n agitada y pu\u00f1o apretado.<\/p>\n<p>Las emociones que gobiernan nuestros esp\u00edritus en la noche m\u00e1gica son un b\u00e1lsamo de reflexi\u00f3n y mirar hacia atr\u00e1s para tratar de ver en el retrovisor aquel camino que dejamos.<\/p>\n<p>La fiesta Anual del Deporte cierra una s\u00edntesis del esfuerzo realizado donde la respuesta se contesta por cada sonrisa de un deportista que no solo ve la felicidad en s\u00ed mismo sino tambi\u00e9n en los dem\u00e1s.<\/p>\n<p>En la noche del principio y fin, marcan un comienzo de un largo camino que se repetir\u00e1 en la historia a\u00f1o tras a\u00f1o. Ambiente especial, donde los deportistas fluyen en el di\u00e1logo cargado de an\u00e9cdotas y una interrelaci\u00f3n que no termina con el \u00faltimo aplauso.<\/p>\n","protected":false},"excerpt":{"rendered":"<p>La comisi\u00f3n directiva del C\u00edrculo de Periodistas Deportivos del Chaco inici\u00f3 el trabajo organizativo de la 41\u00b0 edici\u00f3n de la Fiesta Anual del Deporte a celebrarse el pr\u00f3ximo 15 de diciembre en el predio El Castillito de la mutual bancaria. El evento, instalado en la comunidad deportiva de la provincia, volver\u00e1 a convocar en una &hellip;<\/p>\n","protected":false},"author":3,"featured_media":2127,"comment_status":"open","ping_status":"open","sticky":false,"template":"","format":"standard","meta":{"footnotes":""},"categories":[8],"tags":[],"class_list":["post-2126","post","type-post","status-publish","format-standard","has-post-thumbnail","hentry","category-sport-nea"],"_links":{"self":[{"href":"https:\/\/www.sportchaco.com.ar\/index.php?rest_route=\/wp\/v2\/posts\/2126","targetHints":{"allow":["GET"]}}],"collection":[{"href":"https:\/\/www.sportchaco.com.ar\/index.php?rest_route=\/wp\/v2\/posts"}],"about":[{"href":"https:\/\/www.sportchaco.com.ar\/index.php?rest_route=\/wp\/v2\/types\/post"}],"author":[{"embeddable":true,"href":"https:\/\/www.sportchaco.com.ar\/index.php?rest_route=\/wp\/v2\/users\/3"}],"replies":[{"embeddable":true,"href":"https:\/\/www.sportchaco.com.ar\/index.php?rest_route=%2Fwp%2Fv2%2Fcomments&post=2126"}],"version-history":[{"count":1,"href":"https:\/\/www.sportchaco.com.ar\/index.php?rest_route=\/wp\/v2\/posts\/2126\/revisions"}],"predecessor-version":[{"id":2128,"href":"https:\/\/www.sportchaco.com.ar\/index.php?rest_route=\/wp\/v2\/posts\/2126\/revisions\/2128"}],"wp:featuredmedia":[{"embeddable":true,"href":"https:\/\/www.sportchaco.com.ar\/index.php?rest_route=\/wp\/v2\/media\/2127"}],"wp:attachment":[{"href":"https:\/\/www.sportchaco.com.ar\/index.php?rest_route=%2Fwp%2Fv2%2Fmedia&parent=2126"}],"wp:term":[{"taxonomy":"category","embeddable":true,"href":"https:\/\/www.sportchaco.com.ar\/index.php?rest_route=%2Fwp%2Fv2%2Fcategories&post=2126"},{"taxonomy":"post_tag","embeddable":true,"href":"https:\/\/www.sportchaco.com.ar\/index.php?rest_route=%2Fwp%2Fv2%2Ftags&post=2126"}],"curies":[{"name":"wp","href":"https:\/\/api.w.org\/{rel}","templated":true}]}}