{"id":21301,"date":"2025-06-27T23:40:04","date_gmt":"2025-06-28T02:40:04","guid":{"rendered":"https:\/\/www.sportchaco.com.ar\/?p=21301"},"modified":"2025-06-28T00:21:10","modified_gmt":"2025-06-28T03:21:10","slug":"efemerides-del-28-de-junio-2","status":"publish","type":"post","link":"https:\/\/www.sportchaco.com.ar\/?p=21301","title":{"rendered":"Efem\u00e9rides del 28 de junio"},"content":{"rendered":"<div class=\"container fullwidth-entry-title-wrapper\">\n<div class=\"container-wrapper fullwidth-entry-title\">\n<header class=\"entry-header-outer\">\n<div class=\"entry-header\">\n<h1 class=\"post-title entry-title\"><\/h1>\n<div class=\"single-post-meta post-meta clearfix\"><\/div>\n<\/div>\n<\/header>\n<\/div>\n<\/div>\n<div id=\"content\" class=\"site-content container\">\n<div id=\"main-content-row\" class=\"tie-row main-content-row\">\n<div class=\"main-content tie-col-md-8 tie-col-xs-12\" role=\"main\">\n<article id=\"the-post\" class=\"container-wrapper post-content tie-standard\">\n<div class=\"featured-area\">\n<div class=\"featured-area-inner\">\n<figure class=\"single-featured-image\"><img loading=\"lazy\" decoding=\"async\" class=\"attachment-jannah-image-post size-jannah-image-post wp-post-image\" src=\"https:\/\/www.sportchaco.com.ar\/wp-content\/uploads\/2024\/06\/Barbetti-Daniel.jpg\" sizes=\"auto, (max-width: 600px) 100vw, 600px\" srcset=\"https:\/\/www.sportchaco.com.ar\/wp-content\/uploads\/2024\/06\/Barbetti-Daniel.jpg 600w, https:\/\/www.sportchaco.com.ar\/wp-content\/uploads\/2024\/06\/Barbetti-Daniel-300x166.jpg 300w\" alt=\"\" width=\"600\" height=\"331\" data-main-img=\"1\" \/><\/figure>\n<\/div>\n<\/div>\n<div class=\"entry-content entry clearfix\">\n<p><strong>Esta es la Efem\u00e9rides del Deporte en el Chaco de un 28 de junio del periodista Luis Dar\u00edo Molodezky.<\/strong><\/p>\n<p>&nbsp;<\/p>\n<p><img loading=\"lazy\" decoding=\"async\" class=\"size-full wp-image-21169 aligncenter\" src=\"https:\/\/www.sportchaco.com.ar\/wp-content\/uploads\/2025\/06\/Luis-2025-marzo-3-2-e1749824875302-300x217-1.jpg\" alt=\"\" width=\"300\" height=\"217\" \/><\/p>\n<\/div>\n<p>&nbsp;<\/p>\n<div class=\"entry-content entry clearfix\">\n<p><strong>1981 \/\u00a0<\/strong>La Asamblea de Don Orione Athletic Club aprueba la venta del predio de Villa Forestaci\u00f3n, a la empresa Jos\u00e9 Domingo Calliera, distribuidora de Seven Up en 650 millones de pesos. Paralelamente se resuelve firmar con el empresario Juan Alberto Garc\u00eda un contrato, para la construcci\u00f3n del estadio de f\u00fatbol, en su actual emplazamiento, lindante con la cancha de b\u00e1squetbol que ya funciona en la calle Belgrano, con un presupuesto de 709 millones. El presupuesto incluye el cerco perimetral, sanitarios, tribuna de 60 metros con 16 escalones, en un tiempo estipulado de 120 d\u00edas. El acuerdo incluye la condonaci\u00f3n de deudas del municipio de Barranqueras, lo que permite vender el predio libre de deudas.<\/p>\n<p><img loading=\"lazy\" decoding=\"async\" class=\"wp-image-21302 aligncenter\" src=\"https:\/\/www.sportchaco.com.ar\/wp-content\/uploads\/2025\/06\/VILLA-FORESTACION-300x225.jpg\" alt=\"\" width=\"419\" height=\"314\" srcset=\"https:\/\/www.sportchaco.com.ar\/wp-content\/uploads\/2025\/06\/VILLA-FORESTACION-300x225.jpg 300w, https:\/\/www.sportchaco.com.ar\/wp-content\/uploads\/2025\/06\/VILLA-FORESTACION-1024x768.jpg 1024w, https:\/\/www.sportchaco.com.ar\/wp-content\/uploads\/2025\/06\/VILLA-FORESTACION-768x576.jpg 768w, https:\/\/www.sportchaco.com.ar\/wp-content\/uploads\/2025\/06\/VILLA-FORESTACION.jpg 1299w\" sizes=\"auto, (max-width: 419px) 100vw, 419px\" \/><\/p>\n<p><strong>2006\u00a0<\/strong>\/ Villa San Mart\u00edn se consagra campe\u00f3n del Provincial de Voleibol categor\u00eda Mayores Masculino, al ganar la serie 2-1 a Regatas Resistencia. El plantel tricolor form\u00f3 con: Dante Leiva, Jos\u00e9 Rodrigo, Miguel J. Ca\u00f1ete, Marcelo Br\u00edgnole, Javier Aquaroli, Claudio Aquino, Carreras, Enrique Miranda, C\u00e9sar Marinich, Jorge Jara, Fernando Br\u00edgnole y Sosa (L). D.T.: MarceloObes. AT: Jorge Vargas.<\/p>\n<p><strong>2009\u00a0<\/strong>\/ El chaque\u00f1o Daniel Barbetti se proclama campe\u00f3n del Abierto de Venezuela de golf, al quedar a la cabeza en la \u00faltima jornada con 68 golpes, dos bajo el par de campo, en el torneo correspondiente a la temporada 2009 del Tour de las Am\u00e9ricas.<\/p>\n<p><strong>2021 \/<\/strong>\u00a0Fallece a los 65 a\u00f1os Sergio V\u00edctor Palma. Hab\u00eda nacido en La Tigra. Fue el noveno argentino que se consagr\u00f3 campe\u00f3n mundial y el primero en lograr la corona en Estados Unidos. Obtuvo el cetro supergallo de la Asociaci\u00f3n Mundial de Boxeo al vencer al norteamericano Leo Randolph en agosto de 1980. Realiz\u00f3 cinco defensas exitosas y perdi\u00f3 el t\u00edtulo ante el dominicano Leo Cruz, en junio de 1982.<\/p>\n<p>&nbsp;<\/p>\n<\/div>\n<\/article>\n<\/div>\n<\/div>\n<\/div>\n","protected":false},"excerpt":{"rendered":"<p>Esta es la Efem\u00e9rides del Deporte en el Chaco de un 28 de junio del periodista Luis Dar\u00edo Molodezky. &nbsp; &nbsp; 1981 \/\u00a0La Asamblea de Don Orione Athletic Club aprueba la venta del predio de Villa Forestaci\u00f3n, a la empresa Jos\u00e9 Domingo Calliera, distribuidora de Seven Up en 650 millones de pesos. Paralelamente se resuelve &hellip;<\/p>\n","protected":false},"author":2,"featured_media":21303,"comment_status":"open","ping_status":"open","sticky":false,"template":"","format":"standard","meta":{"footnotes":""},"categories":[45,36],"tags":[],"class_list":["post-21301","post","type-post","status-publish","format-standard","has-post-thumbnail","hentry","category-efemerides-dia-por-dia","category-junio"],"_links":{"self":[{"href":"https:\/\/www.sportchaco.com.ar\/index.php?rest_route=\/wp\/v2\/posts\/21301","targetHints":{"allow":["GET"]}}],"collection":[{"href":"https:\/\/www.sportchaco.com.ar\/index.php?rest_route=\/wp\/v2\/posts"}],"about":[{"href":"https:\/\/www.sportchaco.com.ar\/index.php?rest_route=\/wp\/v2\/types\/post"}],"author":[{"embeddable":true,"href":"https:\/\/www.sportchaco.com.ar\/index.php?rest_route=\/wp\/v2\/users\/2"}],"replies":[{"embeddable":true,"href":"https:\/\/www.sportchaco.com.ar\/index.php?rest_route=%2Fwp%2Fv2%2Fcomments&post=21301"}],"version-history":[{"count":2,"href":"https:\/\/www.sportchaco.com.ar\/index.php?rest_route=\/wp\/v2\/posts\/21301\/revisions"}],"predecessor-version":[{"id":21305,"href":"https:\/\/www.sportchaco.com.ar\/index.php?rest_route=\/wp\/v2\/posts\/21301\/revisions\/21305"}],"wp:featuredmedia":[{"embeddable":true,"href":"https:\/\/www.sportchaco.com.ar\/index.php?rest_route=\/wp\/v2\/media\/21303"}],"wp:attachment":[{"href":"https:\/\/www.sportchaco.com.ar\/index.php?rest_route=%2Fwp%2Fv2%2Fmedia&parent=21301"}],"wp:term":[{"taxonomy":"category","embeddable":true,"href":"https:\/\/www.sportchaco.com.ar\/index.php?rest_route=%2Fwp%2Fv2%2Fcategories&post=21301"},{"taxonomy":"post_tag","embeddable":true,"href":"https:\/\/www.sportchaco.com.ar\/index.php?rest_route=%2Fwp%2Fv2%2Ftags&post=21301"}],"curies":[{"name":"wp","href":"https:\/\/api.w.org\/{rel}","templated":true}]}}