{"id":21306,"date":"2025-06-27T23:55:35","date_gmt":"2025-06-28T02:55:35","guid":{"rendered":"https:\/\/www.sportchaco.com.ar\/?p=21306"},"modified":"2025-06-28T00:21:43","modified_gmt":"2025-06-28T03:21:43","slug":"a-4-anos-de-la-partida-de-sergi-victor-palma","status":"publish","type":"post","link":"https:\/\/www.sportchaco.com.ar\/?p=21306","title":{"rendered":"A 4 a\u00f1os de la partida de Sergio V\u00edctor Palma"},"content":{"rendered":"<p><strong>28-06-2025<\/strong><\/p>\n<p>&nbsp;<\/p>\n<h4>El 28 de junio de 2021 falleci\u00f3 en Mar del Plata a los 65 a\u00f1os Sergio V\u00edctor Palma campe\u00f3n mundial de boxeo, quien logr\u00f3 el t\u00edtulo el 9 de agosto de 1980 al derrotar por noc\u00e1ut a Leo Randolph en Spokane, Estados Unidos. Resign\u00f3 el t\u00edtulo en su sexta defensa.<\/h4>\n<p>&nbsp;<\/p>\n<p>Fue tambi\u00e9n aficionado a la poes\u00eda, el canto y la actuaci\u00f3n. Hab\u00eda nacido el 1 de enero de 1956 en La Tigra. Su ni\u00f1ez la pas\u00f3 en la localidad de Miraflores, donde concurri\u00f3 a la escuela primaria. De origen humilde, era hijo de padre alcoh\u00f3lico y golpeador.<\/p>\n<p><img loading=\"lazy\" decoding=\"async\" class=\"alignnone wp-image-21309\" src=\"https:\/\/www.sportchaco.com.ar\/wp-content\/uploads\/2025\/06\/Sergio-V-Palma-16-nov-80-en-Villa-300x230.jpg\" alt=\"\" width=\"377\" height=\"289\" srcset=\"https:\/\/www.sportchaco.com.ar\/wp-content\/uploads\/2025\/06\/Sergio-V-Palma-16-nov-80-en-Villa-300x230.jpg 300w, https:\/\/www.sportchaco.com.ar\/wp-content\/uploads\/2025\/06\/Sergio-V-Palma-16-nov-80-en-Villa-1024x784.jpg 1024w, https:\/\/www.sportchaco.com.ar\/wp-content\/uploads\/2025\/06\/Sergio-V-Palma-16-nov-80-en-Villa-768x588.jpg 768w, https:\/\/www.sportchaco.com.ar\/wp-content\/uploads\/2025\/06\/Sergio-V-Palma-16-nov-80-en-Villa-1536x1176.jpg 1536w, https:\/\/www.sportchaco.com.ar\/wp-content\/uploads\/2025\/06\/Sergio-V-Palma-16-nov-80-en-Villa.jpg 1660w\" sizes=\"auto, (max-width: 377px) 100vw, 377px\" \/><\/p>\n<p><strong>Su visita a Resistencia en noviembre de 1980. Club Villa San Mart\u00edn<\/strong><\/p>\n<p>Ten\u00eda 11 hermanos, pero viv\u00eda con su madre en un cuarto de servicio mientras esta trabajaba para un juez (\u201cMi madre era sirvienta y no dom\u00e9stica, porque a ella no la domesticaron nunca\u201d, era el comentario que hac\u00eda cuando se le preguntaba). Empez\u00f3 a practicar boxeo desde peque\u00f1o y \u2013 tanto deslumbr\u00f3 \u2013 que el legendario y recordado Santos Zacar\u00edas lo tom\u00f3 bajo su ala. Fue uno de los grandes campeones que dio el boxeo argentino en toda su historia.<\/p>\n<p><img loading=\"lazy\" decoding=\"async\" class=\"alignnone size-medium wp-image-21310\" src=\"https:\/\/www.sportchaco.com.ar\/wp-content\/uploads\/2025\/06\/Palma-mujer-300x260.jpg\" alt=\"\" width=\"300\" height=\"260\" srcset=\"https:\/\/www.sportchaco.com.ar\/wp-content\/uploads\/2025\/06\/Palma-mujer-300x260.jpg 300w, https:\/\/www.sportchaco.com.ar\/wp-content\/uploads\/2025\/06\/Palma-mujer-1024x886.jpg 1024w, https:\/\/www.sportchaco.com.ar\/wp-content\/uploads\/2025\/06\/Palma-mujer-768x665.jpg 768w, https:\/\/www.sportchaco.com.ar\/wp-content\/uploads\/2025\/06\/Palma-mujer-1536x1330.jpg 1536w, https:\/\/www.sportchaco.com.ar\/wp-content\/uploads\/2025\/06\/Palma-mujer.jpg 1920w\" sizes=\"auto, (max-width: 300px) 100vw, 300px\" \/><\/p>\n<p><strong>Con la mujer que lo protegi\u00f3 y acompa\u00f1\u00f3 hasta sus \u00faltimos d\u00edas en Mar del Plata<\/strong><\/p>\n<p>Debut\u00f3 profesionalmente el 15 de enero del 1976 en Pergamino ante Ra\u00fal G\u00f3mez. El 15 de octubre de 1977, Palma obtuvo el t\u00edtulo argentino s\u00faper gallo de la Federaci\u00f3n Argentina de Boxeo (FAB), tras vencer a Arnoldo Ag\u00fcero en el Luna Park. Pero su despegue definitivo lleg\u00f3 el 19 de mayo de 1978 cuando gan\u00f3 el campeonato Sudamericano de la categor\u00eda, venciendo a Hugo Melgarejo.<\/p>\n<p>Su primera pelea por el t\u00edtulo mundial de la Asociaci\u00f3n Mundial de Boxeo (AMB) fue contra el colombiano Ricardo Cardona, el 15 de diciembre de 1979, en Barranquilla. Palma perdi\u00f3 por puntos en un gran combate que mereci\u00f3 ganar.<\/p>\n<p>El 9 de agosto de 1980 enfrent\u00f3 al estadounidense Leo Randolph, qui\u00e9n tres meses antes le hab\u00eda arrebatado el t\u00edtulo a Cardona. En ese combate mundialista, Palma domin\u00f3 psicol\u00f3gicamente en el primer minuto de pelea. Con el correr de los minutos, el chaque\u00f1o derrib\u00f3 y obtuvo su t\u00edtulo mundial Super Gallo el 9 de agosto de 1980 cuando noque\u00f3 en cinco rounds a Leo Randolph.<\/p>\n<p>Defendi\u00f3 exitosamente el cintur\u00f3n en cinco oportunidades y lo resign\u00f3 por puntos en Miami frente a Leo Cruz el 12 de junio de 1982. Una persistente lesi\u00f3n en la mano derecha lo retir\u00f3 en 1990 tras superar por puntos a Juan Domingo Noguera.<\/p>\n<p><img loading=\"lazy\" decoding=\"async\" class=\"alignnone wp-image-21311\" src=\"https:\/\/www.sportchaco.com.ar\/wp-content\/uploads\/2025\/06\/Meloni-Luis-Palma-300x198.jpg\" alt=\"\" width=\"386\" height=\"255\" srcset=\"https:\/\/www.sportchaco.com.ar\/wp-content\/uploads\/2025\/06\/Meloni-Luis-Palma-300x198.jpg 300w, https:\/\/www.sportchaco.com.ar\/wp-content\/uploads\/2025\/06\/Meloni-Luis-Palma-1024x677.jpg 1024w, https:\/\/www.sportchaco.com.ar\/wp-content\/uploads\/2025\/06\/Meloni-Luis-Palma-768x508.jpg 768w, https:\/\/www.sportchaco.com.ar\/wp-content\/uploads\/2025\/06\/Meloni-Luis-Palma.jpg 1210w\" sizes=\"auto, (max-width: 386px) 100vw, 386px\" \/><\/p>\n<p><strong>Visita a diario Norte con Aledo Luis Meloni y Luis Dar\u00edo Molodezky en 1980<\/strong><\/p>\n<p>El 25 de marzo de 1985 en un caf\u00e9 de Avellaneda (Buenos Aires) el boxeador chaque\u00f1o y ex campe\u00f3n mundial de los supergallos V\u00edctor Palma anunci\u00f3 su retiro del boxeo. Con 29 a\u00f1os y tras ser campe\u00f3n amateur y argentino, antes de la corona ecum\u00e9nica. En 1983 tuvo un fracasado intento de retorno. Realiz\u00f3 en total 62 peleas, gan\u00f3 52 (21 por nocaut), perdi\u00f3 cinco y empat\u00f3 otras cinco.<\/p>\n<p>El 20 de diciembre de 2009 fue objeto de un homenaje en su pueblo natal, La Tigra, al que dej\u00f3 como ofrenda su cintur\u00f3n de campe\u00f3n mundial. \u201cLas cosas tienen el valor que se les otorga \u2013les dijo Palma a sus compoblanos. Por eso, si a la gente de La Tigra le es importante este cintur\u00f3n, es un placer poder depositarlo ac\u00e1, para que las generaciones presentes y futuras vean que de este peque\u00f1o lugar puede salir un campe\u00f3n\u201d.<\/p>\n<p><iframe loading=\"lazy\" title=\"Muri\u00f3 Sergio V\u00edctor Palma\" width=\"500\" height=\"281\" src=\"https:\/\/www.youtube.com\/embed\/YTnVur3nCyw?feature=oembed\" frameborder=\"0\" allow=\"accelerometer; autoplay; clipboard-write; encrypted-media; gyroscope; picture-in-picture; web-share\" referrerpolicy=\"strict-origin-when-cross-origin\" allowfullscreen><\/iframe><\/p>\n<p>En lo que se refiere a su salud, Palma hab\u00eda sido derivado al Hospital Interzonal marplatense luego de contagiarse de Covid -19 y estaba en tratamiento tras sufrir un accidente cerebrovascular, que se le sum\u00f3 a la lucha contra la enfermedad de Parkison que le fue diagnosticada en 2004. Un mes antes del inicio de la pandemiade Covid , en febrero de 2020, Palma, ya muy afectado por el Parkinson, concedi\u00f3 su \u00faltima nota period\u00edstica, en la que expres\u00f3: \u2019El Parkinson no mata a nadie, pero dificulta el buen vivir. Mi salud se deteriora por un proceso neurodegenerativo que se da en las c\u00e9lulas negras que necesita el cuerpo humano. Por eso tomo dopamina sint\u00e9tica, para compensar esa carencia, pero tengo limitaciones en la estabilidad, en el habla y en la degluci\u00f3n\u2019 coment\u00f3 el chaque\u00f1o Palma.<\/p>\n<p>Al fallecer se conoci\u00f3 su deseo de que sus restos descansen en su pueblo natal, La Tigra. Justamente el deseo de que sus restos descansen en su Chaco natal hab\u00eda sido expresado por Palma a su entorno familiar a\u00f1os atr\u00e1s y antes de que la enfermedad avance de manera irreversible sobre su salud.<\/p>\n<p><iframe loading=\"lazy\" title=\"Historias desde el Ring Side: Sergio Victor Palma\" width=\"500\" height=\"281\" src=\"https:\/\/www.youtube.com\/embed\/zk4EU2vEgvk?feature=oembed\" frameborder=\"0\" allow=\"accelerometer; autoplay; clipboard-write; encrypted-media; gyroscope; picture-in-picture; web-share\" referrerpolicy=\"strict-origin-when-cross-origin\" allowfullscreen><\/iframe><\/p>\n<p>&nbsp;<\/p>\n","protected":false},"excerpt":{"rendered":"<p>28-06-2025 &nbsp; El 28 de junio de 2021 falleci\u00f3 en Mar del Plata a los 65 a\u00f1os Sergio V\u00edctor Palma campe\u00f3n mundial de boxeo, quien logr\u00f3 el t\u00edtulo el 9 de agosto de 1980 al derrotar por noc\u00e1ut a Leo Randolph en Spokane, Estados Unidos. Resign\u00f3 el t\u00edtulo en su sexta defensa. &nbsp; Fue tambi\u00e9n &hellip;<\/p>\n","protected":false},"author":2,"featured_media":21308,"comment_status":"open","ping_status":"open","sticky":false,"template":"","format":"standard","meta":{"footnotes":""},"categories":[57],"tags":[],"class_list":["post-21306","post","type-post","status-publish","format-standard","has-post-thumbnail","hentry","category-boxeo"],"_links":{"self":[{"href":"https:\/\/www.sportchaco.com.ar\/index.php?rest_route=\/wp\/v2\/posts\/21306","targetHints":{"allow":["GET"]}}],"collection":[{"href":"https:\/\/www.sportchaco.com.ar\/index.php?rest_route=\/wp\/v2\/posts"}],"about":[{"href":"https:\/\/www.sportchaco.com.ar\/index.php?rest_route=\/wp\/v2\/types\/post"}],"author":[{"embeddable":true,"href":"https:\/\/www.sportchaco.com.ar\/index.php?rest_route=\/wp\/v2\/users\/2"}],"replies":[{"embeddable":true,"href":"https:\/\/www.sportchaco.com.ar\/index.php?rest_route=%2Fwp%2Fv2%2Fcomments&post=21306"}],"version-history":[{"count":2,"href":"https:\/\/www.sportchaco.com.ar\/index.php?rest_route=\/wp\/v2\/posts\/21306\/revisions"}],"predecessor-version":[{"id":21313,"href":"https:\/\/www.sportchaco.com.ar\/index.php?rest_route=\/wp\/v2\/posts\/21306\/revisions\/21313"}],"wp:featuredmedia":[{"embeddable":true,"href":"https:\/\/www.sportchaco.com.ar\/index.php?rest_route=\/wp\/v2\/media\/21308"}],"wp:attachment":[{"href":"https:\/\/www.sportchaco.com.ar\/index.php?rest_route=%2Fwp%2Fv2%2Fmedia&parent=21306"}],"wp:term":[{"taxonomy":"category","embeddable":true,"href":"https:\/\/www.sportchaco.com.ar\/index.php?rest_route=%2Fwp%2Fv2%2Fcategories&post=21306"},{"taxonomy":"post_tag","embeddable":true,"href":"https:\/\/www.sportchaco.com.ar\/index.php?rest_route=%2Fwp%2Fv2%2Ftags&post=21306"}],"curies":[{"name":"wp","href":"https:\/\/api.w.org\/{rel}","templated":true}]}}