{"id":21319,"date":"2025-06-27T19:48:15","date_gmt":"2025-06-27T22:48:15","guid":{"rendered":"https:\/\/www.sportchaco.com.ar\/?p=21319"},"modified":"2025-06-27T19:48:15","modified_gmt":"2025-06-27T22:48:15","slug":"los-jugadores-que-se-irian-de-boca","status":"publish","type":"post","link":"https:\/\/www.sportchaco.com.ar\/?p=21319","title":{"rendered":"Los jugadores que se ir\u00edan de Boca"},"content":{"rendered":"<div class=\"sharebar-container display_flex\">\n<div class=\"sharebar-buttons-container display_flex\">\n<div class=\"sharebar-buttons-separator\">25-06-2025<\/div>\n<\/div>\n<\/div>\n<div class=\"body-article \">\n<div class=\"visual__image image-initial-width\"><picture><source srcset=\"https:\/\/www.infobae.com\/resizer\/v2\/JIALRNREUZB7TO5ZGD6OE3T3KE.jpg?auth=8d6a990c53ec04c848827daad7c46d2a9b11bb43096a673efc031ee898549657&amp;smart=true&amp;width=992&amp;height=661&amp;quality=85\" media=\"(min-width: 1000px)\" \/><source srcset=\"https:\/\/www.infobae.com\/resizer\/v2\/JIALRNREUZB7TO5ZGD6OE3T3KE.jpg?auth=8d6a990c53ec04c848827daad7c46d2a9b11bb43096a673efc031ee898549657&amp;smart=true&amp;width=768&amp;height=512&amp;quality=85\" media=\"(min-width: 768px)\" \/><source srcset=\"https:\/\/www.infobae.com\/resizer\/v2\/JIALRNREUZB7TO5ZGD6OE3T3KE.jpg?auth=8d6a990c53ec04c848827daad7c46d2a9b11bb43096a673efc031ee898549657&amp;smart=true&amp;width=577&amp;height=385&amp;quality=85\" media=\"(min-width: 580px)\" \/><source srcset=\"https:\/\/www.infobae.com\/resizer\/v2\/JIALRNREUZB7TO5ZGD6OE3T3KE.jpg?auth=8d6a990c53ec04c848827daad7c46d2a9b11bb43096a673efc031ee898549657&amp;smart=true&amp;width=420&amp;height=280&amp;quality=85\" media=\"(min-width: 350px)\" \/><source srcset=\"https:\/\/www.infobae.com\/resizer\/v2\/JIALRNREUZB7TO5ZGD6OE3T3KE.jpg?auth=8d6a990c53ec04c848827daad7c46d2a9b11bb43096a673efc031ee898549657&amp;smart=true&amp;width=350&amp;height=233&amp;quality=85\" media=\"(min-width: 80px)\" \/><img loading=\"lazy\" decoding=\"async\" class=\"global-image\" src=\"https:\/\/www.infobae.com\/resizer\/v2\/JIALRNREUZB7TO5ZGD6OE3T3KE.jpg?auth=8d6a990c53ec04c848827daad7c46d2a9b11bb43096a673efc031ee898549657&amp;smart=true&amp;width=350&amp;height=233&amp;quality=85\" alt=\"Marcos Rojo, uno de los\" width=\"3500\" height=\"2373\" \/><\/picture><strong>Marcos Rojo, uno de los futbolistas que se ir\u00eda de Boca en este mercado. Fuente Infobae.\u00a0<\/strong><\/div>\n<div><\/div>\n<p class=\"paragraph\">Boca Juniors cerr\u00f3 su participaci\u00f3n en el Mundial de Clubes y ahora el plantel se centrar\u00e1 en los dos torneos que le quedar\u00e1n afrontar en el segundo semestre del a\u00f1o. Concluida su presencia en el plano internacional con la prematura eliminaci\u00f3n en la Copa Libertadores y su aventura en Estados Unidos, apuntar\u00e1 al Torneo Clausura y la Copa Argentina. Tanto la dirigencia como el cuerpo t\u00e9cnico saben que la plantilla es extensa para tan pocas competencias, por eso\u00a0en las pr\u00f3ximas semanas se registrar\u00e1n algunas salidas\u00a0independientemente de los nuevos refuerzos que puedan arribar.<\/p>\n<p class=\"paragraph\"><u><b>QUIENES PODR\u00cdAN IRSE DE BOCA<\/b><\/u><\/p>\n<p class=\"paragraph\"><b>SERGIO ROMERO:\u00a0<\/b>En la recta final tras su operaci\u00f3n de rodilla,\u00a0<i>Chiquito\u00a0<\/i>form\u00f3 parte de la delegaci\u00f3n que viaj\u00f3 a Estados Unidos para representar a Boca en el Mundial de Clubes, pero sabiendo que no tendr\u00eda protagonismo. El cuerpo t\u00e9cnico lo considera por detr\u00e1s de Agust\u00edn Marches\u00edn (e incluso de Leandro Brey). Tiene v\u00ednculo hasta diciembre de este a\u00f1o, pero si le llega una propuesta seductora desde lo econ\u00f3mico, podr\u00eda rescindir e irse antes.<\/p>\n<p class=\"paragraph\"><b>MARCOS ROJO:\u00a0<\/b>Otro de los que tiene ciclo cumplido en el club. De aceptable nivel en el primer semestre del a\u00f1o, perdi\u00f3 consideraci\u00f3n de la directiva y\u00a0el flamante cuerpo t\u00e9cnico lo considera por detr\u00e1s de Ayrton Costa y Marco Pellegrino, uno de los refuerzos. Tuvo un careo con Riquelme antes de viajar a Estados Unidos y otro con Russo en Miami: es casi un hecho que tras volver a Argentina, pedir\u00e1 romper el contrato que lo une al\u00a0<i>Xeneize\u00a0<\/i>hasta diciembre. Su destino es incierto, ya que advirti\u00f3 que pretende quedarse en el pa\u00eds, pero no es seguro que Estudiantes de La Plata vaya a la carga por \u00e9l.<\/p>\n<p class=\"paragraph\"><b>FRANK FABRA:\u00a0<\/b>Otro con contrato hasta fin de a\u00f1o que podr\u00eda despedirse en este mercado. Desde Colombia ya se comunicaron con el Consejo de F\u00fatbol para pedir condiciones, aunque depender\u00e1 de su voluntad romper su v\u00ednculo ya que tiene uno de los salarios m\u00e1s altos del plantel en la actualidad. Otro de los interesados en sus servicios es Newell\u2019s, aunque a este medio advirtieron desde la Ribera que\u00a0<b>\u201cen Argentina solo juega en Boca\u201d<\/b>. No hay que descartar que contin\u00fae hasta fin de a\u00f1o siendo alternativa a Lautaro Blanco y Marcelo Saracchi.<\/p>\n<div class=\"visual__image\"><picture><source srcset=\"https:\/\/www.infobae.com\/resizer\/v2\/EFOSVQB4LJEVVBYIEVUR7UJXDY.jpg?auth=b01ea072a7adee73f791301c659ec27586d0fcd5350ee0bcf296f7845687f648&amp;smart=true&amp;width=992&amp;height=1323&amp;quality=85\" media=\"(min-width: 1000px)\" \/><source srcset=\"https:\/\/www.infobae.com\/resizer\/v2\/EFOSVQB4LJEVVBYIEVUR7UJXDY.jpg?auth=b01ea072a7adee73f791301c659ec27586d0fcd5350ee0bcf296f7845687f648&amp;smart=true&amp;width=768&amp;height=1024&amp;quality=85\" media=\"(min-width: 768px)\" \/><source srcset=\"https:\/\/www.infobae.com\/resizer\/v2\/EFOSVQB4LJEVVBYIEVUR7UJXDY.jpg?auth=b01ea072a7adee73f791301c659ec27586d0fcd5350ee0bcf296f7845687f648&amp;smart=true&amp;width=577&amp;height=769&amp;quality=85\" media=\"(min-width: 580px)\" \/><source srcset=\"https:\/\/www.infobae.com\/resizer\/v2\/EFOSVQB4LJEVVBYIEVUR7UJXDY.jpg?auth=b01ea072a7adee73f791301c659ec27586d0fcd5350ee0bcf296f7845687f648&amp;smart=true&amp;width=420&amp;height=560&amp;quality=85\" media=\"(min-width: 350px)\" \/><source srcset=\"https:\/\/www.infobae.com\/resizer\/v2\/EFOSVQB4LJEVVBYIEVUR7UJXDY.jpg?auth=b01ea072a7adee73f791301c659ec27586d0fcd5350ee0bcf296f7845687f648&amp;smart=true&amp;width=350&amp;height=467&amp;quality=85\" media=\"(min-width: 80px)\" \/><img loading=\"lazy\" decoding=\"async\" class=\"global-image\" src=\"https:\/\/www.infobae.com\/resizer\/v2\/EFOSVQB4LJEVVBYIEVUR7UJXDY.jpg?auth=b01ea072a7adee73f791301c659ec27586d0fcd5350ee0bcf296f7845687f648&amp;smart=true&amp;width=350&amp;height=467&amp;quality=85\" alt=\"Lema se qued\u00f3 entrenando en\" width=\"1080\" height=\"1350\" \/><\/picture>Lema se qued\u00f3 entrenando en Buenos Aires<\/div>\n<p class=\"paragraph\"><b>CRISTIAN LEMA:\u00a0<\/b>Uno de los dos futbolistas a los que Russo les inform\u00f3 que no tendr\u00e1 en cuenta. El defensor ni siquiera fue incluido en la lista de buena fe del Mundial de Clubes y se entrena en soledad en Ezeiza a la espera de novedades por su futuro. Lo sondearon Belgrano de C\u00f3rdoba y Pe\u00f1arol de Montevideo, pero todav\u00eda no se formalizaron ofertas. Su contrato expira a fin de a\u00f1o, pero se despedir\u00e1 en los pr\u00f3ximos d\u00edas.<\/p>\n<p class=\"paragraph\"><b>ESTEBAN ROL\u00d3N:\u00a0<\/b>El otro jugador al que el DT le dijo que no ser\u00e1 considerado. No tuvo minutos en cancha desde que volvi\u00f3 de su pr\u00e9stamo en Belgrano de C\u00f3rdoba a fines del a\u00f1o pasado. En el mercado pasado, descart\u00f3 una propuesta del f\u00fatbol brasile\u00f1o y de San Lorenzo (justamente de Miguel \u00c1ngel Russo) porque prioriz\u00f3 lo econ\u00f3mico pese a no gozar de protagonismo en Boca. Se ir\u00e1, a priori, cuando termine su v\u00ednculo a fin de a\u00f1o. Si llega alguna propuesta potable, puede rescindir y marcharse antes.<\/p>\n<p class=\"paragraph\"><b>KEVIN ZEN\u00d3N:\u00a0<\/b>Uno de los apuntados a vender en este mercado de pases. El ex Uni\u00f3n de Santa Fe\u00a0<b>ser\u00eda transferido por una suma superior a los 10 millones de d\u00f3lares<\/b>\u00a0si se concretan algunos de los sondeos que recibi\u00f3 el club de la Ribera. No existen detalles sobre las tratativas ni el posible destino, pero se baraja Alemania y Portugal. Seguramente a partir de ahora se acelerar\u00e1n las negociaciones y Russo ya sabe que, casi con seguridad, no contar\u00e1 con \u00e9l en el corto plazo. Tiene v\u00ednculo hasta diciembre de 2028.<\/p>\n<div class=\"visual__image\"><picture><source srcset=\"https:\/\/www.infobae.com\/resizer\/v2\/VQPAFT6EWFHUTHHZRMZ3ABYRWY.jpg?auth=11bad734c1cf4143f935457c76ad36c6b7cef9cac1c37fb40eb3a059681265be&amp;smart=true&amp;width=992&amp;height=744&amp;quality=85\" media=\"(min-width: 1000px)\" \/><source srcset=\"https:\/\/www.infobae.com\/resizer\/v2\/VQPAFT6EWFHUTHHZRMZ3ABYRWY.jpg?auth=11bad734c1cf4143f935457c76ad36c6b7cef9cac1c37fb40eb3a059681265be&amp;smart=true&amp;width=768&amp;height=576&amp;quality=85\" media=\"(min-width: 768px)\" \/><source srcset=\"https:\/\/www.infobae.com\/resizer\/v2\/VQPAFT6EWFHUTHHZRMZ3ABYRWY.jpg?auth=11bad734c1cf4143f935457c76ad36c6b7cef9cac1c37fb40eb3a059681265be&amp;smart=true&amp;width=577&amp;height=433&amp;quality=85\" media=\"(min-width: 580px)\" \/><source srcset=\"https:\/\/www.infobae.com\/resizer\/v2\/VQPAFT6EWFHUTHHZRMZ3ABYRWY.jpg?auth=11bad734c1cf4143f935457c76ad36c6b7cef9cac1c37fb40eb3a059681265be&amp;smart=true&amp;width=420&amp;height=315&amp;quality=85\" media=\"(min-width: 350px)\" \/><source srcset=\"https:\/\/www.infobae.com\/resizer\/v2\/VQPAFT6EWFHUTHHZRMZ3ABYRWY.jpg?auth=11bad734c1cf4143f935457c76ad36c6b7cef9cac1c37fb40eb3a059681265be&amp;smart=true&amp;width=350&amp;height=263&amp;quality=85\" media=\"(min-width: 80px)\" \/><img loading=\"lazy\" decoding=\"async\" class=\"global-image\" src=\"https:\/\/www.infobae.com\/resizer\/v2\/VQPAFT6EWFHUTHHZRMZ3ABYRWY.jpg?auth=11bad734c1cf4143f935457c76ad36c6b7cef9cac1c37fb40eb3a059681265be&amp;smart=true&amp;width=350&amp;height=263&amp;quality=85\" alt=\"Kevin Zen\u00f3n podr\u00eda ser vendido\" width=\"3479\" height=\"2560\" \/><\/picture>Kevin Zen\u00f3n podr\u00eda ser vendido (Foto Reuters\/Nathan Ray Seebeck)<\/div>\n<p class=\"paragraph\"><b>EXEQUIEL ZEBALLOS:\u00a0<\/b>Boca ya recibi\u00f3 una oferta millonaria de Arabia Saudita por el\u00a0<i>Changuito<\/i>, que tuvo protagonismo en todos los partidos del Mundial de Clubes e incluso fue titular en el \u00faltimo ante Auckland City. El Consejo consider\u00f3 que era baja la cifra ofrecida, pero tienen claro que los \u00e1rabes pueden volver a la carga e incluso hay otros interesados en sus servicios.\u00a0<b>Esperan una propuesta que supere los 10 millones de d\u00f3lares y se acerque a los USD 15 millones equivalentes a su cl\u00e1usula de salida.<\/b>\u00a0Desde el club desconocieron el supuesto inter\u00e9s del Sevilla de Espa\u00f1a. Contrato hasta diciembre de 2026.<\/p>\n<p class=\"paragraph\">A estos nombres mencionados, se pueden agregar otros que pueden ser negociados.\u00a0<b>Javier Garc\u00eda<\/b>\u00a0finaliza su v\u00ednculo a fin de a\u00f1o, pero continuar\u00eda en este segundo semestre. A\u00a0<b>Ignacio Miram\u00f3n<\/b>\u00a0se le vence el pr\u00e9stamo en diciembre y no ser\u00eda renovado.\u00a0<b>Juan Barinaga<\/b>, considerado tercera opci\u00f3n en el lateral derecho, fue sondeado por clubes que pretenden llevarlo a pr\u00e9stamo. Y otros dos que poseen extenso v\u00ednculo pero pueden ser negociados a pr\u00e9stamo son\u00a0<b>Agust\u00edn Martegani y Lucas Janson.<\/b><\/p>\n<div class=\"second-saved-buttons\">\n<div class=\"body-share-note\">\n<div class=\"share-note-txt\">Compartir no<\/div>\n<\/div>\n<\/div>\n<\/div>\n","protected":false},"excerpt":{"rendered":"<p>25-06-2025 Marcos Rojo, uno de los futbolistas que se ir\u00eda de Boca en este mercado. Fuente Infobae.\u00a0 Boca Juniors cerr\u00f3 su participaci\u00f3n en el Mundial de Clubes y ahora el plantel se centrar\u00e1 en los dos torneos que le quedar\u00e1n afrontar en el segundo semestre del a\u00f1o. Concluida su presencia en el plano internacional con &hellip;<\/p>\n","protected":false},"author":2,"featured_media":21320,"comment_status":"open","ping_status":"open","sticky":false,"template":"","format":"standard","meta":{"footnotes":""},"categories":[47],"tags":[],"class_list":["post-21319","post","type-post","status-publish","format-standard","has-post-thumbnail","hentry","category-nacionales"],"_links":{"self":[{"href":"https:\/\/www.sportchaco.com.ar\/index.php?rest_route=\/wp\/v2\/posts\/21319","targetHints":{"allow":["GET"]}}],"collection":[{"href":"https:\/\/www.sportchaco.com.ar\/index.php?rest_route=\/wp\/v2\/posts"}],"about":[{"href":"https:\/\/www.sportchaco.com.ar\/index.php?rest_route=\/wp\/v2\/types\/post"}],"author":[{"embeddable":true,"href":"https:\/\/www.sportchaco.com.ar\/index.php?rest_route=\/wp\/v2\/users\/2"}],"replies":[{"embeddable":true,"href":"https:\/\/www.sportchaco.com.ar\/index.php?rest_route=%2Fwp%2Fv2%2Fcomments&post=21319"}],"version-history":[{"count":1,"href":"https:\/\/www.sportchaco.com.ar\/index.php?rest_route=\/wp\/v2\/posts\/21319\/revisions"}],"predecessor-version":[{"id":21321,"href":"https:\/\/www.sportchaco.com.ar\/index.php?rest_route=\/wp\/v2\/posts\/21319\/revisions\/21321"}],"wp:featuredmedia":[{"embeddable":true,"href":"https:\/\/www.sportchaco.com.ar\/index.php?rest_route=\/wp\/v2\/media\/21320"}],"wp:attachment":[{"href":"https:\/\/www.sportchaco.com.ar\/index.php?rest_route=%2Fwp%2Fv2%2Fmedia&parent=21319"}],"wp:term":[{"taxonomy":"category","embeddable":true,"href":"https:\/\/www.sportchaco.com.ar\/index.php?rest_route=%2Fwp%2Fv2%2Fcategories&post=21319"},{"taxonomy":"post_tag","embeddable":true,"href":"https:\/\/www.sportchaco.com.ar\/index.php?rest_route=%2Fwp%2Fv2%2Ftags&post=21319"}],"curies":[{"name":"wp","href":"https:\/\/api.w.org\/{rel}","templated":true}]}}