{"id":21368,"date":"2025-06-28T22:48:14","date_gmt":"2025-06-29T01:48:14","guid":{"rendered":"https:\/\/www.sportchaco.com.ar\/?p=21368"},"modified":"2025-06-28T22:48:44","modified_gmt":"2025-06-29T01:48:44","slug":"efemerides-del-29-de-junio-2","status":"publish","type":"post","link":"https:\/\/www.sportchaco.com.ar\/?p=21368","title":{"rendered":"Efem\u00e9rides del 29 de junio"},"content":{"rendered":"<div class=\"container fullwidth-entry-title-wrapper\">\n<div class=\"container-wrapper fullwidth-entry-title\">\n<header class=\"entry-header-outer\">\n<div class=\"entry-header\">\n<h1 class=\"post-title entry-title\">Efem\u00e9rides del 29 de junio<\/h1>\n<div class=\"single-post-meta post-meta clearfix\"><\/div>\n<\/div>\n<\/header>\n<\/div>\n<\/div>\n<div id=\"content\" class=\"site-content container\">\n<div id=\"main-content-row\" class=\"tie-row main-content-row\">\n<div class=\"main-content tie-col-md-8 tie-col-xs-12\" role=\"main\">\n<article id=\"the-post\" class=\"container-wrapper post-content tie-standard\">\n<div class=\"featured-area\">\n<div class=\"featured-area-inner\">\n<figure class=\"single-featured-image\"><img loading=\"lazy\" decoding=\"async\" class=\"attachment-jannah-image-post size-jannah-image-post wp-post-image\" src=\"https:\/\/www.sportchaco.com.ar\/wp-content\/uploads\/2024\/06\/Nestor-Canella-con-Amadeo-780x470.jpg\" alt=\"\" width=\"780\" height=\"470\" data-main-img=\"1\" \/><\/figure>\n<\/div>\n<\/div>\n<div class=\"entry-content entry clearfix\">\n<p><strong>Esta es la Efem\u00e9rides del Deporte en el Chaco de un 29 de junio del periodista Luis Dar\u00edo Molodezky.<\/strong><\/p>\n<p>&nbsp;<\/p>\n<p><img loading=\"lazy\" decoding=\"async\" class=\"size-full wp-image-21169 aligncenter\" src=\"https:\/\/www.sportchaco.com.ar\/wp-content\/uploads\/2025\/06\/Luis-2025-marzo-3-2-e1749824875302-300x217-1.jpg\" alt=\"\" width=\"300\" height=\"217\" \/><\/p>\n<p>&nbsp;<\/p>\n<p><strong>1985\u00a0<\/strong>\/ Deportivo Libertad de Charata consigue su primer t\u00edtulo oficial de la Liga del Noroeste, al ganar el Selectivo y clasificarse para el Regional. En el cotejo final derrot\u00f3 a Juventud Agraria Cooperativista, y en ese partido el equipo forma con Carlos Graff; Pedro Loto, Daniel Billad\u00f3n, Daniel L\u00f3pez, Ernesto Flores, H\u00e9ctor G\u00f3mez y V\u00edctor Sandoval; Ra\u00fal Mart\u00ednez, Miguel C\u00e1ceres, Marcos Rodr\u00edguez y Rub\u00e9n G\u00f3mez.<\/p>\n<p>&nbsp;<\/p>\n<p><strong>2006\u00a0<\/strong>\/ Fallece N\u00e9stor Canella, arquero que brillara en Ministro Le Breton de R\u00edo Araz\u00e1, Independiente Tirol, Sarmiento y la Liga Chaque\u00f1a. En su puesto fue un adelantado, ya que era un atajador inigualable, pero ten\u00eda la virtud de salir con una velocidad asombrosa. Canella viv\u00eda en las cercan\u00edas del estadio de Fontana. En el plano pol\u00edtico presidi\u00f3 durante muchos a\u00f1os la Junta Electoral del Partido Justicialista.<\/p>\n<p>&nbsp;<\/p>\n<p><strong>Foto portada: N\u00e9stor C\u00edmbaro Canella acompa\u00f1ando a Amadeo Ra\u00fal Carrizo, en una visita de River Plate a Puerto Tirol en la d\u00e9cada del 50.<\/strong><\/p>\n<\/div>\n<\/article>\n<\/div>\n<\/div>\n<\/div>\n","protected":false},"excerpt":{"rendered":"<p>Efem\u00e9rides del 29 de junio Esta es la Efem\u00e9rides del Deporte en el Chaco de un 29 de junio del periodista Luis Dar\u00edo Molodezky. &nbsp; &nbsp; 1985\u00a0\/ Deportivo Libertad de Charata consigue su primer t\u00edtulo oficial de la Liga del Noroeste, al ganar el Selectivo y clasificarse para el Regional. En el cotejo final derrot\u00f3 &hellip;<\/p>\n","protected":false},"author":2,"featured_media":21369,"comment_status":"open","ping_status":"open","sticky":false,"template":"","format":"standard","meta":{"footnotes":""},"categories":[45,36],"tags":[],"class_list":["post-21368","post","type-post","status-publish","format-standard","has-post-thumbnail","hentry","category-efemerides-dia-por-dia","category-junio"],"_links":{"self":[{"href":"https:\/\/www.sportchaco.com.ar\/index.php?rest_route=\/wp\/v2\/posts\/21368","targetHints":{"allow":["GET"]}}],"collection":[{"href":"https:\/\/www.sportchaco.com.ar\/index.php?rest_route=\/wp\/v2\/posts"}],"about":[{"href":"https:\/\/www.sportchaco.com.ar\/index.php?rest_route=\/wp\/v2\/types\/post"}],"author":[{"embeddable":true,"href":"https:\/\/www.sportchaco.com.ar\/index.php?rest_route=\/wp\/v2\/users\/2"}],"replies":[{"embeddable":true,"href":"https:\/\/www.sportchaco.com.ar\/index.php?rest_route=%2Fwp%2Fv2%2Fcomments&post=21368"}],"version-history":[{"count":1,"href":"https:\/\/www.sportchaco.com.ar\/index.php?rest_route=\/wp\/v2\/posts\/21368\/revisions"}],"predecessor-version":[{"id":21370,"href":"https:\/\/www.sportchaco.com.ar\/index.php?rest_route=\/wp\/v2\/posts\/21368\/revisions\/21370"}],"wp:featuredmedia":[{"embeddable":true,"href":"https:\/\/www.sportchaco.com.ar\/index.php?rest_route=\/wp\/v2\/media\/21369"}],"wp:attachment":[{"href":"https:\/\/www.sportchaco.com.ar\/index.php?rest_route=%2Fwp%2Fv2%2Fmedia&parent=21368"}],"wp:term":[{"taxonomy":"category","embeddable":true,"href":"https:\/\/www.sportchaco.com.ar\/index.php?rest_route=%2Fwp%2Fv2%2Fcategories&post=21368"},{"taxonomy":"post_tag","embeddable":true,"href":"https:\/\/www.sportchaco.com.ar\/index.php?rest_route=%2Fwp%2Fv2%2Ftags&post=21368"}],"curies":[{"name":"wp","href":"https:\/\/api.w.org\/{rel}","templated":true}]}}