{"id":21417,"date":"2025-06-29T20:45:51","date_gmt":"2025-06-29T23:45:51","guid":{"rendered":"https:\/\/www.sportchaco.com.ar\/?p=21417"},"modified":"2025-06-29T20:51:44","modified_gmt":"2025-06-29T23:51:44","slug":"independiente-lo-dio-vuelta-sobre-la-hora-en-la-copa-argentina","status":"publish","type":"post","link":"https:\/\/www.sportchaco.com.ar\/?p=21417","title":{"rendered":"Independiente lo dio vuelta sobre la hora en la Copa Argentina"},"content":{"rendered":"<article>\n<div id=\"detail-header\" class=\"article-header\">\n<div class=\"row\">\n<div class=\"col-12\">\n<div class=\"article-volanta\">\n<h1 class=\"title\" style=\"margin-top: 0px; line-height: 1.38462;\">29-06-2025<\/h1>\n<p>&nbsp;<\/p>\n<h2>OPA ARGENT<\/h2>\n<h5 class=\"article-author\"><\/h5>\n<div class=\"article-content selectionShareable\">\n<div class=\"cuerpo\" data-twitter-link=\"\">\n<h5><span style=\"color: #000000;\"><a style=\"color: #000000;\" href=\"https:\/\/urgente24.com\/independiente-cruje-vaccari-y-el-problema-inesperado-con-su-figura-lateral\" target=\"_blank\" rel=\"follow noopener\">Independiente de Avellaneda<\/a>\u00a0venci\u00f3 a\u00a0Gimnasia y Esgrima de Mendoza\u00a0por 2 a 1, en los\u00a016avos de final\u00a0de la\u00a0Copa Argentina. El conjunto de Julio Vaccari\u00a0super\u00f3 un partido bravo, en donde hab\u00eda comenzado perdiendo\u00a0y termin\u00f3 por darlo vuelta de manera ag\u00f3nica.<\/span><\/h5>\n<\/div>\n<\/div>\n<\/div>\n<div class=\"article-sub-title \">\n<p class=\"ignore-parser\">\n<\/div>\n<div class=\"article-date\"><\/div>\n<\/div>\n<\/div>\n<\/div>\n<\/article>\n<div class=\"row\">\n<div class=\"col col-8\">\n<div class=\"detail-gallery\">\n<div class=\"detail-gallery__slide-wrapper\">\n<div class=\"detail-gallery__slide\">\n<figure class=\"detail-gallery__figure\"><img loading=\"lazy\" decoding=\"async\" class=\"detail-gallery__figure-img img-fluid\" src=\"https:\/\/media.urgente24.com\/p\/92e913b6176f4c390cd5893a0cef4cb6\/adjuntos\/319\/imagenes\/003\/278\/0003278481\/1200x0\/smart\/independiente-lo-dio-vuelta-la-hora-y-gimnasia-mza-casi-da-el-batacazo.jpg\" alt=\"Independiente avanz\u00f3 a 8avos de final\" width=\"1620\" height=\"1080\" longdesc=\"https:\/\/media.urgente24.com\/p\/92e913b6176f4c390cd5893a0cef4cb6\/adjuntos\/319\/imagenes\/003\/278\/0003278481\/1200x0\/smart\/independiente-lo-dio-vuelta-la-hora-y-gimnasia-mza-casi-da-el-batacazo.jpg\" \/><\/p>\n<div class=\"detail-gallery__nav\"><\/div>\n<\/figure>\n<\/div>\n<\/div>\n<\/div>\n<div class=\"listado-horizontal\">\n<div class=\"item\">\n<div id=\"powerbeans-widget\" class=\"pb-tw light\" data-current-content=\"https:\/\/urgente24.com\/independiente-lo-dio-vuelta-sobre-la-hora-y-gimnasia-casi-da-el-batacazo\" data-should-refetch=\"false\" data-refetching=\"false\" data-mounted=\"true\" data-fetched=\"true\">\n<div class=\"App !beans-px-[16px] !beans-pt-[12px] !beans-pb-[8px] beans-bg-primary beans-relative beans-flex beans-justify-around beans-flex-row beans-items-center beans-rounded-xl beans-py-1 beans-px-3 beans-drop-shadow-md\">\n<div id=\"powerbeans-player-container\" class=\"!beans-flex beans-items-center beans-justify-center !beans-w-full\">\n<div class=\"!beans-w-full\">\n<div id=\"powerbeans-sticky-container\" class=\"beans-overflow-hidden beans-transition-all beans-duration-200 beans-h-[1px]\">\n<div id=\"DISPLAY_BANNER_CONTAINER\" class=\"beans-flex beans-justify-center\">\n<div id=\"POWERBEANS_DISPLAY_BANNER\" data-refresh-pending=\"false\"><\/div>\n<\/div>\n<div id=\"COMPANION_BANNER\" class=\"beans-flex beans-justify-center\"><\/div>\n<\/div>\n<\/div>\n<\/div>\n<\/div>\n<\/div>\n<\/div>\n<\/div>\n<article class=\"article-body first\">\n<div class=\"article-content selectionShareable\">\n<div class=\"cuerpo\" data-twitter-link=\"\">\n<h5><\/h5>\n<\/div>\n<\/div>\n<\/article>\n<article class=\"article-body\">\n<div class=\"article-content selectionShareable\">\n<div class=\"cuerpo\" data-twitter-link=\"\">\n<p><span style=\"color: #000000;\">No era un duelo sencillo\u00a0para Independiente. Se enfrentaba a uno de los mejores equipos del Ascenso.<a style=\"color: #000000;\" href=\"https:\/\/urgente24.com\/el-dt-ex-boca-que-ilusiona-a-gimnasia-de-mendoza-y-quiere-llevarlo-a-primera\" target=\"_blank\" rel=\"follow noopener\">\u00a0Gimnasia de Mendoza se mantiene firme en su rumbo ya desde 2024, bajo la direcci\u00f3n t\u00e9cnica de Ezequiel Medr\u00e1n, ex arquero de Boca Juniors.\u00a0<\/a>El a\u00f1o pasado, el Lobo mendocino se qued\u00f3 a las puertas de subir a Primera Divisi\u00f3n, luego de una gran campa\u00f1a que lo llev\u00f3 hasta la final contra San Mart\u00edn de San Juan.<\/span><\/p>\n<\/div>\n<\/div>\n<\/article>\n<article class=\"article-body\">\n<div class=\"article-content selectionShareable\">\n<div class=\"cuerpo\" data-twitter-link=\"\">\n<div id=\"554981-Libre-1146841245_wrap\" class=\"embed_cont type_imagen\" contenteditable=\"false\">\n<div id=\"554981-Libre-1146841245_content\" class=\"embed_content\"><img decoding=\"async\" id=\"554981-Libre-1146841245_embed\" title=\"El Lobo sorprendi&amp;oacute; en el arranque\" src=\"https:\/\/media.urgente24.com\/p\/e20b5adcdff170f7745ff35b29393332\/adjuntos\/319\/imagenes\/003\/278\/0003278480\/1200x0\/smart\/guo6qyexgaazm_gjpg.jpg\" alt=\"El Lobo sorprendi&amp;oacute; en el arranque\" width=\"1200\" height=\"undefined\" longdesc=\"https:\/\/media.urgente24.com\/p\/e20b5adcdff170f7745ff35b29393332\/adjuntos\/319\/imagenes\/003\/278\/0003278480\/1200x0\/smart\/guo6qyexgaazm_gjpg.jpg\" \/><\/div>\n<div id=\"554981-Libre-1146841245_epigrafe\" class=\"embed_epigrafe\">\n<p>El Lobo sorprendi\u00f3 en el arranque<\/p>\n<\/div>\n<div id=\"554981-Libre-1146841245_copyright\" class=\"embed_copyright\">@Copa_Argentina<\/div>\n<\/div>\n<p><span style=\"color: #000000;\">La derrota con los sanjuaninos lo oblig\u00f3 a seguir en la Primera B Nacional, pero\u00a0no ha perdido la br\u00fajula.\u00a0Sigue haciendo un muy buen torneo. Hasta ahora acumula 8 victorias, 10 empates y una sola derrota en la m\u00e1xima categor\u00eda del Ascenso.<\/span><\/p>\n<\/div>\n<\/div>\n<\/article>\n<section class=\"related-note-in-body d-flex flex-wrap\">\n<article class=\"related-note-in-body-article row align-items-stretch no-gutters \" data-type=\"article\">\n<div class=\"col\">\n<div class=\"info-wrapper\"><\/div>\n<\/div>\n<\/article>\n<article class=\"related-note-in-body-article row align-items-stretch no-gutters \" data-type=\"article\">\n<div class=\"col\">\n<div class=\"info-wrapper\"><\/div>\n<\/div>\n<\/article>\n<\/section>\n<div class=\"banner text-center\" data-position=\"fixed\"><\/div>\n<div class=\"banner text-center\" data-position=\"fixed\"><\/div>\n<article class=\"article-body\">\n<div class=\"article-content selectionShareable\">\n<div class=\"cuerpo\" data-twitter-link=\"\">\n<p><span style=\"color: #000000;\">Por eso, en Independiente ten\u00edan claro que no ser\u00eda nada f\u00e1cil el encuentro.\u00a0Kevin Lom\u00f3naco,\u00a0una de las figuras del partido, declar\u00f3 tras la victoria:<em>\u00a0\u00abSab\u00edamos que iba a ser un partido duro, ellos juegan bien. Lo estudiamos mucho\u00bb.<\/em><\/span><\/p>\n<\/div>\n<\/div>\n<\/article>\n<div class=\"listado-horizontal\">\n<div class=\"item\"><\/div>\n<\/div>\n<article class=\"article-body\">\n<div class=\"article-content selectionShareable\">\n<div class=\"cuerpo\" data-twitter-link=\"\">\n<p><span style=\"color: #000000;\">Pero adem\u00e1s de los recaudos por el nivel de Gimnasia, tambi\u00e9n sab\u00edan que los mendocinos ven\u00edan con rodaje, ya que el torneo de Primera Nacional ha seguido su curso normalmente, sin parate.\u00a0Mientras que Independiente est\u00e1 en plena pretemporada, en el Ascenso no se detuvo el calendario.<\/span><\/p>\n<\/div>\n<\/div>\n<\/article>\n<article class=\"article-body\">\n<div class=\"article-content selectionShareable\">\n<div class=\"cuerpo\" data-twitter-link=\"\">\n<div id=\"554974-Libre-2065716335_wrap\" class=\"embed_cont type_imagen\" contenteditable=\"false\">\n<div id=\"554974-Libre-2065716335_content\" class=\"embed_content\"><img decoding=\"async\" id=\"554974-Libre-2065716335_embed\" title=\"Gimnasia de Mendoza casi da el batacazo\" src=\"https:\/\/media.urgente24.com\/p\/59d8ea3e273eea82673a297151b9734f\/adjuntos\/319\/imagenes\/003\/278\/0003278431\/1200x0\/smart\/independiente-vs-gimnasia-mendoza.jpg\" alt=\"Gimnasia de Mendoza casi da el batacazo\" width=\"1200\" height=\"undefined\" longdesc=\"https:\/\/media.urgente24.com\/p\/59d8ea3e273eea82673a297151b9734f\/adjuntos\/319\/imagenes\/003\/278\/0003278431\/1200x0\/smart\/independiente-vs-gimnasia-mendoza.jpg\" \/><\/div>\n<div id=\"554974-Libre-2065716335_epigrafe\" class=\"embed_epigrafe\">\n<p>Gimnasia de Mendoza casi da el batacazo<\/p>\n<\/div>\n<div id=\"554974-Libre-2065716335_copyright\" class=\"embed_copyright\">@Copa_Argentina<\/div>\n<\/div>\n<p><span style=\"color: #000000;\">De hecho,\u00a0Julio Vaccari\u00a0habl\u00f3 tras el partido y se mostr\u00f3 visiblemente molesto porque el cotejo por Copa Argentina se jugara en esta fecha.<\/span><\/p>\n<p><span style=\"color: #000000;\">\u00a0<\/span><span style=\"color: #000000;\"><em>\u00abNo estoy conforme. No es algo que me guste jugar un partido en medio de una pretemporada. Es como que\u00a0interrumpe el ciclo, porque vos necesit\u00e1s una buena preparaci\u00f3n que te permite afrontar el resto del a\u00f1o, pero ante un partido tan importante tampoco pod\u00e9s ajustar los funcionamientos que a uno le gustar\u00eda, porque pod\u00e9s romper a un futbolista.\u00a0Pero esto es lo que toca e Independiente tiene que afrontar\u00bb<\/em>, dijo el entrenador.<\/span><\/p>\n<p><span style=\"color: #000000;\">\u00a0<\/span><span style=\"color: #000000;\"><span id=\"embedfuesx7k4eud_wrap\" class=\"embed_cont type_highlight inlinehighlight\"><span id=\"embedfuesx7k4eud_content\" class=\"embed_content inlinehighlight\">No estoy conforme. No me gusta jugar un partido en medio de una pretemporada.<\/span><\/span><\/span><\/p>\n<p><span style=\"color: #000000;\">\u00a0<\/span><span style=\"color: #000000;\">Gimnasia empez\u00f3 ganado con un\u00a0gol al minuto 29\u00b4de Mondino. A lo largo del encuentro, el Rojo tuvo chances para empatarlo, mucho m\u00e1s que el Lobo de marcar el segundo. Tras mucho buscarlo,\u00a0al minuto 52\u00b4Montiel cambi\u00f3 por gol un penal\u00a0que le cobraron al Rojo.<\/span><\/p>\n<p><span style=\"color: #000000;\">\u00a0<\/span><span style=\"color: #000000;\">Luego, de manera ag\u00f3nica y cuando parec\u00eda que el cotejo se ir\u00eda a definir por penales, el Lobo marc\u00f3 mal un centro al \u00e1rea y\u00a0\u00c1lvaro Angulo sell\u00f3 el 2 a 1 final al minuto 89\u00b4.<\/span><\/p>\n<p><span style=\"color: #000000;\">\u00a0<\/span><span style=\"color: #000000;\">El defensor volvi\u00f3 a demostrar por qu\u00e9 ha sido tan importante para el equipo durante la primera mitad de a\u00f1o, y continu\u00f3 fiel a su costumbre de marcar goles y llegar a posici\u00f3n de gol. Vaccari qued\u00f3 muy satisfecho con el tanto:<em>\u00a0\u00abFue una jugada muy linda, es un premio que merec\u00eda este equipo\u00bb<\/em>.<\/span><\/p>\n<h2><span style=\"color: #000000;\">Julio Vaccari habl\u00f3 sobre el caso \u00c1lvaro Angulo y apunt\u00f3 al periodismo<\/span><\/h2>\n<p><span style=\"color: #000000;\">Tambi\u00e9n aprovech\u00f3 para aclarar el panorama de<a style=\"color: #000000;\" href=\"https:\/\/urgente24.com\/independiente-cruje-vaccari-y-el-problema-inesperado-con-su-figura-lateral\" target=\"_blank\" rel=\"follow noopener\">\u00a0\u00c1lvaro Angulo, a quien se lo vincul\u00f3 con Pumas de M\u00e9xico\u00a0<\/a>y una posible venta. Al DT no le gust\u00f3 nada el tratamiento que el tema tuvo en los medios.\u00a0<em>\u00abAlgo muy importante es el abordaje del periodismo. Es un chico que desde que vino a la instituci\u00f3n se brind\u00f3 al m\u00e1ximo. Desde que se incorpor\u00f3, futbol\u00edsticamente demostr\u00f3 estar a la altura, pero much\u00edsimo m\u00e1s demostr\u00f3 estar a la altura humanamente. Siempre se comport\u00f3 profesionalmente y siempre se brind\u00f3 al m\u00e1ximo con la instituci\u00f3n\u00bb<\/em>.<\/span><\/p>\n<div id=\"554983-Libre-1358166810_wrap\" class=\"embed_cont type_imagen\" contenteditable=\"false\">\n<div id=\"554983-Libre-1358166810_content\" class=\"embed_content\"><img decoding=\"async\" id=\"554983-Libre-1358166810_embed\" title=\"&amp;Aacute;lvaro Angulo volvi&amp;oacute; a marcar para el Rojo\" src=\"https:\/\/media.urgente24.com\/p\/a5524ff5abfff1c946d6cc2ed01fedb2\/adjuntos\/319\/imagenes\/003\/278\/0003278482\/1200x0\/smart\/gupl7a-wsaaclu_jpg.jpg\" alt=\"&amp;Aacute;lvaro Angulo volvi&amp;oacute; a marcar para el Rojo\" width=\"1200\" height=\"undefined\" longdesc=\"https:\/\/media.urgente24.com\/p\/a5524ff5abfff1c946d6cc2ed01fedb2\/adjuntos\/319\/imagenes\/003\/278\/0003278482\/1200x0\/smart\/gupl7a-wsaaclu_jpg.jpg\" \/><\/div>\n<div id=\"554983-Libre-1358166810_epigrafe\" class=\"embed_epigrafe\">\n<p>\u00c1lvaro Angulo volvi\u00f3 a marcar para el Rojo<\/p>\n<\/div>\n<div id=\"554983-Libre-1358166810_copyright\" class=\"embed_copyright\">@Copa_Argentina<\/div>\n<\/div>\n<p><span style=\"color: #000000;\">Tambi\u00e9n agreg\u00f3:\u00a0<em>\u00abEs muy f\u00e1cil para todos ensuciar al futbolista, despu\u00e9s no es f\u00e1cil limpiar eso. Tengo la obligaci\u00f3n de aclarar que este chico es 100% en lo profesional, en lo humano, y siempre se brind\u00f3 a la instituci\u00f3n. Invito a la gente a que cuando escuche los mensajes del periodismo se empiece a preguntar por qu\u00e9, debido a qu\u00e9 es eso que trasciende<\/em>\u00ab.<\/span><\/p>\n<h2><span style=\"color: #000000;\">Kevin Lom\u00f3naco: \u00abMi cabeza est\u00e1 en Independiente y estoy muy contento\u00bb<\/span><\/h2>\n<p><span style=\"color: #000000;\">Kevin Lom\u00f3naco\u00a0tambi\u00e9n habl\u00f3 sobre los rumores acerca de una posible partida del Rojo, dado su gran nivel mostrado desde hace tiempo (convocatoria a la Selecci\u00f3n Argentina mediante).<em>\u00a0\u00abTrato de tomarlo con tranquilidad, yo estoy en Independiente, me entrego a ful a Independiente. Despu\u00e9s se ver\u00e1 lo que pase, pero mi cabe<\/em><\/span><strong><em>za hoy en d\u00eda est\u00e1 en Independiente y estoy muy contento\u00bb<\/em><\/strong>, se\u00f1al\u00f3.<\/p>\n<\/div>\n<\/div>\n<\/article>\n<\/div>\n<\/div>\n","protected":false},"excerpt":{"rendered":"<p>29-06-2025 &nbsp; OPA ARGENT Independiente de Avellaneda\u00a0venci\u00f3 a\u00a0Gimnasia y Esgrima de Mendoza\u00a0por 2 a 1, en los\u00a016avos de final\u00a0de la\u00a0Copa Argentina. El conjunto de Julio Vaccari\u00a0super\u00f3 un partido bravo, en donde hab\u00eda comenzado perdiendo\u00a0y termin\u00f3 por darlo vuelta de manera ag\u00f3nica. No era un duelo sencillo\u00a0para Independiente. Se enfrentaba a uno de los mejores equipos &hellip;<\/p>\n","protected":false},"author":2,"featured_media":21418,"comment_status":"open","ping_status":"open","sticky":false,"template":"","format":"standard","meta":{"footnotes":""},"categories":[47],"tags":[],"class_list":["post-21417","post","type-post","status-publish","format-standard","has-post-thumbnail","hentry","category-nacionales"],"_links":{"self":[{"href":"https:\/\/www.sportchaco.com.ar\/index.php?rest_route=\/wp\/v2\/posts\/21417","targetHints":{"allow":["GET"]}}],"collection":[{"href":"https:\/\/www.sportchaco.com.ar\/index.php?rest_route=\/wp\/v2\/posts"}],"about":[{"href":"https:\/\/www.sportchaco.com.ar\/index.php?rest_route=\/wp\/v2\/types\/post"}],"author":[{"embeddable":true,"href":"https:\/\/www.sportchaco.com.ar\/index.php?rest_route=\/wp\/v2\/users\/2"}],"replies":[{"embeddable":true,"href":"https:\/\/www.sportchaco.com.ar\/index.php?rest_route=%2Fwp%2Fv2%2Fcomments&post=21417"}],"version-history":[{"count":1,"href":"https:\/\/www.sportchaco.com.ar\/index.php?rest_route=\/wp\/v2\/posts\/21417\/revisions"}],"predecessor-version":[{"id":21419,"href":"https:\/\/www.sportchaco.com.ar\/index.php?rest_route=\/wp\/v2\/posts\/21417\/revisions\/21419"}],"wp:featuredmedia":[{"embeddable":true,"href":"https:\/\/www.sportchaco.com.ar\/index.php?rest_route=\/wp\/v2\/media\/21418"}],"wp:attachment":[{"href":"https:\/\/www.sportchaco.com.ar\/index.php?rest_route=%2Fwp%2Fv2%2Fmedia&parent=21417"}],"wp:term":[{"taxonomy":"category","embeddable":true,"href":"https:\/\/www.sportchaco.com.ar\/index.php?rest_route=%2Fwp%2Fv2%2Fcategories&post=21417"},{"taxonomy":"post_tag","embeddable":true,"href":"https:\/\/www.sportchaco.com.ar\/index.php?rest_route=%2Fwp%2Fv2%2Ftags&post=21417"}],"curies":[{"name":"wp","href":"https:\/\/api.w.org\/{rel}","templated":true}]}}