{"id":2142,"date":"2023-10-24T12:00:24","date_gmt":"2023-10-24T15:00:24","guid":{"rendered":"https:\/\/www.sportchaco.com.ar\/?p=2142"},"modified":"2023-10-24T12:00:24","modified_gmt":"2023-10-24T15:00:24","slug":"boxeo-vuelve-la-tuti-bopp","status":"publish","type":"post","link":"https:\/\/www.sportchaco.com.ar\/?p=2142","title":{"rendered":"Boxeo: Vuelve la Tuti Bopp"},"content":{"rendered":"<p id=\"titulo_cable\" class=\"title\">\n<div id=\"div_cuerpo\" class=\"content cable-content\">Despu\u00e9s de la triunfante reaparici\u00f3n del viernes \u00faltimo en Tijuana, Baja California, la ex campeona del mundo Yesica Yolanda Bopp, la \u00abTuti\u00bb, afirm\u00f3 que de aqu\u00ed en m\u00e1s no cesar\u00e1 hasta obtener una chance titular y en el mejor de los casos volver a coronar en el peso mini mosca.<\/p>\n<p>Bopp, de 39 a\u00f1os, viene de vencer por decisi\u00f3n a la azteca Graciela Cort\u00e9s Aguilar en fallo mayoritario dentro de la categor\u00eda supermosca, en un pleito que represent\u00f3 su regreso a los rings despu\u00e9s de m\u00e1s de siete meses.<\/p>\n<p>El 11 de marzo \u00faltimo, en Panam\u00e1, hab\u00eda ca\u00eddo por puntos frente a la mexicana Yesica Neri Plata en un combate parejo, cerrado y de fallo pol\u00e9mico. Dos tarjetas vieron ganar a Plata 97-93 y otra por 96-94.<\/p>\n<p>Al respecto, Boop calific\u00f3 el fallo de \u00abrobo\u00bb y confes\u00f3 que ese traspi\u00e9 influy\u00f3 en sus emociones. \u00abEstaba muy enojada, me dur\u00f3 un tiempo, pero despu\u00e9s me reanim\u00e9 y volv\u00ed al gimnasio con todo\u00bb.<\/p>\n<p>Desde Los \u00c1ngeles, donde se entrena a diario y acompa\u00f1a a su marido, el invicto superwelter misionero Alejandro \u00abCuervo\u00bb Silva, la ex campeona mundial mini mosca dialog\u00f3 con T\u00e9lam.<\/p>\n<p>\u00abVine con el campamento de Los \u00c1ngeles con Alejandro. Despu\u00e9s del enojo por lo de Panam\u00e1 me propuse ponerme bien y estar lista por si sal\u00eda algo y, gracias a mi entrenador Juan Ledesma, sali\u00f3 un contrato con una promotora. As\u00ed lleg\u00f3 la pelea de Tijuana y, por suerte, gan\u00e9\u00bb.<\/p>\n<p>La flamante victoria a expensas de Cort\u00e9s Aguilar elev\u00f3 el palmar\u00e9s de Bopp a 38-3 en 41 salidas rentadas, la primera de las cuales se remonta a enero de 2008, en Villa Gesell, por nocaut en el primer round versus la uruguaya Soledad Macedo.<\/p>\n<p>Seg\u00fan cont\u00f3 Bopp, sus d\u00edas en Los \u00c1ngeles est\u00e1n sellados por sus jornadas de entrenamiento:<\/p>\n<p>\u00abPas\u00f3 mucho tiempo desde que estoy ac\u00e1. Lunes, mi\u00e9rcoles y viernes hac\u00eda sparring y me he preparado con toda la forma para volver impecable. El viernes me sent\u00ed muy bien, confiada. Hab\u00eda entrenado un mont\u00f3n de tiempo, desde diciembre, y desde mayo estaba lista para pelear. Claramente de esa forma es que volv\u00ed. Consciente, tranquila, conectando manos justas. Claras. Golpes antirrobos. No me permit\u00ed distraerme\u00bb.<\/p>\n<p>Consultada acerca de qu\u00e9 puntaje pondr\u00eda a su cometido en el cuadril\u00e1tero, Bopp no dud\u00f3: \u00abMe pongo un puntaje de 10\u00bb.<\/p>\n<p>Y acto seguido, a\u00f1adi\u00f3: \u00abEs que hab\u00eda habido muchas idas y vueltas. Que volv\u00eda, que no volv\u00eda\u2026 Se ca\u00eda un evento, se ca\u00eda otro\u2026 Hasta que una semana antes me avisaron que peleaba y me felicito por haber estado lista y haber llegado en las condiciones que llegu\u00e9\u00bb.<\/p>\n<p>En relaci\u00f3n con su futuro, la estrella argentina de las divisiones peque\u00f1as subray\u00f3 que aspira a lo mejor.<\/p>\n<p>\u00abAhora tenemos ganas de volver a pelear en diciembre, as\u00ed que descansamos una semanita y volvemos a la pista. El Cuervo Silva, mi marido, estar\u00e1 peleando el 4 de noviembre. En diciembre volver\u00e9 a aparecer en el ring, si Dios quiere. Ya estoy cuarta en el r\u00e1nking del mundo, as\u00ed que vamos a tratar de llegar a los primeros puestos y en busca de los t\u00edtulos. Veremos qu\u00e9 deciden la promotora y mi entrenador. Ellos arman todo\u00bb.<\/p>\n<p>Al ser consultada sobre la categor\u00eda en la que pretende volver a coronar, Boop dijo que estaba preparada para hacerlo en \u00abmini mosca\u00bb.<\/p>\n<p>\u00abYo estaba lista para volver en mini mosca, pero la rival estaba m\u00e1s pesada y eso se not\u00f3. Pero yo ya estoy lista para volver a mini mosca. A la OMB le ped\u00ed la revancha con Nery Plata. Queremos los t\u00edtulos, estamos prepar\u00e1ndonos para eso y para que nos pongan arriba en mi categor\u00eda. Ac\u00e1, en Los \u00c1ngeles, hay una favorita que se llama Seniesa Estrada, bueno, queremos esa gran pelea. Ella est\u00e1 en la categor\u00eda m\u00ednima. Si no sube, voy a tener que bajar yo. Esa es la idea\u00bb.<\/p>\n<p>La californiana Estrada, de 31 a\u00f1os, ostenta un r\u00e9cord de 25-0 y nueve victorias antes del l\u00edmite.<\/p>\n<p>Por \u00faltimo, Bopp subray\u00f3 que camino de los 40 a\u00f1os que cumplir\u00e1 el 11 de abril de 2024, ha vuelto para brillar en las grandes marquesinas: \u00abEse es el objetivo: volver a ser campeona del mundo. Presionar a las campeonas actuales, pero la gran pelea que me interesa es Seniesa Estrada y coronarme en los Estados Unidos. Ese es el objetivo que me mantiene motivada\u00bb, concluy\u00f3 la exquisita boxeadora originaria de Wilde. T\u00e9lam.<\/p><\/div>\n<div><\/div>\n<div><strong>Foto: Vuelve la campeona Y\u00e9ssica Tuti Bopp<\/strong><\/div>\n","protected":false},"excerpt":{"rendered":"<p>Despu\u00e9s de la triunfante reaparici\u00f3n del viernes \u00faltimo en Tijuana, Baja California, la ex campeona del mundo Yesica Yolanda Bopp, la \u00abTuti\u00bb, afirm\u00f3 que de aqu\u00ed en m\u00e1s no cesar\u00e1 hasta obtener una chance titular y en el mejor de los casos volver a coronar en el peso mini mosca. Bopp, de 39 a\u00f1os, viene &hellip;<\/p>\n","protected":false},"author":2,"featured_media":2143,"comment_status":"open","ping_status":"open","sticky":false,"template":"","format":"standard","meta":{"footnotes":""},"categories":[57,47],"tags":[],"class_list":["post-2142","post","type-post","status-publish","format-standard","has-post-thumbnail","hentry","category-boxeo","category-nacionales"],"_links":{"self":[{"href":"https:\/\/www.sportchaco.com.ar\/index.php?rest_route=\/wp\/v2\/posts\/2142","targetHints":{"allow":["GET"]}}],"collection":[{"href":"https:\/\/www.sportchaco.com.ar\/index.php?rest_route=\/wp\/v2\/posts"}],"about":[{"href":"https:\/\/www.sportchaco.com.ar\/index.php?rest_route=\/wp\/v2\/types\/post"}],"author":[{"embeddable":true,"href":"https:\/\/www.sportchaco.com.ar\/index.php?rest_route=\/wp\/v2\/users\/2"}],"replies":[{"embeddable":true,"href":"https:\/\/www.sportchaco.com.ar\/index.php?rest_route=%2Fwp%2Fv2%2Fcomments&post=2142"}],"version-history":[{"count":1,"href":"https:\/\/www.sportchaco.com.ar\/index.php?rest_route=\/wp\/v2\/posts\/2142\/revisions"}],"predecessor-version":[{"id":2144,"href":"https:\/\/www.sportchaco.com.ar\/index.php?rest_route=\/wp\/v2\/posts\/2142\/revisions\/2144"}],"wp:featuredmedia":[{"embeddable":true,"href":"https:\/\/www.sportchaco.com.ar\/index.php?rest_route=\/wp\/v2\/media\/2143"}],"wp:attachment":[{"href":"https:\/\/www.sportchaco.com.ar\/index.php?rest_route=%2Fwp%2Fv2%2Fmedia&parent=2142"}],"wp:term":[{"taxonomy":"category","embeddable":true,"href":"https:\/\/www.sportchaco.com.ar\/index.php?rest_route=%2Fwp%2Fv2%2Fcategories&post=2142"},{"taxonomy":"post_tag","embeddable":true,"href":"https:\/\/www.sportchaco.com.ar\/index.php?rest_route=%2Fwp%2Fv2%2Ftags&post=2142"}],"curies":[{"name":"wp","href":"https:\/\/api.w.org\/{rel}","templated":true}]}}