{"id":21431,"date":"2025-06-30T23:32:52","date_gmt":"2025-07-01T02:32:52","guid":{"rendered":"https:\/\/www.sportchaco.com.ar\/?p=21431"},"modified":"2025-06-30T23:34:09","modified_gmt":"2025-07-01T02:34:09","slug":"efemerides-del-1-de-julio-2","status":"publish","type":"post","link":"https:\/\/www.sportchaco.com.ar\/?p=21431","title":{"rendered":"Efem\u00e9rides del 1 de julio"},"content":{"rendered":"<div class=\"container fullwidth-entry-title-wrapper\">\n<div class=\"container-wrapper fullwidth-entry-title\">\n<header class=\"entry-header-outer\">\n<div class=\"entry-header\">\n<h1 class=\"post-title entry-title\"><\/h1>\n<div class=\"single-post-meta post-meta clearfix\"><\/div>\n<\/div>\n<\/header>\n<\/div>\n<\/div>\n<div id=\"content\" class=\"site-content container\">\n<div id=\"main-content-row\" class=\"tie-row main-content-row\">\n<div class=\"main-content tie-col-md-8 tie-col-xs-12\" role=\"main\">\n<article id=\"the-post\" class=\"container-wrapper post-content tie-standard\">\n<div class=\"featured-area\">\n<div class=\"featured-area-inner\">\n<h5 class=\"single-featured-image\"><\/h5>\n<\/div>\n<\/div>\n<div class=\"entry-content entry clearfix\">\n<h5><strong>Esta es la Efem\u00e9rides del Deporte en el Chaco de un 1 de julio del periodista Luis Dar\u00edo Molodezky.<\/strong><\/h5>\n<p>&nbsp;<\/p>\n<\/div>\n<p style=\"text-align: center;\"><img loading=\"lazy\" decoding=\"async\" class=\"alignnone size-full wp-image-21169\" src=\"https:\/\/www.sportchaco.com.ar\/wp-content\/uploads\/2025\/06\/Luis-2025-marzo-3-2-e1749824875302-300x217-1.jpg\" alt=\"\" width=\"300\" height=\"217\" \/><\/p>\n<div class=\"entry-content entry clearfix\">\n<p><strong>1908\u00a0<\/strong>\/ Nace la primera instituci\u00f3n de f\u00fatbol en la capital de la provincia del Chaco, \u201cClub Football Resistencia\u201d. La primera comisi\u00f3n directiva estuvo integrada por el capit\u00e1n Baldomero \u00c1lvarez como presidente, M. Meredias vice; Emigdio Osuna secretario y Benito Moro tesorero.<\/p>\n<p><strong>1927\u00a0<\/strong>\/ Nace Jos\u00e9 Ram\u00f3n\u00a0<em>Pepe\u00a0<\/em>Lestani en Colonia Baranda. Visti\u00f3 las camisetas de Don Orione, River Plate (1950 y 1951), Sarmiento (1952 hasta 1963) con el que gan\u00f3 9 campeonatos (siete consecutivos y dos alternados); en 1959 jug\u00f3 en Talleres de C\u00f3rdoba. Dirige a Don Orione hasta 1971, donde clasifica al Nacional luego de adjudicarse el Oficial, Selectivo, Provincial y Regional. En 1973 y 1977 conduce a Chaco For Ever, luego Mandiy\u00fa y Sarmiento donde lo clasifica al Nacional 77 de la AFA. En el 79 es campe\u00f3n con Orione y en el 83 con Sarmiento. El 3 de julio de 1986 se retira de la direcci\u00f3n t\u00e9cnica. Falleci\u00f3 el 29 de febrero de 2012. <strong>Foto portada.<\/strong><\/p>\n<p><img loading=\"lazy\" decoding=\"async\" class=\"alignnone size-medium wp-image-21433\" src=\"https:\/\/www.sportchaco.com.ar\/wp-content\/uploads\/2025\/06\/Pepe-Lestani-300x220.jpg\" alt=\"\" width=\"300\" height=\"220\" srcset=\"https:\/\/www.sportchaco.com.ar\/wp-content\/uploads\/2025\/06\/Pepe-Lestani-300x220.jpg 300w, https:\/\/www.sportchaco.com.ar\/wp-content\/uploads\/2025\/06\/Pepe-Lestani.jpg 530w\" sizes=\"auto, (max-width: 300px) 100vw, 300px\" \/> <img loading=\"lazy\" decoding=\"async\" class=\"alignnone size-medium wp-image-21435\" src=\"https:\/\/www.sportchaco.com.ar\/wp-content\/uploads\/2025\/06\/Jose-Pepe-Lestani-293x300.webp\" alt=\"\" width=\"293\" height=\"300\" \/><\/p>\n<p><strong>1950\u00a0<\/strong>\/ El volante de Villa Angela, Eduardo Carauni, es el primer inscripto para intervenir en la Tercera Vuelta del Chaco.<\/p>\n<p><strong>1963 \/<\/strong>Jos\u00e9 Lestani anunci\u00f3 que dejaba definitivamente el f\u00fatbol activo luego de 23 a\u00f1os ininterrumpidos. En esos momentos era capit\u00e1n del seleccionado chaque\u00f1o y tambi\u00e9n del decano. Inmediatamente asumi\u00f3 como DT de Sarmiento<\/p>\n<p><strong>1968\u00a0<\/strong>\/ Sale a la calle el primer n\u00famero de Diario Norte, que con el correr de los a\u00f1os se convertir\u00eda en el Matutino n\u00famero 1 de la regi\u00f3n. Desde sus inicios marc\u00f3 el rumbo con amplias coberturas deportivas, siguiendo a equipos chaque\u00f1os por todo el pa\u00eds y con presencia en los mundiales de f\u00fatbol.<\/p>\n<p><strong>1979\u00a0<\/strong>\/ Con el partido que el equipo yugoeslavo de Partiz\u00e1n le gana a Uni\u00f3n Progresista por 107 a 69, el Club Deportivo Acci\u00f3n inaugur\u00f3 oficialmente el gimnasio cubierto, tras a\u00f1os de inactividad en el b\u00e1squetbol. El partido que se jug\u00f3 ante una multitud y fue organizado por la Asociaci\u00f3n Saenzpe\u00f1ense y la Sociedad Yugoeslava.<\/p>\n<p><strong>1984\u00a0<\/strong>\/ Se presenta el TC 2000 en Resistencia, con victoria para Esteban Fernandino con Ford Taunus, seguido por Gayroud y Luis Di Palma. El promedio del ganador es de 115,027 Km\/hora. Unos 10 mil espectadores llenaron el Aut\u00f3dromo del Nordeste.<\/p>\n<p><strong>1988\u00a0<\/strong>\/ Fallece en un accidente el joven Daniel Alberto Bianchi, quien fuera destacado jugador y capit\u00e1n del primer equipo del Mirbeo Handball Club y el Seleccionado de Chaco.<\/p>\n<p><strong>2007\u00a0<\/strong>\/ El equipo de El Nacional, se consagra campe\u00f3n del torneo Apertura de ascenso de la Liga Chaque\u00f1a de F\u00fatbol. En el \u00faltimo partido el equipo dirigido por Roberto Garc\u00eda estuvo integrado por Mart\u00edn Barreda; Luciano Inocente, Hern\u00e1n Correa, Benjam\u00edn Katz, Jos\u00e9 Paiva; Sebasti\u00e1n Kaliman, Ricardo Voiquevichi, Sebasti\u00e1n Forestello, Diego Gim\u00e9nez, Silvio Moreyra, Norberto Carlen, Nicol\u00e1s Garc\u00eda, Alejandro Acebal, Juan Carlos Carabajal, Emanuel Ovando y Sebasti\u00e1n Sotelo. Roberto Garc\u00eda (DT) y Hojberg (AC).<\/p>\n<p><strong>2007\u00a0<\/strong>\/ Fallece Dante\u00a0<em>Pelado\u00a0<\/em>Fermani, a los ochenta a\u00f1os. Estuvo vinculado a los clubes V\u00e9lez Sarsfield Libertad e Hind\u00fa Club, donde cumpli\u00f3 un trabajo intenso y amplio como formador en las divisiones inferiores; generador de figuras, muchas de ellas hechas a su lado, a trav\u00e9s de la paciencia, dedicaci\u00f3n y calidad de \u201cmaestro\u201d.<\/p>\n<p><strong>2009\u00a0<\/strong>\/ Fallece el destacado dirigente Tom\u00e1s Pancho Arce, que fue mec\u00e1nico, piloto y dirigente. Presidi\u00f3 desde siempre la Asociaci\u00f3n de Volantes del Nordeste y fue delegado de la Zona 7 de la vieja CADAD. Colaborador permanente, la muerte lo sorprende siendo director del Aut\u00f3dromo Santiago Yaco Guarnieri de Loter\u00eda Chaque\u00f1a.<\/p>\n<p style=\"text-align: left;\"><img loading=\"lazy\" decoding=\"async\" class=\"size-medium wp-image-21432 alignleft\" src=\"https:\/\/www.sportchaco.com.ar\/wp-content\/uploads\/2025\/06\/Pancho-arce-33-600x470-1-300x235.jpg\" alt=\"\" width=\"300\" height=\"235\" srcset=\"https:\/\/www.sportchaco.com.ar\/wp-content\/uploads\/2025\/06\/Pancho-arce-33-600x470-1-300x235.jpg 300w, https:\/\/www.sportchaco.com.ar\/wp-content\/uploads\/2025\/06\/Pancho-arce-33-600x470-1.jpg 600w\" sizes=\"auto, (max-width: 300px) 100vw, 300px\" \/><strong>Foto de Tom\u00e1s Pancho Arce<\/strong><\/p>\n<\/div>\n<\/article>\n<\/div>\n<\/div>\n<\/div>\n","protected":false},"excerpt":{"rendered":"<p>Esta es la Efem\u00e9rides del Deporte en el Chaco de un 1 de julio del periodista Luis Dar\u00edo Molodezky. &nbsp; 1908\u00a0\/ Nace la primera instituci\u00f3n de f\u00fatbol en la capital de la provincia del Chaco, \u201cClub Football Resistencia\u201d. La primera comisi\u00f3n directiva estuvo integrada por el capit\u00e1n Baldomero \u00c1lvarez como presidente, M. Meredias vice; Emigdio &hellip;<\/p>\n","protected":false},"author":2,"featured_media":21435,"comment_status":"open","ping_status":"open","sticky":false,"template":"","format":"standard","meta":{"footnotes":""},"categories":[45,37],"tags":[],"class_list":["post-21431","post","type-post","status-publish","format-standard","has-post-thumbnail","hentry","category-efemerides-dia-por-dia","category-julio"],"_links":{"self":[{"href":"https:\/\/www.sportchaco.com.ar\/index.php?rest_route=\/wp\/v2\/posts\/21431","targetHints":{"allow":["GET"]}}],"collection":[{"href":"https:\/\/www.sportchaco.com.ar\/index.php?rest_route=\/wp\/v2\/posts"}],"about":[{"href":"https:\/\/www.sportchaco.com.ar\/index.php?rest_route=\/wp\/v2\/types\/post"}],"author":[{"embeddable":true,"href":"https:\/\/www.sportchaco.com.ar\/index.php?rest_route=\/wp\/v2\/users\/2"}],"replies":[{"embeddable":true,"href":"https:\/\/www.sportchaco.com.ar\/index.php?rest_route=%2Fwp%2Fv2%2Fcomments&post=21431"}],"version-history":[{"count":5,"href":"https:\/\/www.sportchaco.com.ar\/index.php?rest_route=\/wp\/v2\/posts\/21431\/revisions"}],"predecessor-version":[{"id":21473,"href":"https:\/\/www.sportchaco.com.ar\/index.php?rest_route=\/wp\/v2\/posts\/21431\/revisions\/21473"}],"wp:featuredmedia":[{"embeddable":true,"href":"https:\/\/www.sportchaco.com.ar\/index.php?rest_route=\/wp\/v2\/media\/21435"}],"wp:attachment":[{"href":"https:\/\/www.sportchaco.com.ar\/index.php?rest_route=%2Fwp%2Fv2%2Fmedia&parent=21431"}],"wp:term":[{"taxonomy":"category","embeddable":true,"href":"https:\/\/www.sportchaco.com.ar\/index.php?rest_route=%2Fwp%2Fv2%2Fcategories&post=21431"},{"taxonomy":"post_tag","embeddable":true,"href":"https:\/\/www.sportchaco.com.ar\/index.php?rest_route=%2Fwp%2Fv2%2Ftags&post=21431"}],"curies":[{"name":"wp","href":"https:\/\/api.w.org\/{rel}","templated":true}]}}