{"id":21438,"date":"2025-06-30T10:25:56","date_gmt":"2025-06-30T13:25:56","guid":{"rendered":"https:\/\/www.sportchaco.com.ar\/?p=21438"},"modified":"2025-06-30T10:25:56","modified_gmt":"2025-06-30T13:25:56","slug":"familia-amigos-periodistas-en-el-recuerdo","status":"publish","type":"post","link":"https:\/\/www.sportchaco.com.ar\/?p=21438","title":{"rendered":"Familia, amigos, periodistas en el recuerdo"},"content":{"rendered":"<p>Hoy recuerdo a los periodistas, amigos, familiares, todos en una reuni\u00f3n de amigos en el barrio Espa\u00f1a a comienzos de la d\u00e9cada del 80. En el centro mi amigo Carlos Guido Obreg\u00f3n, que se inici\u00f3 con gran suceso en el \u00e1rea deportiva de diario Norte y que termin\u00f3 como Jefe de interior. Hoy comparte con su querida Emilia, los hijos Guido y Fernando, mas sus nietos, la alegr\u00eda de vivir.<\/p>\n<p>En la foto tambi\u00e9n aparecen de izquierda a derecha Jorge Fernando, mi hermano; Sixto Osvaldo Sotelo, redactor de El Territorio y Norte, fue guionista de Sucesos Deportivos por la vieja LT5, Jefe de la Agencia S\u00e1enz Pe\u00f1a de diario Norte, y tuvo su radio La Sembradora de Colonia Ben\u00edtez. Atr\u00e1s el gran Savelio Yurkevich, calificado periodista y al fondo Zitto Segovia, cantor, amigo y vecino.<\/p>\n<p>Semi tapado mi gran amigo, tambi\u00e9n vecino en aquellos a\u00f1os, Jos\u00e9 Rinaldo Cendra. A la derecha el salte\u00f1o, Carlitos Garc\u00eda, gran periodista y locutor comercial de transmisiones deportivos. Al borde, sin que se lo vea del todo, un personaje, autor del Cofre del Pirata que marc\u00f3 una \u00e9poca, igual que la columna de cierre.<\/p>\n<p style=\"text-align: right;\"><strong>Luis Dar\u00edo Molodezky<\/strong><\/p>\n","protected":false},"excerpt":{"rendered":"<p>Hoy recuerdo a los periodistas, amigos, familiares, todos en una reuni\u00f3n de amigos en el barrio Espa\u00f1a a comienzos de la d\u00e9cada del 80. En el centro mi amigo Carlos Guido Obreg\u00f3n, que se inici\u00f3 con gran suceso en el \u00e1rea deportiva de diario Norte y que termin\u00f3 como Jefe de interior. Hoy comparte con &hellip;<\/p>\n","protected":false},"author":2,"featured_media":21439,"comment_status":"open","ping_status":"open","sticky":false,"template":"","format":"standard","meta":{"footnotes":""},"categories":[1],"tags":[],"class_list":["post-21438","post","type-post","status-publish","format-standard","has-post-thumbnail","hentry","category-fotos-del-recuerdo"],"_links":{"self":[{"href":"https:\/\/www.sportchaco.com.ar\/index.php?rest_route=\/wp\/v2\/posts\/21438","targetHints":{"allow":["GET"]}}],"collection":[{"href":"https:\/\/www.sportchaco.com.ar\/index.php?rest_route=\/wp\/v2\/posts"}],"about":[{"href":"https:\/\/www.sportchaco.com.ar\/index.php?rest_route=\/wp\/v2\/types\/post"}],"author":[{"embeddable":true,"href":"https:\/\/www.sportchaco.com.ar\/index.php?rest_route=\/wp\/v2\/users\/2"}],"replies":[{"embeddable":true,"href":"https:\/\/www.sportchaco.com.ar\/index.php?rest_route=%2Fwp%2Fv2%2Fcomments&post=21438"}],"version-history":[{"count":1,"href":"https:\/\/www.sportchaco.com.ar\/index.php?rest_route=\/wp\/v2\/posts\/21438\/revisions"}],"predecessor-version":[{"id":21440,"href":"https:\/\/www.sportchaco.com.ar\/index.php?rest_route=\/wp\/v2\/posts\/21438\/revisions\/21440"}],"wp:featuredmedia":[{"embeddable":true,"href":"https:\/\/www.sportchaco.com.ar\/index.php?rest_route=\/wp\/v2\/media\/21439"}],"wp:attachment":[{"href":"https:\/\/www.sportchaco.com.ar\/index.php?rest_route=%2Fwp%2Fv2%2Fmedia&parent=21438"}],"wp:term":[{"taxonomy":"category","embeddable":true,"href":"https:\/\/www.sportchaco.com.ar\/index.php?rest_route=%2Fwp%2Fv2%2Fcategories&post=21438"},{"taxonomy":"post_tag","embeddable":true,"href":"https:\/\/www.sportchaco.com.ar\/index.php?rest_route=%2Fwp%2Fv2%2Ftags&post=21438"}],"curies":[{"name":"wp","href":"https:\/\/api.w.org\/{rel}","templated":true}]}}