{"id":21449,"date":"2025-06-30T11:54:04","date_gmt":"2025-06-30T14:54:04","guid":{"rendered":"https:\/\/www.sportchaco.com.ar\/?p=21449"},"modified":"2025-06-30T11:54:04","modified_gmt":"2025-06-30T14:54:04","slug":"con-nuevo-look-el-diablito-se-recupera","status":"publish","type":"post","link":"https:\/\/www.sportchaco.com.ar\/?p=21449","title":{"rendered":"Con nuevo look, el diablito se recupera"},"content":{"rendered":"<p>&nbsp;<\/p>\n<p>&nbsp;<\/p>\n<p><iframe loading=\"lazy\" title=\"M\u00e1xima preocupaci\u00f3n por el Diablito Echeverri \ud83d\ude31\" width=\"422\" height=\"750\" src=\"https:\/\/www.youtube.com\/embed\/gpbn-ml09WE?feature=oembed\" frameborder=\"0\" allow=\"accelerometer; autoplay; clipboard-write; encrypted-media; gyroscope; picture-in-picture; web-share\" referrerpolicy=\"strict-origin-when-cross-origin\" allowfullscreen><\/iframe><\/p>\n<p>&nbsp;<\/p>\n<section class=\"note-detail-head\" data-type=\"article\">\n<div class=\"info-wrapper\">\n<div class=\"col-12 col-lg-8\">\n<section class=\"body-content\" data-twitter-link=\"https:\/\/twitter.com\/intent\/tweet?url=https:\/\/www.lmneuquen.com\/c1197328&amp;v\u00eda=lmneuquen&amp;related=LM Neuquen&amp;text=\" data-td-script-src=\"https:\/\/www.lmneuquen.com\/js-custom\/195\/v2\/jquery-3.6.0.min-min-version-1751256515.js,https:\/\/www.lmneuquen.com\/js-custom\/195\/v2\/functions\/function-embeds-min-version-1751256515.js\">\n<h2><\/h2>\n<p>&nbsp;<\/p>\n<p class=\"mb-[20px] md:mb-[30px] break-word\"><span style=\"color: #000000;\">El pasado domingo\u00a0<a class=\"break-word font-articleLinkText text-articleLinkText hover:text-articleLinkTextHover hover:bg-articleLinkTextHoverBg cursor-pointer border-solid border-b-articleLinkTextHover\" style=\"color: #000000;\" href=\"https:\/\/bolavip.com\/ar\/tema\/claudio-echeverri\" target=\"_blank\" rel=\"noreferrer noopener\">Claudio Echeverri<\/a>\u00a0hizo su debut oficial como titular en el\u00a0<a class=\"break-word font-articleLinkText text-articleLinkText hover:text-articleLinkTextHover hover:bg-articleLinkTextHoverBg cursor-pointer border-solid border-b-articleLinkTextHover\" style=\"color: #000000;\" href=\"https:\/\/bolavip.com\/ar\/tema\/manchester-city\" target=\"_blank\" rel=\"noreferrer noopener\">Manchester City<\/a>; fue en la\u00a0<strong>goleada por 6 a 0 contra Al Ain<\/strong>\u00a0en el\u00a0<a class=\"break-word font-articleLinkText text-articleLinkText hover:text-articleLinkTextHover hover:bg-articleLinkTextHoverBg cursor-pointer border-solid border-b-articleLinkTextHover\" style=\"color: #000000;\" href=\"https:\/\/bolavip.com\/ar\/mundial-de-clubes\" target=\"_blank\" rel=\"noreferrer noopener\">Mundial de Clubes<\/a>, donde el \u2018Diablito\u2019 convirti\u00f3 un\u00a0<a class=\"break-word font-articleLinkText text-articleLinkText hover:text-articleLinkTextHover hover:bg-articleLinkTextHoverBg cursor-pointer border-solid border-b-articleLinkTextHover\" style=\"color: #000000;\" href=\"https:\/\/bolavip.com\/ar\/mundial-de-clubes\/el-golazo-de-tiro-libre-del-diablito-echeverri-en-manchester-city-vs-al-ain-por-el-mundial-de-clubes\" target=\"_blank\" rel=\"noreferrer noopener\">golazo de tiro libre<\/a>, pero luego se fue reemplazado con una molestia en el tobillo. Horas despu\u00e9s se lo vio desplaz\u00e1ndose con muletas y finalmente\u00a0<a class=\"break-word font-articleLinkText text-articleLinkText hover:text-articleLinkTextHover hover:bg-articleLinkTextHoverBg cursor-pointer border-solid border-b-articleLinkTextHover\" style=\"color: #000000;\" href=\"https:\/\/bolavip.com\/ar\/tema\/pep-guardiola\" target=\"_blank\" rel=\"noreferrer noopener\">Pep Guardiola<\/a>\u00a0revel\u00f3 su estado.<\/span><\/p>\n<p class=\"mb-[20px] md:mb-[30px] break-word\"><span style=\"color: #000000;\">En la conferencia de prensa, previo al partido que su Manchester City jugar\u00e1 este jueves ante la Juventus para definir qui\u00e9n se quedar\u00e1 con el Grupo G, el entrenador espa\u00f1ol se refiri\u00f3 a la lesi\u00f3n de Echeverri: \u201c<strong>Tiene problemas en el tobillo, estar\u00e1 dos semanas, tres, fuera<\/strong>. Es desafortunado, lo siento mucho por \u00e9l, por nosotros, pero tendremos que poner nuevos jugadores\u201d, explic\u00f3.<\/span><\/p>\n<p class=\"mb-[20px] md:mb-[30px] break-word\"><span style=\"color: #000000;\">Con ello\u00a0<strong>queda virtualmente descartado para lo que resta del Mundial de Clubes, el cual finalizar\u00e1 en 17 d\u00edas<\/strong>. Es decir, bajo los plazos destacados por Guardiola, Echeverri apenas llegar\u00eda a volver a entrenarse si el City alcanza la final de la competencia, y no estar\u00eda en condiciones para jugar a menos que el ex River acelere su recuperaci\u00f3n y venza los plazos estipulados por los m\u00e9dicos para ello.<\/span><\/p>\n<div class=\"max-w-[550px] block relative mx-auto mb-[20px] md:mb-[30px]\"><img loading=\"lazy\" decoding=\"async\" class=\"h-auto\" src=\"https:\/\/ds-images.bolavip.com\/news\/image?src=https:\/\/images.bolavip.com\/webp\/ar\/full\/BAR_20250626_BAR_488370_muletas_88639b8e.webp&amp;width=654&amp;height=654\" alt=\"Echeverri fue visto con muletas tras la lesi\u00f3n vs. Al Ain y se perder\u00e1 el resto del Mundial de Clubes.\" width=\"654\" height=\"654\" \/><\/p>\n<p class=\"text-center mt-5 text-[14px] leading-[20px] font-normal\">Echeverri fue visto con muletas tras la lesi\u00f3n vs. Al Ain y se perder\u00e1 el resto del Mundial de Clubes.<\/p>\n<\/div>\n<h2 class=\"mb-[20px] md:mb-[30px] break-word text-articleHeading2Mobile md:text-articleHeading2\">Guardiola destac\u00f3 a Echeverri tras su gol de tiro libre<\/h2>\n<p class=\"mb-[20px] md:mb-[30px] break-word\">Pep Guardiola ya se hab\u00eda referido al futbolista argentino, inmediatamente terminado el partido contra Al Ain, donde convirti\u00f3 el gol y tambi\u00e9n result\u00f3 lesionado. En aquella ocasi\u00f3n hizo referencia al que fue el segundo tanto de su equipo en el partido y revel\u00f3 una intimidad al respecto.<\/p>\n<p class=\"mb-[20px] md:mb-[30px] break-word\"><strong>\u201d<\/strong>Quiero contarles un secreto:\u00a0<strong>la temporada pasada, cuando lleg\u00f3, despu\u00e9s de cada entrenamiento se quedaba practicando tiros libres solo.\u00a0<\/strong>Hoy ese trabajo tuvo su recompensa<strong>\u201d<\/strong>, admiti\u00f3 Pep.\u00a0<strong>\u201d<\/strong>Cuando otros no entrenan, no marcan goles\u2026\u00a0<strong>Es un jugador incre\u00edble, tiene un gran talento en espacios reducidos. Estoy muy contento por \u00e9l, fue un golazo\u201d<\/strong>, complet\u00f3.<\/p>\n<div id=\"1148338-Libre-1936984819_wrap\" class=\"embed_cont type_imagen\" contenteditable=\"false\">\n<div id=\"1148338-Libre-1936984819_content\" class=\"embed_content\"><img decoding=\"async\" id=\"1148338-Libre-1936984819_embed\" title=\"\" src=\"https:\/\/media.lmneuquen.com\/p\/f90154c9813299e5111c29f091bb06b3\/adjuntos\/195\/imagenes\/007\/940\/0007940035\/770x0\/smart\/diablito-2jpg.jpg\" alt=\"\" width=\"770\" height=\"undefined\" data-td-src-property=\"https:\/\/media.lmneuquen.com\/p\/f90154c9813299e5111c29f091bb06b3\/adjuntos\/195\/imagenes\/007\/940\/0007940035\/770x0\/smart\/diablito-2jpg.jpg\" \/><\/div>\n<\/div>\n<\/section>\n<section class=\"it-may-interest-you-sm\">\n<header class=\"object-title header-title\"><\/header>\n<div class=\"row\">\n<div class=\"col-12 col-lg-6\">\n<article class=\"it-may-interest-you-article article-with-hover row align-items-stretch no-gutters  \" data-type=\"article\">\n<div class=\"col\">\n<div class=\"info-wrapper d-flex align-items-center\">\n<div class=\"wrapper\">\n<p class=\"title\">\n<\/div>\n<\/div>\n<\/div>\n<\/article>\n<\/div>\n<\/div>\n<\/section>\n<div class=\"banner-wrapper\">\n<div class=\"banner-libre\">\n<div id=\"ad-Notas_H2\" class=\"ad-750x200 ad-fondo-container\"><iframe id=\"google_ads_iframe_\/133486742\/Lmneuquen\/Lmneuquen_Desktop_Notas_H2_1\" width=\"0\" height=\"0\" sandbox=\"\" data-load-complete=\"true\" data-google-container-id=\"true\" data-mce-fragment=\"1\"><\/iframe><\/div>\n<\/div>\n<\/div>\n<\/div>\n<div class=\"col-12 col-lg-4\">\n<div class=\"banner-wrapper\">\n<div class=\"banner-libre\"><\/div>\n<\/div>\n<div class=\"banner-wrapper\">\n<div class=\"banner-libre\"><\/div>\n<\/div>\n<div class=\"banner-wrapper\">\n<div class=\"ad02-obj banner\"><\/div>\n<\/div>\n<div class=\"banner-wrapper\">\n<div class=\"banner-libre\">\n<div id=\"mc_embed_signup\">\n<form id=\"mc-embedded-subscribe-form\" class=\"validate\" action=\"https:\/\/lmneuquen.us4.list-manage.com\/subscribe\/post?u=2b314b4120b8426b145e18e7e&amp;id=19ac5bb7b2\" method=\"post\" name=\"mc-embedded-subscribe-form\" novalidate=\"\" target=\"_blank\">\n<div id=\"mc_embed_signup_scroll\">\n<div class=\"clear\"><\/div>\n<\/div>\n<\/form>\n<\/div>\n<\/div>\n<\/div>\n<\/div>\n<h1 class=\"title\">La estrella del Manchester City que se declar\u00f3 fan del Diablito Echeverri<\/h1>\n<\/div>\n<\/section>\n<section class=\"note-detail-head\" data-type=\"article\">\n<div class=\"info-wrapper\">\n<p class=\"ignore-parser\">Un futbolista importante en el equipo de Pep Guardiola se deshizo en elogios para el joven ex River.<\/p>\n<div class=\"row no-gutters align-items-center author-and-share-wrapper\">\n<div class=\"col col-lg-6 d-block\"><\/div>\n<div class=\"col col-lg-6 text-right\"><\/div>\n<\/div>\n<\/div>\n<\/section>\n<div class=\"detail-gallery\">\n<div class=\"detail-gallery__slide-wrapper\">\n<div class=\"detail-gallery__slide\">\n<figure class=\"detail-gallery__figure\"><img loading=\"lazy\" decoding=\"async\" class=\"detail-gallery__figure-img img-fluid\" title=\"La estrella del Manchester City que se declar\u00f3 fan del Diablito Echeverri | LM Neuquen\" src=\"https:\/\/media.lmneuquen.com\/p\/01bd29ec3b3278f5d5420853d8cef502\/adjuntos\/195\/imagenes\/007\/943\/0007943321\/770x0\/smart\/diablitojpg.jpg\" alt=\"La estrella del Manchester City que se declar\u00f3 fan del Diablito Echeverri\" width=\"1200\" height=\"678\" \/><figcaption class=\"detail-gallery__figure-caption\">\n<div class=\"credit-media  \"><\/div>\n<\/figcaption><\/figure>\n<\/div>\n<div class=\"detail-gallery__nav\"><\/div>\n<\/div>\n<\/div>\n<section class=\"body-content\" data-twitter-link=\"https:\/\/twitter.com\/intent\/tweet?url=https:\/\/www.lmneuquen.com\/c1197328&amp;v\u00eda=lmneuquen&amp;related=LM Neuquen&amp;text=\" data-td-script-src=\"https:\/\/www.lmneuquen.com\/js-custom\/195\/v2\/jquery-3.6.0.min-min-version-1751256515.js,https:\/\/www.lmneuquen.com\/js-custom\/195\/v2\/functions\/function-embeds-min-version-1751256515.js\"><span style=\"color: #000000;\"><strong><a style=\"color: #000000;\" href=\"https:\/\/www.lmneuquen.com\/claudio-echeverri-a40926\/8\" target=\"_blank\" rel=\"follow noopener\">Claudio Echeverri\u00a0<\/a>no para de sorprender en el f\u00fatbol europeo<\/strong>\u00a0tal como lo hab\u00eda hecho en sus apariciones con la camiseta de River, club en el que se form\u00f3 desde las inferiores. En su debut en el Mundial de Clubes frente al Al Ain, el\u00a0<a style=\"color: #000000;\" href=\"https:\/\/www.lmneuquen.com\/claudio-echeverri-a40926\/8\" target=\"_blank\" rel=\"follow noopener\">Diablito\u00a0<\/a>dej\u00f3 al estadio boquiabierto con su golazo de tiro libre para aportar su tanto en la goleada 6-0. Sin embargo ,m\u00e1s tarde tuvo que salir del equipo por una importante lesi\u00f3n.<\/span><\/p>\n<\/section>\n<div class=\"banner-wrapper\">\n<div class=\"banner-libre\">\n<div id=\"ad-Notas_IN\" class=\"ad-770x443 ad-fondo-container\"><\/div>\n<\/div>\n<\/div>\n<section class=\"body-content\" data-twitter-link=\"https:\/\/twitter.com\/intent\/tweet?url=https:\/\/www.lmneuquen.com\/c1197328&amp;v\u00eda=lmneuquen&amp;related=LM Neuquen&amp;text=\" data-td-script-src=\"https:\/\/www.lmneuquen.com\/js-custom\/195\/v2\/jquery-3.6.0.min-min-version-1751256515.js,https:\/\/www.lmneuquen.com\/js-custom\/195\/v2\/functions\/function-embeds-min-version-1751256515.js\"><span style=\"color: #000000;\">Sus apariciones futbol\u00edsticas causan asombro. Sin excepci\u00f3n de sus compa\u00f1eros que, en algunos casos, se deshicieron en elogios por sus habilidades demostradas tambi\u00e9n en el d\u00eda a d\u00eda. El habilidoso portugu\u00e9s Bernardo Silva no ocult\u00f3 su admiraci\u00f3n por el joven jugador de 19 a\u00f1os.<\/span><\/p>\n<\/section>\n<section class=\"body-content\" data-twitter-link=\"https:\/\/twitter.com\/intent\/tweet?url=https:\/\/www.lmneuquen.com\/c1197328&amp;v\u00eda=lmneuquen&amp;related=LM Neuquen&amp;text=\" data-td-script-src=\"https:\/\/www.lmneuquen.com\/js-custom\/195\/v2\/jquery-3.6.0.min-min-version-1751256515.js,https:\/\/www.lmneuquen.com\/js-custom\/195\/v2\/functions\/function-embeds-min-version-1751256515.js\"><span style=\"color: #000000;\">\u00ab<strong>Soy un gran fan de\u00a0<a style=\"color: #000000;\" href=\"https:\/\/www.lmneuquen.com\/claudio-echeverri-a40926\/8\" target=\"_blank\" rel=\"follow noopener\">Claudio<\/a><\/strong>. Juega al f\u00fatbol de forma parecida a como yo lo hago;<strong>\u00a0tiene mucha sangre en las venas, lucha por cada posesi\u00f3n, lucha por cada bal\u00f3n. Y su talento, obviamente, hace el resto<\/strong>\u00ab, confes\u00f3 Silva en di\u00e1logo con la prensa.<\/span><\/p>\n<\/section>\n<section class=\"body-content\" data-twitter-link=\"https:\/\/twitter.com\/intent\/tweet?url=https:\/\/www.lmneuquen.com\/c1197328&amp;v\u00eda=lmneuquen&amp;related=LM Neuquen&amp;text=\" data-td-script-src=\"https:\/\/www.lmneuquen.com\/js-custom\/195\/v2\/jquery-3.6.0.min-min-version-1751256515.js,https:\/\/www.lmneuquen.com\/js-custom\/195\/v2\/functions\/function-embeds-min-version-1751256515.js\">\n<div id=\"1149278-Libre-707351678_wrap\" class=\"embed_cont type_imagen\" contenteditable=\"false\">\n<div id=\"1149278-Libre-707351678_content\" class=\"embed_content\"><img decoding=\"async\" id=\"1149278-Libre-707351678_embed\" title=\"\" src=\"https:\/\/media.lmneuquen.com\/p\/973b57f339657f7f983d8492f24bfc77\/adjuntos\/195\/imagenes\/007\/943\/0007943318\/770x0\/smart\/echeverri-silvajpg.jpg\" alt=\"\" width=\"770\" height=\"undefined\" data-td-src-property=\"https:\/\/media.lmneuquen.com\/p\/973b57f339657f7f983d8492f24bfc77\/adjuntos\/195\/imagenes\/007\/943\/0007943318\/770x0\/smart\/echeverri-silvajpg.jpg\" \/><\/div>\n<\/div>\n<p>Sumado a esto, cont\u00f3: \u00abLo que me gusta de Claudio es que es un delantero n\u00famero 10 o segundo delantero y no se rinde: cualquier posesi\u00f3n, cualquier bal\u00f3n.\u00a0<strong>Siempre est\u00e1 ah\u00ed para ayudar al equipo. Es un luchador, lo veo, todos lo vemos. Nos sorprendi\u00f3 mucho cuando lleg\u00f3 al club<\/strong>\u00ab.<\/p>\n<p>&nbsp;<\/p>\n<div id=\"video-genoa-856093\" class=\"videoPlayer genoa-async\" data-contentid=\"1774428\" data-share=\"https:\/\/www.tycsports.com\/mundial-de-clubes\/dura-lesion-diablito-echeverri-manchester-city-bota-muletas-id669698.html\" data-playlist-related=\"true\" data-playlist=\"1774494,1774480,1774402,1774399,1774398\">\n<div class=\"genoa-embed-content-1774428\">\n<div class=\"videojs\">\n<div class=\"genoa-share\"><\/div>\n<div id=\"skip\"><\/div>\n<div class=\"video-inner-container\">\n<div id=\"content-1774428\" class=\"video-js vjs-big-play-centered vjs-fluid content-1774428-dimensions vjs-controls-enabled vjs-workinghover vjs-v7 vjs-hls-quality-selector vjs-brand vjs-has-started vjs-paused vjs-user-inactive\" lang=\"es\" tabindex=\"-1\" role=\"region\" translate=\"no\" aria-label=\"Video Player\">\n<div class=\"vjs-text-track-display\" translate=\"yes\" aria-live=\"off\" aria-atomic=\"true\"><\/div>\n<div class=\"vjs-control-bar\" dir=\"ltr\">\n<div class=\"vjs-volume-panel vjs-control vjs-volume-panel-horizontal\">\n<div class=\"vjs-volume-control vjs-control vjs-volume-horizontal\">\n<div class=\"vjs-volume-bar vjs-slider-bar vjs-slider vjs-slider-horizontal\" tabindex=\"0\" role=\"slider\" aria-valuenow=\"100\" aria-valuemin=\"0\" aria-valuemax=\"100\" aria-label=\"Volume Level\" aria-live=\"polite\" aria-valuetext=\"100%\">\n<div class=\"vjs-volume-level\">https:\/\/youtube.com\/shorts\/gpbn-ml09WE?si=HOGvbwhEQ5U2cHZR<\/div>\n<\/div>\n<\/div>\n<\/div>\n<\/div>\n<\/div>\n<\/div>\n<\/div>\n<\/div>\n<\/div>\n<\/section>\n","protected":false},"excerpt":{"rendered":"<p>&nbsp; &nbsp; &nbsp; &nbsp; El pasado domingo\u00a0Claudio Echeverri\u00a0hizo su debut oficial como titular en el\u00a0Manchester City; fue en la\u00a0goleada por 6 a 0 contra Al Ain\u00a0en el\u00a0Mundial de Clubes, donde el \u2018Diablito\u2019 convirti\u00f3 un\u00a0golazo de tiro libre, pero luego se fue reemplazado con una molestia en el tobillo. Horas despu\u00e9s se lo vio desplaz\u00e1ndose con &hellip;<\/p>\n","protected":false},"author":2,"featured_media":21450,"comment_status":"open","ping_status":"open","sticky":false,"template":"","format":"standard","meta":{"footnotes":""},"categories":[72],"tags":[],"class_list":["post-21449","post","type-post","status-publish","format-standard","has-post-thumbnail","hentry","category-futbol-puro"],"_links":{"self":[{"href":"https:\/\/www.sportchaco.com.ar\/index.php?rest_route=\/wp\/v2\/posts\/21449","targetHints":{"allow":["GET"]}}],"collection":[{"href":"https:\/\/www.sportchaco.com.ar\/index.php?rest_route=\/wp\/v2\/posts"}],"about":[{"href":"https:\/\/www.sportchaco.com.ar\/index.php?rest_route=\/wp\/v2\/types\/post"}],"author":[{"embeddable":true,"href":"https:\/\/www.sportchaco.com.ar\/index.php?rest_route=\/wp\/v2\/users\/2"}],"replies":[{"embeddable":true,"href":"https:\/\/www.sportchaco.com.ar\/index.php?rest_route=%2Fwp%2Fv2%2Fcomments&post=21449"}],"version-history":[{"count":1,"href":"https:\/\/www.sportchaco.com.ar\/index.php?rest_route=\/wp\/v2\/posts\/21449\/revisions"}],"predecessor-version":[{"id":21451,"href":"https:\/\/www.sportchaco.com.ar\/index.php?rest_route=\/wp\/v2\/posts\/21449\/revisions\/21451"}],"wp:featuredmedia":[{"embeddable":true,"href":"https:\/\/www.sportchaco.com.ar\/index.php?rest_route=\/wp\/v2\/media\/21450"}],"wp:attachment":[{"href":"https:\/\/www.sportchaco.com.ar\/index.php?rest_route=%2Fwp%2Fv2%2Fmedia&parent=21449"}],"wp:term":[{"taxonomy":"category","embeddable":true,"href":"https:\/\/www.sportchaco.com.ar\/index.php?rest_route=%2Fwp%2Fv2%2Fcategories&post=21449"},{"taxonomy":"post_tag","embeddable":true,"href":"https:\/\/www.sportchaco.com.ar\/index.php?rest_route=%2Fwp%2Fv2%2Ftags&post=21449"}],"curies":[{"name":"wp","href":"https:\/\/api.w.org\/{rel}","templated":true}]}}