{"id":2145,"date":"2023-10-24T12:07:17","date_gmt":"2023-10-24T15:07:17","guid":{"rendered":"https:\/\/www.sportchaco.com.ar\/?p=2145"},"modified":"2023-10-24T12:36:32","modified_gmt":"2023-10-24T15:36:32","slug":"argentina-uruguay-con-sede-en-la-bombonera","status":"publish","type":"post","link":"https:\/\/www.sportchaco.com.ar\/?p=2145","title":{"rendered":"Argentina- Uruguay con sede en la Bombonera"},"content":{"rendered":"<div id=\"div_cuerpo\" class=\"content cable-content\">\n<p>\u00a0El partido entre Argentina y Uruguay a disputarse el pr\u00f3ximo jueves 16 de noviembre por la quinta fecha de Eliminatorias Sudamericanas se llevar\u00e1 a cabo finalmente en la Bombonera boquense, luego de descartarse inicialmente el estadio de River Plate y ahora la alternativa del Mario Kempes cordob\u00e9s, y ma\u00f1ana ser\u00e1 comunicado oficialmente.<\/p>\n<p>Seg\u00fan fuentes de Uruguay a las que tuvo acceso T\u00e9lam, ya la AFA le efectu\u00f3 la comunicaci\u00f3n de dicho cambio de escenario a su par de la Asociaci\u00f3n Uruguaya de F\u00fatbol (AUF) y ma\u00f1ana se realizar\u00e1 la oficializaci\u00f3n de tal cambio.<\/p>\n<p>El estadio Mas Monumental en el que se jugaron hasta ahora los dos primeros partidos como local frente a Ecuador y Paraguay estar\u00e1 ocupados por varios shows musicales en los pr\u00f3ximos d\u00edas y esto obstaculizar\u00e1 la realizaci\u00f3n del encuentro frente al seleccionado dirigido por Marcelo Bielsa, lo que motiv\u00f3 la decisi\u00f3n de AFA de trasladar el encuentro al Mario Kempes, con una manera tambi\u00e9n de llevar al campe\u00f3n del mundo al interior del pa\u00eds.<\/p>\n<p>Pero esta decisi\u00f3n no fue recibida de buen grado por el t\u00e9cnico Lionel Scaloni y sus dirigidos, aunque no por el hecho de ir a C\u00f3rdoba, sino por tener que realizar un viaje m\u00e1s en esta complicada ventana de fecha FIFA, en la que enfrentar\u00e1 a los dos equipos m\u00e1s fuertes de las Eliminatorias: el mencionado Uruguay y Brasil.<\/p>\n<p>Es que si Argentina juega en C\u00f3rdoba deber\u00e1 viajar un d\u00eda antes a esa ciudad y volver en la madrugada siguiente al predio de Ezeiza, para partir hacia R\u00edo de Janeiro 48 horas m\u00e1s tarde para enfrentar a los brasile\u00f1os en el estadio Maracan\u00e1 por la sexta jornada.<\/p>\n<p>Y este traj\u00edn, que se sumar\u00eda a los ya prolongados viajes que los capitaneados por Lionel Messi traer\u00e1n acumulado desde Europa, es lo que en alguna medida el cuerpo t\u00e9cnico del seleccionado argentino pretende aliviar, aunque sea en una m\u00ednima parte.<\/p>\n<p>Adem\u00e1s, Scaloni est\u00e1 muy conforme, lo mismo que sus dirigidos, con el piso del estadio de River Plate, que no tiene nada que envidiarle a los mejores clubes europeos, por lo que no quiere salir de all\u00ed, y si debe hacerlo como en este caso, al menos no tener que trasladarse en avi\u00f3n hacia el nuevo destino. Y este camino es el que finalmente transitar\u00e1 el representativo albiceleste desde el predio afista de Ezeiza a la Bombonera. T\u00e9lam<\/p>\n<\/div>\n<div><\/div>\n<div><strong>Foto: Finalmente, Argentina y Uruguay jugar\u00e1n en la cancha de Boca<\/strong><\/div>\n","protected":false},"excerpt":{"rendered":"<p>\u00a0El partido entre Argentina y Uruguay a disputarse el pr\u00f3ximo jueves 16 de noviembre por la quinta fecha de Eliminatorias Sudamericanas se llevar\u00e1 a cabo finalmente en la Bombonera boquense, luego de descartarse inicialmente el estadio de River Plate y ahora la alternativa del Mario Kempes cordob\u00e9s, y ma\u00f1ana ser\u00e1 comunicado oficialmente. Seg\u00fan fuentes de &hellip;<\/p>\n","protected":false},"author":2,"featured_media":2157,"comment_status":"open","ping_status":"open","sticky":false,"template":"","format":"standard","meta":{"footnotes":""},"categories":[6],"tags":[],"class_list":["post-2145","post","type-post","status-publish","format-standard","has-post-thumbnail","hentry","category-internacionales"],"_links":{"self":[{"href":"https:\/\/www.sportchaco.com.ar\/index.php?rest_route=\/wp\/v2\/posts\/2145","targetHints":{"allow":["GET"]}}],"collection":[{"href":"https:\/\/www.sportchaco.com.ar\/index.php?rest_route=\/wp\/v2\/posts"}],"about":[{"href":"https:\/\/www.sportchaco.com.ar\/index.php?rest_route=\/wp\/v2\/types\/post"}],"author":[{"embeddable":true,"href":"https:\/\/www.sportchaco.com.ar\/index.php?rest_route=\/wp\/v2\/users\/2"}],"replies":[{"embeddable":true,"href":"https:\/\/www.sportchaco.com.ar\/index.php?rest_route=%2Fwp%2Fv2%2Fcomments&post=2145"}],"version-history":[{"count":6,"href":"https:\/\/www.sportchaco.com.ar\/index.php?rest_route=\/wp\/v2\/posts\/2145\/revisions"}],"predecessor-version":[{"id":2158,"href":"https:\/\/www.sportchaco.com.ar\/index.php?rest_route=\/wp\/v2\/posts\/2145\/revisions\/2158"}],"wp:featuredmedia":[{"embeddable":true,"href":"https:\/\/www.sportchaco.com.ar\/index.php?rest_route=\/wp\/v2\/media\/2157"}],"wp:attachment":[{"href":"https:\/\/www.sportchaco.com.ar\/index.php?rest_route=%2Fwp%2Fv2%2Fmedia&parent=2145"}],"wp:term":[{"taxonomy":"category","embeddable":true,"href":"https:\/\/www.sportchaco.com.ar\/index.php?rest_route=%2Fwp%2Fv2%2Fcategories&post=2145"},{"taxonomy":"post_tag","embeddable":true,"href":"https:\/\/www.sportchaco.com.ar\/index.php?rest_route=%2Fwp%2Fv2%2Ftags&post=2145"}],"curies":[{"name":"wp","href":"https:\/\/api.w.org\/{rel}","templated":true}]}}