{"id":21467,"date":"2025-06-30T23:30:32","date_gmt":"2025-07-01T02:30:32","guid":{"rendered":"https:\/\/www.sportchaco.com.ar\/?p=21467"},"modified":"2025-07-01T11:10:04","modified_gmt":"2025-07-01T14:10:04","slug":"pesas-jazmin-travesani-convocada-la-la-seleccion-nacional-juvenil","status":"publish","type":"post","link":"https:\/\/www.sportchaco.com.ar\/?p=21467","title":{"rendered":"Pesas: Jazm\u00edn Travesani convocada la la Selecci\u00f3n Nacional Juvenil"},"content":{"rendered":"<p><strong>01-07-2025<\/strong><\/p>\n<p><img loading=\"lazy\" decoding=\"async\" class=\"aligncenter wp-image-19476 size-full\" src=\"https:\/\/www.sportchaco.com.ar\/wp-content\/uploads\/2025\/05\/Banners-creditos-otorgados-al-campo_940x90.gif\" alt=\"\" width=\"1958\" height=\"187\" \/><\/p>\n<p>La atleta chaque\u00f1a del club Sarminto, Jazm\u00edn Travesani, de 19 a\u00f1os ha sido convocada por la Federaci\u00f3n Argentina de Pesas y el Comit\u00e9 Ol\u00edmpico Argentino para integrar el Seleccionado Nacional que nos representara en los II\u00b0 Juegos Panamericanos juveniles de Asunci\u00f3n, Paraguay, que se realizar\u00e1n del 15 al 25 de Agosto pr\u00f3ximo.<\/p>\n<p>Est\u00e1 es la tercera participaci\u00f3n en Juegos Panamericanos de atletas de la Escuela de Levantamiento Ol\u00edmpico de Pesas del Club Atl\u00e9tico Sarmiento que integran la Selecci\u00f3n Nacional para representar a nuestro Pa\u00eds, Provincia y Club.<\/p>\n<p>Y es un orgullo para todos los que trabajamos diariamente con mucho esfuerzo, dedicaci\u00f3n y sacrificios para el desarrollo del deporte en el Club y la provincia. Agradecemos a la Federaci\u00f3n Argentina de Pesas y al Comit\u00e9 Ol\u00edmpico Argentino por esta designaci\u00f3n, dijeron desde el club chaque\u00f1o.<\/p>\n<p><img loading=\"lazy\" decoding=\"async\" class=\"aligncenter wp-image-20515 size-full\" src=\"https:\/\/www.sportchaco.com.ar\/wp-content\/uploads\/2025\/06\/Banners-creditos-otorgados-al-campo_1080x1350-scaled.gif\" alt=\"\" width=\"2048\" height=\"2560\" \/><\/p>\n","protected":false},"excerpt":{"rendered":"<p>01-07-2025 La atleta chaque\u00f1a del club Sarminto, Jazm\u00edn Travesani, de 19 a\u00f1os ha sido convocada por la Federaci\u00f3n Argentina de Pesas y el Comit\u00e9 Ol\u00edmpico Argentino para integrar el Seleccionado Nacional que nos representara en los II\u00b0 Juegos Panamericanos juveniles de Asunci\u00f3n, Paraguay, que se realizar\u00e1n del 15 al 25 de Agosto pr\u00f3ximo. Est\u00e1 es &hellip;<\/p>\n","protected":false},"author":2,"featured_media":21468,"comment_status":"open","ping_status":"open","sticky":false,"template":"","format":"standard","meta":{"footnotes":""},"categories":[52],"tags":[],"class_list":["post-21467","post","type-post","status-publish","format-standard","has-post-thumbnail","hentry","category-pesas"],"_links":{"self":[{"href":"https:\/\/www.sportchaco.com.ar\/index.php?rest_route=\/wp\/v2\/posts\/21467","targetHints":{"allow":["GET"]}}],"collection":[{"href":"https:\/\/www.sportchaco.com.ar\/index.php?rest_route=\/wp\/v2\/posts"}],"about":[{"href":"https:\/\/www.sportchaco.com.ar\/index.php?rest_route=\/wp\/v2\/types\/post"}],"author":[{"embeddable":true,"href":"https:\/\/www.sportchaco.com.ar\/index.php?rest_route=\/wp\/v2\/users\/2"}],"replies":[{"embeddable":true,"href":"https:\/\/www.sportchaco.com.ar\/index.php?rest_route=%2Fwp%2Fv2%2Fcomments&post=21467"}],"version-history":[{"count":3,"href":"https:\/\/www.sportchaco.com.ar\/index.php?rest_route=\/wp\/v2\/posts\/21467\/revisions"}],"predecessor-version":[{"id":21478,"href":"https:\/\/www.sportchaco.com.ar\/index.php?rest_route=\/wp\/v2\/posts\/21467\/revisions\/21478"}],"wp:featuredmedia":[{"embeddable":true,"href":"https:\/\/www.sportchaco.com.ar\/index.php?rest_route=\/wp\/v2\/media\/21468"}],"wp:attachment":[{"href":"https:\/\/www.sportchaco.com.ar\/index.php?rest_route=%2Fwp%2Fv2%2Fmedia&parent=21467"}],"wp:term":[{"taxonomy":"category","embeddable":true,"href":"https:\/\/www.sportchaco.com.ar\/index.php?rest_route=%2Fwp%2Fv2%2Fcategories&post=21467"},{"taxonomy":"post_tag","embeddable":true,"href":"https:\/\/www.sportchaco.com.ar\/index.php?rest_route=%2Fwp%2Fv2%2Ftags&post=21467"}],"curies":[{"name":"wp","href":"https:\/\/api.w.org\/{rel}","templated":true}]}}