{"id":21487,"date":"2025-07-01T23:59:58","date_gmt":"2025-07-02T02:59:58","guid":{"rendered":"https:\/\/www.sportchaco.com.ar\/?p=21487"},"modified":"2025-07-02T12:27:06","modified_gmt":"2025-07-02T15:27:06","slug":"efemerides-del-2-de-julio","status":"publish","type":"post","link":"https:\/\/www.sportchaco.com.ar\/?p=21487","title":{"rendered":"Efem\u00e9rides del 2 de julio"},"content":{"rendered":"<div class=\"container fullwidth-entry-title-wrapper\">\n<div class=\"container-wrapper fullwidth-entry-title\">\n<header class=\"entry-header-outer\">\n<div class=\"entry-header\">\n<h1 class=\"post-title entry-title\"><\/h1>\n<div class=\"single-post-meta post-meta clearfix\"><\/div>\n<\/div>\n<\/header>\n<\/div>\n<\/div>\n<div id=\"content\" class=\"site-content container\">\n<div id=\"main-content-row\" class=\"tie-row main-content-row\">\n<div class=\"main-content tie-col-md-8 tie-col-xs-12\" role=\"main\">\n<article id=\"the-post\" class=\"container-wrapper post-content tie-standard\">\n<div class=\"featured-area\">\n<div class=\"featured-area-inner\"><\/div>\n<\/div>\n<div class=\"entry-content entry clearfix\">\n<h5><strong>Esta es la Efem\u00e9rides del Deporte en el Chaco de un 2 de julio del periodista Luis Dar\u00edo Molodezky. Foto portada de Jorge Vi\u00f1uela<\/strong><\/h5>\n<p>&nbsp;<\/p>\n<p><img loading=\"lazy\" decoding=\"async\" class=\"alignnone size-full wp-image-21492 aligncenter\" src=\"https:\/\/www.sportchaco.com.ar\/wp-content\/uploads\/2025\/07\/Luis-2025-marzo-3-2-e1749824875302-300x217-1.jpg\" alt=\"\" width=\"300\" height=\"217\" \/><\/p>\n<p>&nbsp;<\/p>\n<p><strong>1923\u00a0<\/strong>\/ Nace Rodolfo Moreno. Debut\u00f3 en la primera divisi\u00f3n del Club Regional a los 17 a\u00f1os, integr\u00f3 el seleccionado chaque\u00f1o por diez a\u00f1os consecutivos, y su logro m\u00e1s importante fue el triunfo sobre San Juan, en cancha de River Plate. Jug\u00f3 siempre con la casaca N\u00ba 6 en la espalda y fue por largo tiempo el Gran Capit\u00e1n de Regional. Abandon\u00f3 la actividad a los 31 a\u00f1os, dedic\u00e1ndose por corto tiempo a la direcci\u00f3n t\u00e9cnica, donde s\u00f3lo dirigi\u00f3 a su club y a la Liga Chaque\u00f1a de F\u00fatbol.<\/p>\n<p><strong>1946 \/\u00a0<\/strong>Nace el periodista Jorge Alberto Vi\u00f1uela. Fue secretario general del Sindicato de Prensa del Chaco durante dos per\u00edodos, al recuperarse el gremio tras la dictadura militar 1976-1983. Fue jefe de deportes del diario El Territorio y luego del diario Crisol y su \u00faltimo trabajo en diarios locales fue en Norte. \u00a0Falleci\u00f3 el 21 de agosto de 2011<strong>,\u00a0<\/strong>mientras se desempe\u00f1aba en laAgencia T\u00e9lam donde lleg\u00f3 a \u00a0jefe editor de Resistencia, cargo que ten\u00eda al momento de fallecer y mientras iniciaba los tr\u00e1mites de jubilaci\u00f3n, al cumplir los 65 a\u00f1os. Fue deportista e integr\u00f3 por varias temporadas el equipo de B\u00e1squet de V\u00e9lez Sarsfield \u2013 Libertad.<\/p>\n<p><strong>1979\u00a0<\/strong>\/ Segunda presentaci\u00f3n de Partiz\u00e1n de Yugoeslavia en tierras chaque\u00f1as. En Villa \u00c1ngela derrota ajustadamente a Uni\u00f3n Progresista por 87 a 85. En el equipo chaque\u00f1o jugaron Jorge y Carlos Lobera, Mancebo, Salinas, Bonfanti; Guti\u00e9rrez, J. Fern\u00e1ndez, Milovich, Martin y Lipsich. DT: Eduardo Flores.<\/p>\n<p><strong>2009\u00a0<\/strong>\/ Fallece Od\u00f3n P\u00e9rez a los 83 a\u00f1os, quien tuviera una dilatada trayectoria como \u00e1rbitro primero y director de la Escuela de \u00c1rbitros despu\u00e9s, de donde salieron destacadas figuras del referato que trascendieron las fronteras del Chaco.<\/p>\n<p><img loading=\"lazy\" decoding=\"async\" class=\"alignnone size-medium wp-image-21488\" src=\"https:\/\/www.sportchaco.com.ar\/wp-content\/uploads\/2025\/07\/Eugenio-ramirez-arbitro-1.jpg-300x165.jpeg\" alt=\"\" width=\"300\" height=\"165\" srcset=\"https:\/\/www.sportchaco.com.ar\/wp-content\/uploads\/2025\/07\/Eugenio-ramirez-arbitro-1.jpg-300x165.jpeg 300w, https:\/\/www.sportchaco.com.ar\/wp-content\/uploads\/2025\/07\/Eugenio-ramirez-arbitro-1.jpg.jpeg 443w\" sizes=\"auto, (max-width: 300px) 100vw, 300px\" \/><strong>Od\u00f3n P\u00e9rez con Eugenio Ram\u00edrez (\u00e1rbitros)<\/strong><\/p>\n<\/div>\n<\/article>\n<\/div>\n<\/div>\n<\/div>\n","protected":false},"excerpt":{"rendered":"<p>Esta es la Efem\u00e9rides del Deporte en el Chaco de un 2 de julio del periodista Luis Dar\u00edo Molodezky. Foto portada de Jorge Vi\u00f1uela &nbsp; &nbsp; 1923\u00a0\/ Nace Rodolfo Moreno. Debut\u00f3 en la primera divisi\u00f3n del Club Regional a los 17 a\u00f1os, integr\u00f3 el seleccionado chaque\u00f1o por diez a\u00f1os consecutivos, y su logro m\u00e1s importante &hellip;<\/p>\n","protected":false},"author":2,"featured_media":21490,"comment_status":"open","ping_status":"open","sticky":false,"template":"","format":"standard","meta":{"footnotes":""},"categories":[4,37],"tags":[],"class_list":["post-21487","post","type-post","status-publish","format-standard","has-post-thumbnail","hentry","category-efemerides","category-julio"],"_links":{"self":[{"href":"https:\/\/www.sportchaco.com.ar\/index.php?rest_route=\/wp\/v2\/posts\/21487","targetHints":{"allow":["GET"]}}],"collection":[{"href":"https:\/\/www.sportchaco.com.ar\/index.php?rest_route=\/wp\/v2\/posts"}],"about":[{"href":"https:\/\/www.sportchaco.com.ar\/index.php?rest_route=\/wp\/v2\/types\/post"}],"author":[{"embeddable":true,"href":"https:\/\/www.sportchaco.com.ar\/index.php?rest_route=\/wp\/v2\/users\/2"}],"replies":[{"embeddable":true,"href":"https:\/\/www.sportchaco.com.ar\/index.php?rest_route=%2Fwp%2Fv2%2Fcomments&post=21487"}],"version-history":[{"count":4,"href":"https:\/\/www.sportchaco.com.ar\/index.php?rest_route=\/wp\/v2\/posts\/21487\/revisions"}],"predecessor-version":[{"id":21532,"href":"https:\/\/www.sportchaco.com.ar\/index.php?rest_route=\/wp\/v2\/posts\/21487\/revisions\/21532"}],"wp:featuredmedia":[{"embeddable":true,"href":"https:\/\/www.sportchaco.com.ar\/index.php?rest_route=\/wp\/v2\/media\/21490"}],"wp:attachment":[{"href":"https:\/\/www.sportchaco.com.ar\/index.php?rest_route=%2Fwp%2Fv2%2Fmedia&parent=21487"}],"wp:term":[{"taxonomy":"category","embeddable":true,"href":"https:\/\/www.sportchaco.com.ar\/index.php?rest_route=%2Fwp%2Fv2%2Fcategories&post=21487"},{"taxonomy":"post_tag","embeddable":true,"href":"https:\/\/www.sportchaco.com.ar\/index.php?rest_route=%2Fwp%2Fv2%2Ftags&post=21487"}],"curies":[{"name":"wp","href":"https:\/\/api.w.org\/{rel}","templated":true}]}}