{"id":21524,"date":"2025-07-02T12:14:27","date_gmt":"2025-07-02T15:14:27","guid":{"rendered":"https:\/\/www.sportchaco.com.ar\/?p=21524"},"modified":"2025-07-02T12:14:27","modified_gmt":"2025-07-02T15:14:27","slug":"hoy-2-de-julio-se-celebra-el-dia-mundial-del-periodista-deportivo","status":"publish","type":"post","link":"https:\/\/www.sportchaco.com.ar\/?p=21524","title":{"rendered":"Hoy 2 de Julio, se celebra el D\u00eda Mundial del Periodista Deportivo."},"content":{"rendered":"<div class=\"xdj266r x14z9mp xat24cr x1lziwak x1vvkbs x126k92a\">\n<div dir=\"auto\">Hoy 2 de Julio, celebramos el D\u00eda Mundial del Periodista Deportivo. Esta fecha tambi\u00e9n marca el 101.\u00ba aniversario de la Asociaci\u00f3n Internacional de Prensa Deportiva (AIPS), testimonio de m\u00e1s de un siglo de dedicaci\u00f3n al periodismo deportivo en todo el mundo.<\/div>\n<div dir=\"auto\"><\/div>\n<\/div>\n<div class=\"x14z9mp xat24cr x1lziwak x1vvkbs xtlvy1s x126k92a\">\n<div dir=\"auto\">Un 2 de julio de 1924 naci\u00f3 nuestra asociaci\u00f3n en Par\u00eds, antes de los Juegos Ol\u00edmpicos.<\/div>\n<\/div>\n<div class=\"x14z9mp xat24cr x1lziwak x1vvkbs xtlvy1s x126k92a\">\n<div dir=\"auto\">Ahora, luego de 101 a\u00f1os de historia, nos vemos obligados a defender el valor cultural del deporte y de nuestra profesi\u00f3n. Vivimos un momento muy delicado, peligroso y confuso en el mundo, y esta incertidumbre se ha filtrado incluso al mundo del deporte, que emana tensi\u00f3n y absorbe solo los peores aspectos de la pol\u00edtica.<\/div>\n<\/div>\n<div class=\"x14z9mp xat24cr x1lziwak x1vvkbs xtlvy1s x126k92a\">\n<div dir=\"auto\">Necesitamos mejorar nuestra formaci\u00f3n cultural, tanto deportiva como c\u00edvica. Necesitamos estar preparados para responder a las nuevas exigencias de la vida, y nuestro compromiso con esta actualizaci\u00f3n cultural es fundamental.<\/div>\n<div dir=\"auto\"><\/div>\n<\/div>\n<div class=\"x14z9mp xat24cr x1lziwak x1vvkbs xtlvy1s x126k92a\">\n<div dir=\"auto\">S\u00e9 que no es f\u00e1cil estudiar m\u00e1s porque el horario laboral se ha ampliado y los ordenadores no nos han dado m\u00e1s tiempo libre, sino que nos obligan a un compromiso casi imprevisto.<\/div>\n<div dir=\"auto\"><\/div>\n<\/div>\n<div class=\"x14z9mp xat24cr x1lziwak x1vvkbs xtlvy1s x126k92a\">\n<div dir=\"auto\">Nos queda poco tiempo para la vida privada, pero es necesario un sacrificio para defender nuestra profesi\u00f3n, que siempre ha desempe\u00f1ado un papel importante en el mundo del deporte y, por lo tanto, en la sociedad.<\/div>\n<\/div>\n<div class=\"x14z9mp xat24cr x1lziwak x1vvkbs xtlvy1s x126k92a\">\n<div dir=\"auto\">Algunos dicen que los nuevos medios, los creadores de contenido y la inteligencia artificial representan un gran peligro para nosotros. Yo, en cambio, creo que solo es necesario crear normas \u00e9ticas y profesionales para aprovechar los aspectos positivos de estas nuevas realidades, a la vez que combatimos los aspectos negativos y peligrosos para la libertad de expresi\u00f3n; esto es fundamental.<\/div>\n<div dir=\"auto\"><\/div>\n<\/div>\n<div class=\"x14z9mp xat24cr x1lziwak x1vvkbs xtlvy1s x126k92a\">\n<div dir=\"auto\">Debemos estar unidos, porque compartimos la misma pasi\u00f3n y nuestro trabajo est\u00e1 dedicado a las nuevas generaciones y a tender puentes para unir a la juventud del mundo, no para dividirla.<\/div>\n<\/div>\n<div class=\"x14z9mp xat24cr x1lziwak x1vvkbs xtlvy1s x126k92a\">\n<div dir=\"auto\">El deporte tiene un lenguaje universal y debemos seguir defendi\u00e9ndolo de los ataques de la corrupci\u00f3n; esto debe quedar muy claro.<\/div>\n<div dir=\"auto\"><\/div>\n<\/div>\n<div class=\"x14z9mp xat24cr x1lziwak x1vvkbs xtlvy1s x126k92a\">\n<div dir=\"auto\">Defendemos valores universales y, precisamente por eso, nuestra organizaci\u00f3n ha superado los 100 a\u00f1os de vida, porque siempre se ha proyectado hacia el futuro y ha abrazado a todas las generaciones de hombres y mujeres que ven el deporte como un instrumento fundamental de cultura y paz.<\/div>\n<\/div>\n<div class=\"x14z9mp xat24cr x1lziwak x1vvkbs xtlvy1s x126k92a\">\n<div dir=\"auto\">Por eso, nunca debemos olvidar que un 2 de julio fue nuestro comienzo.<\/div>\n<\/div>\n<div class=\"x14z9mp xat24cr x1lziwak x1vvkbs xtlvy1s x126k92a\">\n<div dir=\"auto\">\u00a1Feliz D\u00eda Mundial del Periodista Deportivo!<\/div>\n<div dir=\"auto\"><\/div>\n<\/div>\n<div class=\"x14z9mp xat24cr x1lziwak x1vvkbs xtlvy1s x126k92a\">\n<div dir=\"auto\"><strong>Gianni Merlo<\/strong><\/div>\n<\/div>\n<div class=\"x14z9mp xat24cr x1lziwak x1vvkbs xtlvy1s x126k92a\">\n<div dir=\"auto\"><strong>Presidente AIPS<\/strong><\/div>\n<\/div>\n","protected":false},"excerpt":{"rendered":"<p>Hoy 2 de Julio, celebramos el D\u00eda Mundial del Periodista Deportivo. Esta fecha tambi\u00e9n marca el 101.\u00ba aniversario de la Asociaci\u00f3n Internacional de Prensa Deportiva (AIPS), testimonio de m\u00e1s de un siglo de dedicaci\u00f3n al periodismo deportivo en todo el mundo. Un 2 de julio de 1924 naci\u00f3 nuestra asociaci\u00f3n en Par\u00eds, antes de los &hellip;<\/p>\n","protected":false},"author":2,"featured_media":21525,"comment_status":"open","ping_status":"open","sticky":false,"template":"","format":"standard","meta":{"footnotes":""},"categories":[44],"tags":[],"class_list":["post-21524","post","type-post","status-publish","format-standard","has-post-thumbnail","hentry","category-varios"],"_links":{"self":[{"href":"https:\/\/www.sportchaco.com.ar\/index.php?rest_route=\/wp\/v2\/posts\/21524","targetHints":{"allow":["GET"]}}],"collection":[{"href":"https:\/\/www.sportchaco.com.ar\/index.php?rest_route=\/wp\/v2\/posts"}],"about":[{"href":"https:\/\/www.sportchaco.com.ar\/index.php?rest_route=\/wp\/v2\/types\/post"}],"author":[{"embeddable":true,"href":"https:\/\/www.sportchaco.com.ar\/index.php?rest_route=\/wp\/v2\/users\/2"}],"replies":[{"embeddable":true,"href":"https:\/\/www.sportchaco.com.ar\/index.php?rest_route=%2Fwp%2Fv2%2Fcomments&post=21524"}],"version-history":[{"count":1,"href":"https:\/\/www.sportchaco.com.ar\/index.php?rest_route=\/wp\/v2\/posts\/21524\/revisions"}],"predecessor-version":[{"id":21526,"href":"https:\/\/www.sportchaco.com.ar\/index.php?rest_route=\/wp\/v2\/posts\/21524\/revisions\/21526"}],"wp:featuredmedia":[{"embeddable":true,"href":"https:\/\/www.sportchaco.com.ar\/index.php?rest_route=\/wp\/v2\/media\/21525"}],"wp:attachment":[{"href":"https:\/\/www.sportchaco.com.ar\/index.php?rest_route=%2Fwp%2Fv2%2Fmedia&parent=21524"}],"wp:term":[{"taxonomy":"category","embeddable":true,"href":"https:\/\/www.sportchaco.com.ar\/index.php?rest_route=%2Fwp%2Fv2%2Fcategories&post=21524"},{"taxonomy":"post_tag","embeddable":true,"href":"https:\/\/www.sportchaco.com.ar\/index.php?rest_route=%2Fwp%2Fv2%2Ftags&post=21524"}],"curies":[{"name":"wp","href":"https:\/\/api.w.org\/{rel}","templated":true}]}}