{"id":21563,"date":"2025-07-03T12:42:01","date_gmt":"2025-07-03T15:42:01","guid":{"rendered":"https:\/\/www.sportchaco.com.ar\/?p=21563"},"modified":"2025-07-03T12:42:01","modified_gmt":"2025-07-03T15:42:01","slug":"se-suspendieron-los-partidos-del-sabado-en-el-ascenso","status":"publish","type":"post","link":"https:\/\/www.sportchaco.com.ar\/?p=21563","title":{"rendered":"Se suspendieron los partidos del s\u00e1bado en el ascenso"},"content":{"rendered":"<p><strong>03-07-2025<\/strong><\/p>\n<p><img loading=\"lazy\" decoding=\"async\" class=\"aligncenter wp-image-20490 size-full\" src=\"https:\/\/www.sportchaco.com.ar\/wp-content\/uploads\/2025\/06\/728x90-1.gif\" alt=\"\" width=\"1518\" height=\"189\" \/><\/p>\n<p>La Liga Chaque\u00f1a de F\u00fatbol suspendi\u00f3 los encuentros del d\u00eda s\u00e1bado que estaban programados por la 13\u00aa fecha del campeonato de la Primera B.<\/p>\n<p>El motivo se da por la visita del presidente de la naci\u00f3n, Javier Milei, que vendr\u00e1 por primera vez a la provincia del Chaco a participar de un encuentro religioso.<\/p>\n<p>Los partidos que fueron programados para la jornada del viernes y domingo se mantienen en pie.<\/p>\n<p><b><strong>TORNEO OFICIAL \u00abADRI\u00c1N DAR\u00cdO PARRA\u00bb<br \/>\n<\/strong><\/b><strong>TODA LA 13\u00aa FECHA<\/strong><br \/>\n<strong>Viernes 04-07<\/strong><br \/>\nA las 15:30, Dep. Esperanza \u2013 Camioneros, en V\u00e9lez<br \/>\nA las 15:30, Dep. G\u00fciraldes \u2013 Dep. Sameep, en Regional<br \/>\nA las 15:30, Parque Patricios \u2013 San Fernando, en Villa Alvear<br \/>\nA las 15:30, Bariloche FC \u2013 UPCP<br \/>\nA las 19:30, Dogos \u2013 FC Barber\u00e1n, en Chaco Hebr\u00f3n<\/p>\n<p><strong>Domingo 06-07<\/strong><br \/>\nA las 15:30, Los L\u00edricos \u2013 Banfield, en Indep. Tirol<\/p>\n<p><strong>Libre:<\/strong>\u00a0Uni\u00f3n del Sur<\/p>\n<p><strong>A reprogramaci\u00f3n<\/strong><br \/>\nDep. Barber\u00e1n \u2013 Confraternidad<br \/>\nMunicipales \u2013 Dep. Zona Sur<br \/>\nChaco Hebr\u00f3n \u2013 Canallas del Sur<br \/>\nCentauro FC \u2013 DEF<br \/>\nV\u00e9lez \u2013 C. E. de Comercio<\/p>\n<p><strong>POSICIONES<\/strong><br \/>\nLos L\u00edricos 32<br \/>\nC. E. de Comercio 28<br \/>\nDep. G\u00fciraldes 25<br \/>\nParque Patricios 24<br \/>\nDep. Esperanza 23<br \/>\nCanallas del Sur 21<br \/>\nMunicipales 21<br \/>\nSan Fernando 20<br \/>\nUPCP 19<br \/>\nBanfield 18<br \/>\nFC Barber\u00e1n 16<br \/>\nDep. Sameep 13<br \/>\nUni\u00f3n del Sur 13<br \/>\nConfraternidad 12<br \/>\nDogos 12<br \/>\nCamioneros 11<br \/>\nDep. Barber\u00e1n 10<br \/>\nChaco Hebr\u00f3n 9<br \/>\nDEF 9<br \/>\nV\u00e9lez 9<br \/>\nDep. Zona Sur 8<br \/>\nBariloche FC 6<br \/>\nCentauro FC 6<\/p>\n<p><em><strong>Foto: Gentileza Luciano Boccalandro\u00a0<\/strong><\/em><\/p>\n<p><em><img loading=\"lazy\" decoding=\"async\" class=\"aligncenter wp-image-20488 size-full\" src=\"https:\/\/www.sportchaco.com.ar\/wp-content\/uploads\/2025\/06\/BANNER-WEB-CHACO-JUEGA_300x250.gif\" alt=\"\" width=\"626\" height=\"522\" \/><\/em><\/p>\n","protected":false},"excerpt":{"rendered":"<p>03-07-2025 La Liga Chaque\u00f1a de F\u00fatbol suspendi\u00f3 los encuentros del d\u00eda s\u00e1bado que estaban programados por la 13\u00aa fecha del campeonato de la Primera B. El motivo se da por la visita del presidente de la naci\u00f3n, Javier Milei, que vendr\u00e1 por primera vez a la provincia del Chaco a participar de un encuentro religioso. &hellip;<\/p>\n","protected":false},"author":3,"featured_media":21565,"comment_status":"open","ping_status":"open","sticky":false,"template":"","format":"standard","meta":{"footnotes":""},"categories":[5],"tags":[],"class_list":["post-21563","post","type-post","status-publish","format-standard","has-post-thumbnail","hentry","category-futbol"],"_links":{"self":[{"href":"https:\/\/www.sportchaco.com.ar\/index.php?rest_route=\/wp\/v2\/posts\/21563","targetHints":{"allow":["GET"]}}],"collection":[{"href":"https:\/\/www.sportchaco.com.ar\/index.php?rest_route=\/wp\/v2\/posts"}],"about":[{"href":"https:\/\/www.sportchaco.com.ar\/index.php?rest_route=\/wp\/v2\/types\/post"}],"author":[{"embeddable":true,"href":"https:\/\/www.sportchaco.com.ar\/index.php?rest_route=\/wp\/v2\/users\/3"}],"replies":[{"embeddable":true,"href":"https:\/\/www.sportchaco.com.ar\/index.php?rest_route=%2Fwp%2Fv2%2Fcomments&post=21563"}],"version-history":[{"count":1,"href":"https:\/\/www.sportchaco.com.ar\/index.php?rest_route=\/wp\/v2\/posts\/21563\/revisions"}],"predecessor-version":[{"id":21566,"href":"https:\/\/www.sportchaco.com.ar\/index.php?rest_route=\/wp\/v2\/posts\/21563\/revisions\/21566"}],"wp:featuredmedia":[{"embeddable":true,"href":"https:\/\/www.sportchaco.com.ar\/index.php?rest_route=\/wp\/v2\/media\/21565"}],"wp:attachment":[{"href":"https:\/\/www.sportchaco.com.ar\/index.php?rest_route=%2Fwp%2Fv2%2Fmedia&parent=21563"}],"wp:term":[{"taxonomy":"category","embeddable":true,"href":"https:\/\/www.sportchaco.com.ar\/index.php?rest_route=%2Fwp%2Fv2%2Fcategories&post=21563"},{"taxonomy":"post_tag","embeddable":true,"href":"https:\/\/www.sportchaco.com.ar\/index.php?rest_route=%2Fwp%2Fv2%2Ftags&post=21563"}],"curies":[{"name":"wp","href":"https:\/\/api.w.org\/{rel}","templated":true}]}}