{"id":21580,"date":"2025-07-03T19:50:55","date_gmt":"2025-07-03T22:50:55","guid":{"rendered":"https:\/\/www.sportchaco.com.ar\/?p=21580"},"modified":"2025-07-03T19:50:55","modified_gmt":"2025-07-03T22:50:55","slug":"for-ever-con-un-solo-cambio-para-recibir-a-colon","status":"publish","type":"post","link":"https:\/\/www.sportchaco.com.ar\/?p=21580","title":{"rendered":"For Ever con un solo cambio para recibir a Col\u00f3n"},"content":{"rendered":"<p><strong>03-07-2025<\/strong><\/p>\n<p><img loading=\"lazy\" decoding=\"async\" class=\"aligncenter wp-image-20161 size-full\" src=\"https:\/\/www.sportchaco.com.ar\/wp-content\/uploads\/2025\/06\/BANNER-WEB-CHACO-JUEGA_720x90.gif\" alt=\"\" width=\"1501\" height=\"188\" \/><\/p>\n<p>El plantel de For Ever entren\u00f3 este jueves por la ma\u00f1ana en el estadio \u00abJuan Alberto Garc\u00eda\u00bb de cara al partido v\u00e1lido por la 21\u00aa fecha de la zona B de la Primera Nacional de f\u00fatbol.<\/p>\n<p>El mismo ir\u00e1 este domingo desde las 16 horas y contar\u00e1 con el arbitraje de \u00c1lvaro Carranza, de asistentes estar\u00e1n Jos\u00e9 Castelli y Mariano Viale; mientras que el cuarto juez ser\u00e1 Federico Ben\u00edtez.<\/p>\n<p>Durante la pr\u00e1ctica de f\u00fatbol que program\u00f3 Ricardo Pancaldo, Franco Perinciolo sufri\u00f3 una sobrecarga en el aductor que lo marginar\u00eda del partido ante el \u00absabalero\u00bb y su lugar ser\u00eda ocupado por Joaqu\u00edn Mateo. Ser\u00eda el \u00fanico cambio con respecto al \u00ab11\u00bb que empat\u00f3 ante Temperley el fin de semana pasado.<\/p>\n<p>De esta manera el \u00abnegro\u00bb formar\u00eda con Gast\u00f3n Canuto; Alan Luque, David Valdez, Math\u00edas Silvera, Ramiro Fern\u00e1ndez; Santiago Valenzuela, Juan Carrizo, Maximiliano Romero, Joaqu\u00edn Mateo; Imanol Enr\u00edquez y Mat\u00edas Romero.<\/p>\n<p>En cuanto a los lesionados, se confirm\u00f3 que el lateral derecho Mauricio Rosales se desgarr\u00f3 y tendr\u00e1 para tres semanas de recuperaci\u00f3n. Adem\u00e1s, los volantes Santiago \u00dabeda y Brandon Obreg\u00f3n siguen entrenando de manera diferenciada.<\/p>\n<p>Los que ya est\u00e1n recuperados son el zaguero Gino Barbieri y el delantero Leonardo Marinucci. Ambos ir\u00edan al banco de suplentes ante Col\u00f3n.<\/p>\n<p>Cabe recordar que For Ever finalmente no recibir\u00e1 al p\u00fablico visitante en este encuentro como estaba estipulado en un principio debido a los incidentes del hincha \u00absabalero\u00bb en su \u00faltima presentaci\u00f3n de local.<\/p>\n<p><img loading=\"lazy\" decoding=\"async\" class=\"aligncenter wp-image-20192 size-full\" src=\"https:\/\/www.sportchaco.com.ar\/wp-content\/uploads\/2025\/06\/BANNER-WEB-CHACO-JUEGA_1080x1350-1.gif\" alt=\"\" width=\"1080\" height=\"1350\" \/><\/p>\n","protected":false},"excerpt":{"rendered":"<p>03-07-2025 El plantel de For Ever entren\u00f3 este jueves por la ma\u00f1ana en el estadio \u00abJuan Alberto Garc\u00eda\u00bb de cara al partido v\u00e1lido por la 21\u00aa fecha de la zona B de la Primera Nacional de f\u00fatbol. El mismo ir\u00e1 este domingo desde las 16 horas y contar\u00e1 con el arbitraje de \u00c1lvaro Carranza, de &hellip;<\/p>\n","protected":false},"author":3,"featured_media":21589,"comment_status":"open","ping_status":"open","sticky":false,"template":"","format":"standard","meta":{"footnotes":""},"categories":[5],"tags":[],"class_list":["post-21580","post","type-post","status-publish","format-standard","has-post-thumbnail","hentry","category-futbol"],"_links":{"self":[{"href":"https:\/\/www.sportchaco.com.ar\/index.php?rest_route=\/wp\/v2\/posts\/21580","targetHints":{"allow":["GET"]}}],"collection":[{"href":"https:\/\/www.sportchaco.com.ar\/index.php?rest_route=\/wp\/v2\/posts"}],"about":[{"href":"https:\/\/www.sportchaco.com.ar\/index.php?rest_route=\/wp\/v2\/types\/post"}],"author":[{"embeddable":true,"href":"https:\/\/www.sportchaco.com.ar\/index.php?rest_route=\/wp\/v2\/users\/3"}],"replies":[{"embeddable":true,"href":"https:\/\/www.sportchaco.com.ar\/index.php?rest_route=%2Fwp%2Fv2%2Fcomments&post=21580"}],"version-history":[{"count":1,"href":"https:\/\/www.sportchaco.com.ar\/index.php?rest_route=\/wp\/v2\/posts\/21580\/revisions"}],"predecessor-version":[{"id":21590,"href":"https:\/\/www.sportchaco.com.ar\/index.php?rest_route=\/wp\/v2\/posts\/21580\/revisions\/21590"}],"wp:featuredmedia":[{"embeddable":true,"href":"https:\/\/www.sportchaco.com.ar\/index.php?rest_route=\/wp\/v2\/media\/21589"}],"wp:attachment":[{"href":"https:\/\/www.sportchaco.com.ar\/index.php?rest_route=%2Fwp%2Fv2%2Fmedia&parent=21580"}],"wp:term":[{"taxonomy":"category","embeddable":true,"href":"https:\/\/www.sportchaco.com.ar\/index.php?rest_route=%2Fwp%2Fv2%2Fcategories&post=21580"},{"taxonomy":"post_tag","embeddable":true,"href":"https:\/\/www.sportchaco.com.ar\/index.php?rest_route=%2Fwp%2Fv2%2Ftags&post=21580"}],"curies":[{"name":"wp","href":"https:\/\/api.w.org\/{rel}","templated":true}]}}