{"id":21593,"date":"2025-07-04T10:39:13","date_gmt":"2025-07-04T13:39:13","guid":{"rendered":"https:\/\/www.sportchaco.com.ar\/?p=21593"},"modified":"2025-07-04T11:18:22","modified_gmt":"2025-07-04T14:18:22","slug":"tungui-ferraris-y-cuatro-refuerzos-para-don-bosco","status":"publish","type":"post","link":"https:\/\/www.sportchaco.com.ar\/?p=21593","title":{"rendered":"Tungui Ferraris y cuatro refuerzos para Don Bosco"},"content":{"rendered":"<p class=\"story-title entry-title\"><strong>04-07-2025<\/strong><\/p>\n<p><img loading=\"lazy\" decoding=\"async\" class=\"aligncenter wp-image-20490 size-full\" src=\"https:\/\/www.sportchaco.com.ar\/wp-content\/uploads\/2025\/06\/728x90-1.gif\" alt=\"\" width=\"1518\" height=\"189\" \/><\/p>\n<p>De cara al arranque del segundo semestre, la Primera de Don Bosco se puso en marcha con caras nuevas, aunque tambi\u00e9n contin\u00faan varias fichas y otras que est\u00e1n pensando volver.<\/p>\n<p>A este nuevo arranque, se debe la llegada del entrenador Juan Marcos \u201cTungui\u201d Ferraris, c\u00f3mo as\u00ed tambi\u00e9n los fichajes del ala pivote Nahuel Hena\u00edn y los externos Facundo C\u00f3rdoba y Uriel Garc\u00eda, todos de Sarmiento; y Franco Andreatta que llega de Regatas.<\/p>\n<p>Adem\u00e1s contin\u00faan Facundo G\u00f3mez Brocal, Iv\u00e1n Lugo Fabricio Alvarenga y Mauricio Maderna entre las fichas mayores. Se espera tambi\u00e9n el retorno de Marcos Gauna.<\/p>\n<div id=\"right-content\" class=\"relative\">\n<div id=\"content-area\" class=\"left relative\">\n<div id=\"feat-img-reg\" class=\"relative\"><img decoding=\"async\" class=\" lazyloaded\" src=\"https:\/\/baskettotal.com.ar\/wp-content\/uploads\/2025\/07\/IMG-20250704-WA0006-1000x600.jpg\" data-src=\"https:\/\/baskettotal.com.ar\/wp-content\/uploads\/2025\/07\/IMG-20250704-WA0006-1000x600.jpg\" \/><\/div>\n<div id=\"left-content-mobi\">\n<div class=\"author-info-mob-wrap\"><\/div>\n<\/div>\n<div id=\"tps_slideContainer_27757\" class=\"theiaPostSlider_slides\">\n<p>\u201cLas expectativas siempre son las mejores. enfocado en tratar de dejar al club en lo mas alto posible\u201d, fueron las primeras palabras del flamante entrenador \u201csalesiano\u201d, \u201cTungui\u201d Ferraris, remarcando que \u201cintentamos armar un grupo positivo y enfocado en el objetivo\u201d.<\/p>\n<p>Asimismo, el entrenador dej\u00f3 en claro que \u201cintentamos en conjunto con el club buscar un grupo de jugadores que sea la inspiraci\u00f3n de los mas chicos\u201d.<\/p>\n<p>\u201cEl primer objetivo es la clasificaci\u00f3n al Torneo Federal, luego el objetivo es armar un equipo identificable con lo que representa al club e intentar competir en los dos torneos\u201d, finaliz\u00f3 Ferraris.<\/p>\n<figure class=\"wp-block-image size-full\"><a href=\"https:\/\/baskettotal.com.ar\/wp-content\/uploads\/2025\/07\/1000541047-1.jpg\"><img loading=\"lazy\" decoding=\"async\" class=\"lazy wp-image-27764 lazy-loaded\" src=\"https:\/\/baskettotal.com.ar\/wp-content\/uploads\/2025\/07\/1000541047-1.jpg\" sizes=\"auto, (max-width: 1040px) 100vw, 1040px\" srcset=\"https:\/\/baskettotal.com.ar\/wp-content\/uploads\/2025\/07\/1000541047-1.jpg 1040w, https:\/\/baskettotal.com.ar\/wp-content\/uploads\/2025\/07\/1000541047-1-300x200.jpg 300w, https:\/\/baskettotal.com.ar\/wp-content\/uploads\/2025\/07\/1000541047-1-1024x682.jpg 1024w, https:\/\/baskettotal.com.ar\/wp-content\/uploads\/2025\/07\/1000541047-1-768x512.jpg 768w\" alt=\"\" width=\"1040\" height=\"693\" data-lazy-type=\"image\" data-lazy-src=\"https:\/\/baskettotal.com.ar\/wp-content\/uploads\/2025\/07\/1000541047-1.jpg\" data-lazy-srcset=\"https:\/\/baskettotal.com.ar\/wp-content\/uploads\/2025\/07\/1000541047-1.jpg 1040w, https:\/\/baskettotal.com.ar\/wp-content\/uploads\/2025\/07\/1000541047-1-300x200.jpg 300w, https:\/\/baskettotal.com.ar\/wp-content\/uploads\/2025\/07\/1000541047-1-1024x682.jpg 1024w, https:\/\/baskettotal.com.ar\/wp-content\/uploads\/2025\/07\/1000541047-1-768x512.jpg 768w\" data-lazy-sizes=\"(max-width: 1040px) 100vw, 1040px\" \/><\/a><\/figure>\n<\/div>\n<\/div>\n<\/div>\n","protected":false},"excerpt":{"rendered":"<p>04-07-2025 De cara al arranque del segundo semestre, la Primera de Don Bosco se puso en marcha con caras nuevas, aunque tambi\u00e9n contin\u00faan varias fichas y otras que est\u00e1n pensando volver. A este nuevo arranque, se debe la llegada del entrenador Juan Marcos \u201cTungui\u201d Ferraris, c\u00f3mo as\u00ed tambi\u00e9n los fichajes del ala pivote Nahuel Hena\u00edn &hellip;<\/p>\n","protected":false},"author":2,"featured_media":21594,"comment_status":"open","ping_status":"open","sticky":false,"template":"","format":"standard","meta":{"footnotes":""},"categories":[3],"tags":[],"class_list":["post-21593","post","type-post","status-publish","format-standard","has-post-thumbnail","hentry","category-basquetbol"],"_links":{"self":[{"href":"https:\/\/www.sportchaco.com.ar\/index.php?rest_route=\/wp\/v2\/posts\/21593","targetHints":{"allow":["GET"]}}],"collection":[{"href":"https:\/\/www.sportchaco.com.ar\/index.php?rest_route=\/wp\/v2\/posts"}],"about":[{"href":"https:\/\/www.sportchaco.com.ar\/index.php?rest_route=\/wp\/v2\/types\/post"}],"author":[{"embeddable":true,"href":"https:\/\/www.sportchaco.com.ar\/index.php?rest_route=\/wp\/v2\/users\/2"}],"replies":[{"embeddable":true,"href":"https:\/\/www.sportchaco.com.ar\/index.php?rest_route=%2Fwp%2Fv2%2Fcomments&post=21593"}],"version-history":[{"count":3,"href":"https:\/\/www.sportchaco.com.ar\/index.php?rest_route=\/wp\/v2\/posts\/21593\/revisions"}],"predecessor-version":[{"id":21612,"href":"https:\/\/www.sportchaco.com.ar\/index.php?rest_route=\/wp\/v2\/posts\/21593\/revisions\/21612"}],"wp:featuredmedia":[{"embeddable":true,"href":"https:\/\/www.sportchaco.com.ar\/index.php?rest_route=\/wp\/v2\/media\/21594"}],"wp:attachment":[{"href":"https:\/\/www.sportchaco.com.ar\/index.php?rest_route=%2Fwp%2Fv2%2Fmedia&parent=21593"}],"wp:term":[{"taxonomy":"category","embeddable":true,"href":"https:\/\/www.sportchaco.com.ar\/index.php?rest_route=%2Fwp%2Fv2%2Fcategories&post=21593"},{"taxonomy":"post_tag","embeddable":true,"href":"https:\/\/www.sportchaco.com.ar\/index.php?rest_route=%2Fwp%2Fv2%2Ftags&post=21593"}],"curies":[{"name":"wp","href":"https:\/\/api.w.org\/{rel}","templated":true}]}}