{"id":21603,"date":"2025-07-04T11:05:48","date_gmt":"2025-07-04T14:05:48","guid":{"rendered":"https:\/\/www.sportchaco.com.ar\/?p=21603"},"modified":"2025-07-04T11:05:48","modified_gmt":"2025-07-04T14:05:48","slug":"fupedich-celebra-la-participacion-de-joaquin-roman-en-la-concentracion-nacional-u21-de-voley-sentado","status":"publish","type":"post","link":"https:\/\/www.sportchaco.com.ar\/?p=21603","title":{"rendered":"Fupedich celebra la participaci\u00f3n de Joaqu\u00edn Rom\u00e1n en la Concentraci\u00f3n Nacional U21 de V\u00f3ley Sentado"},"content":{"rendered":"<p><strong>04-07-2025<\/strong><\/p>\n<p><img loading=\"lazy\" decoding=\"async\" class=\"aligncenter wp-image-11424 size-full\" src=\"https:\/\/www.sportchaco.com.ar\/wp-content\/uploads\/2024\/07\/gob-salud-fijo-marzo.jpg\" alt=\"\" width=\"1200\" height=\"200\" srcset=\"https:\/\/www.sportchaco.com.ar\/wp-content\/uploads\/2024\/07\/gob-salud-fijo-marzo.jpg 1200w, https:\/\/www.sportchaco.com.ar\/wp-content\/uploads\/2024\/07\/gob-salud-fijo-marzo-300x50.jpg 300w, https:\/\/www.sportchaco.com.ar\/wp-content\/uploads\/2024\/07\/gob-salud-fijo-marzo-1024x171.jpg 1024w, https:\/\/www.sportchaco.com.ar\/wp-content\/uploads\/2024\/07\/gob-salud-fijo-marzo-768x128.jpg 768w\" sizes=\"auto, (max-width: 1200px) 100vw, 1200px\" \/><\/p>\n<p>La Fundaci\u00f3n para las Personas con Discapacidad del Chaco (Fupedich) se enorgullece en anunciar la participaci\u00f3n de Joaqu\u00edn Rom\u00e1n, joven atleta chaque\u00f1o, en la Concentraci\u00f3n Nacional Argentina U21 de V\u00f3ley Sentado, llevada a cabo del 24 al 29 de junio en el Centro Nacional de Desarrollo Deportivo (CeNaDe), Ezeiza, Buenos Aires.<\/p>\n<p>La concentraci\u00f3n, organizada bajo la direcci\u00f3n del profesor Daniel D\u00edas, tuvo como principal objetivo preparar al seleccionado juvenil argentino con vistas a los Juegos Panamericanos Juveniles Chile 2025. En este marco, Joaqu\u00edn represent\u00f3 con compromiso, esfuerzo y pasi\u00f3n a nuestra provincia y a nuestra Fundaci\u00f3n.<\/p>\n<p><img loading=\"lazy\" decoding=\"async\" class=\"aligncenter wp-image-21604 size-large\" src=\"https:\/\/www.sportchaco.com.ar\/wp-content\/uploads\/2025\/07\/504378009_18507642667013881_8280106707819717299_n-919x1024.jpg\" alt=\"\" width=\"919\" height=\"1024\" srcset=\"https:\/\/www.sportchaco.com.ar\/wp-content\/uploads\/2025\/07\/504378009_18507642667013881_8280106707819717299_n-919x1024.jpg 919w, https:\/\/www.sportchaco.com.ar\/wp-content\/uploads\/2025\/07\/504378009_18507642667013881_8280106707819717299_n-269x300.jpg 269w, https:\/\/www.sportchaco.com.ar\/wp-content\/uploads\/2025\/07\/504378009_18507642667013881_8280106707819717299_n-768x856.jpg 768w, https:\/\/www.sportchaco.com.ar\/wp-content\/uploads\/2025\/07\/504378009_18507642667013881_8280106707819717299_n.jpg 1055w\" sizes=\"auto, (max-width: 919px) 100vw, 919px\" \/><\/p>\n<p>Durante la intensa semana de trabajo, los deportistas convocados fortalecieron sus habilidades t\u00e9cnicas, t\u00e1cticas y su preparaci\u00f3n f\u00edsica, con miras a alcanzar un alto rendimiento competitivo en el plano internacional.<\/p>\n<p>Desde Fupedich, destacamos con orgullo el crecimiento deportivo y humano de Joaqu\u00edn, ejemplo del potencial que tienen nuestros j\u00f3venes chaque\u00f1os. Su participaci\u00f3n reafirma nuestro compromiso con el desarrollo del deporte adaptado como herramienta de inclusi\u00f3n, superaci\u00f3n y transformaci\u00f3n social.<\/p>\n<p><img loading=\"lazy\" decoding=\"async\" class=\"aligncenter wp-image-16657 size-full\" src=\"https:\/\/www.sportchaco.com.ar\/wp-content\/uploads\/2025\/02\/gob-bombeo-2.jpg\" alt=\"\" width=\"1440\" height=\"1797\" srcset=\"https:\/\/www.sportchaco.com.ar\/wp-content\/uploads\/2025\/02\/gob-bombeo-2.jpg 1440w, https:\/\/www.sportchaco.com.ar\/wp-content\/uploads\/2025\/02\/gob-bombeo-2-240x300.jpg 240w, https:\/\/www.sportchaco.com.ar\/wp-content\/uploads\/2025\/02\/gob-bombeo-2-821x1024.jpg 821w, https:\/\/www.sportchaco.com.ar\/wp-content\/uploads\/2025\/02\/gob-bombeo-2-768x958.jpg 768w, https:\/\/www.sportchaco.com.ar\/wp-content\/uploads\/2025\/02\/gob-bombeo-2-1231x1536.jpg 1231w\" sizes=\"auto, (max-width: 1440px) 100vw, 1440px\" \/><\/p>\n","protected":false},"excerpt":{"rendered":"<p>04-07-2025 La Fundaci\u00f3n para las Personas con Discapacidad del Chaco (Fupedich) se enorgullece en anunciar la participaci\u00f3n de Joaqu\u00edn Rom\u00e1n, joven atleta chaque\u00f1o, en la Concentraci\u00f3n Nacional Argentina U21 de V\u00f3ley Sentado, llevada a cabo del 24 al 29 de junio en el Centro Nacional de Desarrollo Deportivo (CeNaDe), Ezeiza, Buenos Aires. La concentraci\u00f3n, organizada &hellip;<\/p>\n","protected":false},"author":3,"featured_media":21605,"comment_status":"open","ping_status":"open","sticky":false,"template":"","format":"standard","meta":{"footnotes":""},"categories":[44],"tags":[],"class_list":["post-21603","post","type-post","status-publish","format-standard","has-post-thumbnail","hentry","category-varios"],"_links":{"self":[{"href":"https:\/\/www.sportchaco.com.ar\/index.php?rest_route=\/wp\/v2\/posts\/21603","targetHints":{"allow":["GET"]}}],"collection":[{"href":"https:\/\/www.sportchaco.com.ar\/index.php?rest_route=\/wp\/v2\/posts"}],"about":[{"href":"https:\/\/www.sportchaco.com.ar\/index.php?rest_route=\/wp\/v2\/types\/post"}],"author":[{"embeddable":true,"href":"https:\/\/www.sportchaco.com.ar\/index.php?rest_route=\/wp\/v2\/users\/3"}],"replies":[{"embeddable":true,"href":"https:\/\/www.sportchaco.com.ar\/index.php?rest_route=%2Fwp%2Fv2%2Fcomments&post=21603"}],"version-history":[{"count":1,"href":"https:\/\/www.sportchaco.com.ar\/index.php?rest_route=\/wp\/v2\/posts\/21603\/revisions"}],"predecessor-version":[{"id":21606,"href":"https:\/\/www.sportchaco.com.ar\/index.php?rest_route=\/wp\/v2\/posts\/21603\/revisions\/21606"}],"wp:featuredmedia":[{"embeddable":true,"href":"https:\/\/www.sportchaco.com.ar\/index.php?rest_route=\/wp\/v2\/media\/21605"}],"wp:attachment":[{"href":"https:\/\/www.sportchaco.com.ar\/index.php?rest_route=%2Fwp%2Fv2%2Fmedia&parent=21603"}],"wp:term":[{"taxonomy":"category","embeddable":true,"href":"https:\/\/www.sportchaco.com.ar\/index.php?rest_route=%2Fwp%2Fv2%2Fcategories&post=21603"},{"taxonomy":"post_tag","embeddable":true,"href":"https:\/\/www.sportchaco.com.ar\/index.php?rest_route=%2Fwp%2Fv2%2Ftags&post=21603"}],"curies":[{"name":"wp","href":"https:\/\/api.w.org\/{rel}","templated":true}]}}