{"id":21621,"date":"2025-07-04T19:58:01","date_gmt":"2025-07-04T22:58:01","guid":{"rendered":"https:\/\/www.sportchaco.com.ar\/?p=21621"},"modified":"2025-07-04T19:58:01","modified_gmt":"2025-07-04T22:58:01","slug":"cune-se-consagro-campeon-del-torneo-apertura-2025-u19","status":"publish","type":"post","link":"https:\/\/www.sportchaco.com.ar\/?p=21621","title":{"rendered":"Cune se consagr\u00f3 campe\u00f3n del Torneo Apertura 2025 U19"},"content":{"rendered":"<h5>CUNE venci\u00f3 en la final de U19<strong>\u00a0a Sarmiento, en lo que fue un cuadrangular de jerarqu\u00eda que tambi\u00e9n cont\u00f3 con los equipos de Villa San Mart\u00edn y Regatas.<\/strong><\/h5>\n<p>&nbsp;<\/p>\n<div id=\"right-content\" class=\"relative\">\n<div id=\"content-area\" class=\"left relative\">\n<div id=\"feat-img-reg\" class=\"relative\"><img decoding=\"async\" class=\" lazyloaded\" src=\"https:\/\/baskettotal.com.ar\/wp-content\/uploads\/2025\/07\/CUNE-principal-630x600.jpg\" data-src=\"https:\/\/baskettotal.com.ar\/wp-content\/uploads\/2025\/07\/CUNE-principal-630x600.jpg\" \/><\/div>\n<div id=\"left-content-mobi\">\n<div class=\"author-info-mob-wrap\"><\/div>\n<\/div>\n<div id=\"tps_slideContainer_27783\" class=\"theiaPostSlider_slides\">\n<p>&nbsp;<\/p>\n<p>Durante la jornada del jueves, Cune se consagr\u00f3 campe\u00f3n tras vencer a Sarmiento por 73 a 67, en lo que fue la final U19 del Torneo Apertura de Resistencia. Vale remarcar que en un juego correspondiente al tercer y cuarto puesto, Regatas venci\u00f3 a Villa San Mart\u00edn por 63 a 55.<\/p>\n<p>De esta manera, los conducidos por Marcos Greatti cortaron las redes y dejaron en claro el gran trabajo que se realiza en esta instituci\u00f3n deportiva, con resultados que quedan a la vista y no dejan dudas.<\/p>\n<p>El equipo de Cune campe\u00f3n U19, estuvo conformado por: Santiago Acu\u00f1a, Tiuziano Barbona, Lautaro C\u00e1ceres, Alexis Cano, Lucas Colman, Nazareno Duarte, Benjam\u00edn Acu\u00f1a, Lautaro Koziuc, Lautaro Ponce, Lautaro Danese, Tob\u00edas Cuesta, Lautaro Bord\u00f3n, Jos\u00e9 Garc\u00eda, \u00c1ngel Garc\u00eda y Franco Carles. El entrenador fue Marcos Greatti.<\/p>\n<p>&nbsp;<\/p>\n<p>Al hacer uso de la palabra, el entrenador de Cune U19, Marcos Greatti, celebr\u00f3 este logro hist\u00f3rico para los chicos, la categor\u00eda y el club. \u00abPara nosotros es una felicidad enorme, algo hist\u00f3rico para el club porque es el segundo campeonato en toda su historia en formativas; estamos felices porque se logr\u00f3 algo impensado a principio de a\u00f1o y lo fuimos construyendo con los chicos. Estoy muy feliz por ellos y por la confianza que me ten\u00edan\u00bb.<\/p>\n<figure class=\"wp-block-image size-full\"><a href=\"https:\/\/baskettotal.com.ar\/wp-content\/uploads\/2025\/07\/cune-3.jpg\"><img loading=\"lazy\" decoding=\"async\" class=\"lazy wp-image-27785 lazy-loaded\" src=\"https:\/\/baskettotal.com.ar\/wp-content\/uploads\/2025\/07\/cune-3.jpg\" sizes=\"auto, (max-width: 445px) 100vw, 445px\" srcset=\"https:\/\/baskettotal.com.ar\/wp-content\/uploads\/2025\/07\/cune-3.jpg 445w, https:\/\/baskettotal.com.ar\/wp-content\/uploads\/2025\/07\/cune-3-171x300.jpg 171w\" alt=\"\" width=\"445\" height=\"780\" data-lazy-type=\"image\" data-lazy-src=\"https:\/\/baskettotal.com.ar\/wp-content\/uploads\/2025\/07\/cune-3.jpg\" data-lazy-srcset=\"https:\/\/baskettotal.com.ar\/wp-content\/uploads\/2025\/07\/cune-3.jpg 445w, https:\/\/baskettotal.com.ar\/wp-content\/uploads\/2025\/07\/cune-3-171x300.jpg 171w\" data-lazy-sizes=\"(max-width: 445px) 100vw, 445px\" \/><\/a><\/figure>\n<p>&nbsp;<\/p>\n<p>Asimismo, el coach de Cune dej\u00f3 en claro que \u00abcomo club formador apostamos al crecimiento de los chicos, que tengan minutos, se desarrollen y crezcan; lo que importa ac\u00e1 es la formaci\u00f3n de los jugadores\u00bb.<\/p>\n<p>\u00abEsto tiene que servir de motivaci\u00f3n para las otras categor\u00edas, donde el sacrificio, la disciplina y el trabajo dan sus frutos\u00bb, fializ\u00f3 Greatti. <strong>Fuente \u00a0Santiago Waissmann \/ Basket Total<\/strong><\/p>\n<\/div>\n<\/div>\n<\/div>\n","protected":false},"excerpt":{"rendered":"<p>CUNE venci\u00f3 en la final de U19\u00a0a Sarmiento, en lo que fue un cuadrangular de jerarqu\u00eda que tambi\u00e9n cont\u00f3 con los equipos de Villa San Mart\u00edn y Regatas. &nbsp; &nbsp; Durante la jornada del jueves, Cune se consagr\u00f3 campe\u00f3n tras vencer a Sarmiento por 73 a 67, en lo que fue la final U19 del &hellip;<\/p>\n","protected":false},"author":2,"featured_media":21622,"comment_status":"open","ping_status":"open","sticky":false,"template":"","format":"standard","meta":{"footnotes":""},"categories":[3],"tags":[],"class_list":["post-21621","post","type-post","status-publish","format-standard","has-post-thumbnail","hentry","category-basquetbol"],"_links":{"self":[{"href":"https:\/\/www.sportchaco.com.ar\/index.php?rest_route=\/wp\/v2\/posts\/21621","targetHints":{"allow":["GET"]}}],"collection":[{"href":"https:\/\/www.sportchaco.com.ar\/index.php?rest_route=\/wp\/v2\/posts"}],"about":[{"href":"https:\/\/www.sportchaco.com.ar\/index.php?rest_route=\/wp\/v2\/types\/post"}],"author":[{"embeddable":true,"href":"https:\/\/www.sportchaco.com.ar\/index.php?rest_route=\/wp\/v2\/users\/2"}],"replies":[{"embeddable":true,"href":"https:\/\/www.sportchaco.com.ar\/index.php?rest_route=%2Fwp%2Fv2%2Fcomments&post=21621"}],"version-history":[{"count":1,"href":"https:\/\/www.sportchaco.com.ar\/index.php?rest_route=\/wp\/v2\/posts\/21621\/revisions"}],"predecessor-version":[{"id":21623,"href":"https:\/\/www.sportchaco.com.ar\/index.php?rest_route=\/wp\/v2\/posts\/21621\/revisions\/21623"}],"wp:featuredmedia":[{"embeddable":true,"href":"https:\/\/www.sportchaco.com.ar\/index.php?rest_route=\/wp\/v2\/media\/21622"}],"wp:attachment":[{"href":"https:\/\/www.sportchaco.com.ar\/index.php?rest_route=%2Fwp%2Fv2%2Fmedia&parent=21621"}],"wp:term":[{"taxonomy":"category","embeddable":true,"href":"https:\/\/www.sportchaco.com.ar\/index.php?rest_route=%2Fwp%2Fv2%2Fcategories&post=21621"},{"taxonomy":"post_tag","embeddable":true,"href":"https:\/\/www.sportchaco.com.ar\/index.php?rest_route=%2Fwp%2Fv2%2Ftags&post=21621"}],"curies":[{"name":"wp","href":"https:\/\/api.w.org\/{rel}","templated":true}]}}