{"id":21635,"date":"2025-07-05T00:03:13","date_gmt":"2025-07-05T03:03:13","guid":{"rendered":"https:\/\/www.sportchaco.com.ar\/?p=21635"},"modified":"2025-07-05T00:03:13","modified_gmt":"2025-07-05T03:03:13","slug":"rumbo-a-la-americup-2025-prigioni-confirmo-la-convocatoria-de-21-jugadores-que-comenzaran-la-preparacion-en-espana","status":"publish","type":"post","link":"https:\/\/www.sportchaco.com.ar\/?p=21635","title":{"rendered":"Rumbo a la AmeriCup 2025: Prigioni confirm\u00f3 la convocatoria de 21 jugadores que comenzar\u00e1n la preparaci\u00f3n en Espa\u00f1a"},"content":{"rendered":"<p>Con el foco puesto en la preparaci\u00f3n del Seleccionado mayor masculino para la <strong>AmeriCup 2025<\/strong>\u00a0de agosto y el comienzo de los Clasificatorios rumbo a la Copa del Mundo FIBA 2027,\u00a0<strong>Pablo Prigioni,<\/strong>\u00a0Head Coach del equipo nacional, confirm\u00f3 la<strong>\u00a0lista de 21 jugadores<\/strong> que ser\u00e1n parte de los entrenamientos. La lista combina a los habituales referentes del equipo, junto al grupo de j\u00f3venes que ha sumado muchos minutos en amistosos y partidos oficiales en el \u00faltimo tiempo. El chaque\u00f1o <strong>Gonzalo Corbal\u00e1n integra la lista.<\/strong><\/p>\n<p>El equipo comenzar\u00e1 los\u00a0<strong>entrenamientos en Madrid en la \u00faltima semana de julio<\/strong>\u00a0y los mismos se dividir\u00e1n en\u00a0<strong>dos etapas<\/strong>. Los primeros diez d\u00edas incluir\u00e1n pr\u00e1cticas y partidos amistosos con la lista completa, para luego enfocar desde comienzos de agosto la recta final con una lista m\u00e1s acotada de la cual surgir\u00e1n los 12 nombres para afrontar la AmeriCup de Nicaragua (22 al 31 de agosto).<\/p>\n<p><strong>Argentina<\/strong>\u00a0ya tiene confirmados amistosos ante\u00a0<strong>Italia (14 de agosto en Bologna<\/strong>) y un\u00a0<strong>cuadrangular en Panam\u00e1 del 17 al 19<\/strong>, con partidos ante los locales, Brasil y Uruguay. Se informar\u00e1n oportunamente los partidos amistosos que se disputar\u00e1n en la primera mitad de la preparaci\u00f3n.<\/p>\n<p>En una charla con Prensa CAB,\u00a0<strong>Prigioni<\/strong>\u00a0detall\u00f3:\u00a0<em>\u201cLa preparaci\u00f3n tendr\u00e1 dos etapas. La primera ser\u00e1 con un grupo m\u00e1s amplio, de unos 21 jugadores en principio, incluyendo a algunos referentes como Facu, Lapro, Gaby Deck (que est\u00e1 en recuperaci\u00f3n), y otros. Esta fase durar\u00e1 unos diez u once d\u00edas, con uno o dos amistosos. Luego habr\u00e1 un peque\u00f1o receso, y a partir de ah\u00ed comenzar\u00e1 la segunda etapa, con un grupo m\u00e1s reducido y enfocado en la AmeriCup\u201d.<\/em><\/p>\n<p><em>\u201cCuando finalice la primera etapa y comience la fase final con el grupo m\u00e1s reducido, habr\u00e1 amistosos todav\u00eda por confirmar en Espa\u00f1a. Luego enfrentaremos a Italia el 14 de agosto en Bolonia, un rival importante que tambi\u00e9n se prepara para sus competiciones. De ah\u00ed viajamos a Panam\u00e1, donde jugaremos con Panam\u00e1, Uruguay y Brasil. Despu\u00e9s, directamente a Nicaragua para disputar la AmeriCup\u201d,<\/em>\u00a0agreg\u00f3.<\/p>\n<p><img loading=\"lazy\" decoding=\"async\" class=\"alignnone  wp-image-21636 aligncenter\" src=\"https:\/\/www.sportchaco.com.ar\/wp-content\/uploads\/2025\/07\/Convocados-300x169.jpg\" alt=\"\" width=\"344\" height=\"194\" srcset=\"https:\/\/www.sportchaco.com.ar\/wp-content\/uploads\/2025\/07\/Convocados-300x169.jpg 300w, https:\/\/www.sportchaco.com.ar\/wp-content\/uploads\/2025\/07\/Convocados-1024x576.jpg 1024w, https:\/\/www.sportchaco.com.ar\/wp-content\/uploads\/2025\/07\/Convocados-768x432.jpg 768w, https:\/\/www.sportchaco.com.ar\/wp-content\/uploads\/2025\/07\/Convocados-1536x864.jpg 1536w, https:\/\/www.sportchaco.com.ar\/wp-content\/uploads\/2025\/07\/Convocados-390x220.jpg 390w, https:\/\/www.sportchaco.com.ar\/wp-content\/uploads\/2025\/07\/Convocados.jpg 1920w\" sizes=\"auto, (max-width: 344px) 100vw, 344px\" \/><\/p>\n<p><em>\u201cEl formato de ventanas, y la posibilidad de que los jugadores de Euroliga no puedan estar en noviembre, nos obliga a acelerar la aclimataci\u00f3n de algunos jugadores con pocas participaciones en la selecci\u00f3n. Por eso, planteamos la AmeriCup como una oportunidad para que vaya un equipo m\u00e1s joven, y al mismo tiempo dar descanso a jugadores como Facu Campazzo, que vienen con muchas competencias seguidas. Si los de Euroliga no pueden estar en noviembre, este grupo que juegue la AmeriCup ser\u00e1 la base de esa primera ventana. Quiz\u00e1s se sumen veteranos que no est\u00e1n en Euroliga, como Brussino, Vaulet, Garino, Del\u00eda u otros\u201d<\/em>, agreg\u00f3.<\/p>\n<p><em>\u201cLa Confederaci\u00f3n est\u00e1 haciendo un esfuerzo grande para lograr esto, y hay que destacarlo: es una apuesta importante por este momento del equipo. Es una preparaci\u00f3n muy completa, con muchos partidos que servir\u00e1n para que todos tengan minutos, entrenen diferentes situaciones y lleguen en buena forma. Ganamos la \u00faltima AmeriCup y vamos con la mentalidad de competir por el t\u00edtulo\u201d<\/em>, concluy\u00f3.<\/p>\n<p><strong>CONVOCADOS<\/strong><\/p>\n<p>Aaliya, Lee &#8211; Instituto de C\u00f3rdoba, Argentina<br \/>\nBocca, Juan &#8211; Obradoiro, Espa\u00f1a<br \/>\nBordon, Dylan &#8211; Gran Canaria, Espa\u00f1a<br \/>\nBressan, Gonzalo &#8211; Alicante, Espa\u00f1a<br \/>\nBrussino, Nicol\u00e1s &#8211; Gran Canaria, Espa\u00f1a<br \/>\nCampazzo, Facundo &#8211; Real Madrid, Espa\u00f1a<br \/>\nCaffaro, Francisco &#8211; B\u00e1squet Girona, Espa\u00f1a (\u00daltimo club)<br \/>\nChapero, Tom\u00e1s &#8211; Obras Basket, Argentina<br \/>\nCorbalan, Gonzalo &#8211; San Pablo Burgos, Espa\u00f1a<br \/>\nDeck, Gabriel &#8211; Real Madrid, Espa\u00f1a<br \/>\nFern\u00e1ndez, Juan &#8211; B\u00e1squet Girona, Espa\u00f1a<br \/>\nGarino, Patricio &#8211; Estudiantes, Espa\u00f1a<br \/>\nGiovannetti, Lucas &#8211; Fibwi Palma, Espa\u00f1a<br \/>\nKropp, Tyler &#8211; Universidad de Northwestern, Estados Unidos<br \/>\nLaprovittola, Nicol\u00e1s &#8211; Barcelona, Espa\u00f1a<br \/>\nLugarini, Bautista &#8211; Instituto, Argentina<br \/>\nMarcos, Juan Ignacio &#8211; Barcelona, Espa\u00f1a<br \/>\nNegrete, Alex &#8211; Instituto, Argentina<br \/>\nTrouet, Santiago &#8211; Arizona State, Estados Unidos<br \/>\nVaulet, Juan Pablo &#8211; Palencia, Espa\u00f1a<br \/>\nVildoza, Jos\u00e9 &#8211; Boca Juniors, Argentina<\/p>\n<p><strong>Amistosos confirmados<\/strong><\/p>\n<p>14 de agosto vs Italia en Bologna.<br \/>\n17 al 19 de agosto \u2013 Cuadrangular amistoso en Panam\u00e1 &#8211; Vs Panam\u00e1, Brasil y Uruguay.<\/p>\n<p><strong>AmeriCup 2025<\/strong><\/p>\n<p>&nbsp;<\/p>\n<p><img loading=\"lazy\" decoding=\"async\" class=\"alignnone size-medium wp-image-21633 aligncenter\" src=\"https:\/\/www.sportchaco.com.ar\/wp-content\/uploads\/2025\/07\/PARQUE-SOLAR_200x200-01-1-300x300.gif\" alt=\"\" width=\"300\" height=\"300\" srcset=\"https:\/\/www.sportchaco.com.ar\/wp-content\/uploads\/2025\/07\/PARQUE-SOLAR_200x200-01-1-300x300.gif 300w, https:\/\/www.sportchaco.com.ar\/wp-content\/uploads\/2025\/07\/PARQUE-SOLAR_200x200-01-1-150x150.gif 150w\" sizes=\"auto, (max-width: 300px) 100vw, 300px\" \/><\/p>\n","protected":false},"excerpt":{"rendered":"<p>Con el foco puesto en la preparaci\u00f3n del Seleccionado mayor masculino para la AmeriCup 2025\u00a0de agosto y el comienzo de los Clasificatorios rumbo a la Copa del Mundo FIBA 2027,\u00a0Pablo Prigioni,\u00a0Head Coach del equipo nacional, confirm\u00f3 la\u00a0lista de 21 jugadores que ser\u00e1n parte de los entrenamientos. La lista combina a los habituales referentes del equipo, &hellip;<\/p>\n","protected":false},"author":2,"featured_media":21637,"comment_status":"open","ping_status":"open","sticky":false,"template":"","format":"standard","meta":{"footnotes":""},"categories":[3],"tags":[],"class_list":["post-21635","post","type-post","status-publish","format-standard","has-post-thumbnail","hentry","category-basquetbol"],"_links":{"self":[{"href":"https:\/\/www.sportchaco.com.ar\/index.php?rest_route=\/wp\/v2\/posts\/21635","targetHints":{"allow":["GET"]}}],"collection":[{"href":"https:\/\/www.sportchaco.com.ar\/index.php?rest_route=\/wp\/v2\/posts"}],"about":[{"href":"https:\/\/www.sportchaco.com.ar\/index.php?rest_route=\/wp\/v2\/types\/post"}],"author":[{"embeddable":true,"href":"https:\/\/www.sportchaco.com.ar\/index.php?rest_route=\/wp\/v2\/users\/2"}],"replies":[{"embeddable":true,"href":"https:\/\/www.sportchaco.com.ar\/index.php?rest_route=%2Fwp%2Fv2%2Fcomments&post=21635"}],"version-history":[{"count":1,"href":"https:\/\/www.sportchaco.com.ar\/index.php?rest_route=\/wp\/v2\/posts\/21635\/revisions"}],"predecessor-version":[{"id":21638,"href":"https:\/\/www.sportchaco.com.ar\/index.php?rest_route=\/wp\/v2\/posts\/21635\/revisions\/21638"}],"wp:featuredmedia":[{"embeddable":true,"href":"https:\/\/www.sportchaco.com.ar\/index.php?rest_route=\/wp\/v2\/media\/21637"}],"wp:attachment":[{"href":"https:\/\/www.sportchaco.com.ar\/index.php?rest_route=%2Fwp%2Fv2%2Fmedia&parent=21635"}],"wp:term":[{"taxonomy":"category","embeddable":true,"href":"https:\/\/www.sportchaco.com.ar\/index.php?rest_route=%2Fwp%2Fv2%2Fcategories&post=21635"},{"taxonomy":"post_tag","embeddable":true,"href":"https:\/\/www.sportchaco.com.ar\/index.php?rest_route=%2Fwp%2Fv2%2Ftags&post=21635"}],"curies":[{"name":"wp","href":"https:\/\/api.w.org\/{rel}","templated":true}]}}