{"id":2164,"date":"2023-10-24T16:03:09","date_gmt":"2023-10-24T19:03:09","guid":{"rendered":"https:\/\/www.sportchaco.com.ar\/?p=2164"},"modified":"2023-10-24T16:03:09","modified_gmt":"2023-10-24T19:03:09","slug":"el-futuro-del-automovilismo-zonal-se-define-esta-semana","status":"publish","type":"post","link":"https:\/\/www.sportchaco.com.ar\/?p=2164","title":{"rendered":"El futuro del Automovilismo Zonal se define esta semana"},"content":{"rendered":"<p>La Federaci\u00f3n Chaque\u00f1a de Automovilismo Deportivo convoc\u00f3 a los pilotos de las tres categor\u00edas para que asistan a una reuni\u00f3n a concretarse el jueves en la sede de C\u00e1mara de Comercio de esta ciudad, con la finalidad de definir c\u00f3mo continuar la temporada del Zonal.<\/p>\n<p>El certamen pudo cumplir cinco fechas en circuitos de tierra, las tres primeras en el \u00abHilario Garc\u00eda Tapia\u00bb de Machagai y las dos restantes en el trazado de la Apich de S\u00e1enz Pe\u00f1a. La \u00faltima presentaci\u00f3n fue en septiembre, y desde entonces todo es incertidumbre.<\/p>\n<p>Es que la sequ\u00eda que azota a la regi\u00f3n y la falta de agua en los reservorios es un factor clave para que el calendario no se haya podido cumplir con cierta regularidad. Primero estaba previsto cumplir la competencia a principios de octubre, y luego se propuso el 28 y 29, pero todo se encuentra estancado.<\/p>\n<p>Desde la propia Federaci\u00f3n se hab\u00eda anunciado que estaba todo acordado con Vialidad Provincial para que se encargue de preparar el piso del circuito saenzpe\u00f1ense, tal como lo viene haciendo los \u00faltimos a\u00f1os, a partir del di\u00e1logo mantenido con los dirigentes tuercas de la entidad centrochaque\u00f1a.<\/p>\n<p>Pero la falta de lluvias abundantes fue un condicionante y en la misma situaci\u00f3n se hallan otros escenarios como el del propio Machagai, Villa \u00c1ngela y Charata, que sin humedad en el suelo no pueden avanzar. Tampoco aparece como alternativa el \u00abYaco\u00bb Guarnieri de Resistencia, que est\u00e1 siendo reasfaltado y reci\u00e9n podr\u00eda estar disponible para diciembre.<\/p>\n<p>Ante estos obst\u00e1culos, se lleg\u00f3 a sugerir la posibilidad de trasladar la prueba al aut\u00f3dromo de Ober\u00e1, Misiones, pero los costos por pilotos de las tres categor\u00edas rondaban los 100.000 pesos y fue otro aspecto que fren\u00f3 de inmediato esa alternativa.<\/p>\n<p>Sin mayores opciones, para el pr\u00f3ximo jueves la F.Ch.A.D. convoc\u00f3 a los pilotos para analizar el contexto y abordar como \u00fanico punto la continuidad del Zonal y posibles circuitos para la sexta y s\u00e9ptima fecha, teniendo en cuenta que podr\u00eda ser doble jornada.<\/p>\n<p>La reuni\u00f3n tendr\u00e1 lugar en C\u00e1mara de Comercio de S\u00e1enz Pe\u00f1a, calle 14 entre 17 y 19, a las 20.30.<\/p>\n","protected":false},"excerpt":{"rendered":"<p>La Federaci\u00f3n Chaque\u00f1a de Automovilismo Deportivo convoc\u00f3 a los pilotos de las tres categor\u00edas para que asistan a una reuni\u00f3n a concretarse el jueves en la sede de C\u00e1mara de Comercio de esta ciudad, con la finalidad de definir c\u00f3mo continuar la temporada del Zonal. El certamen pudo cumplir cinco fechas en circuitos de tierra, &hellip;<\/p>\n","protected":false},"author":3,"featured_media":2165,"comment_status":"open","ping_status":"open","sticky":false,"template":"","format":"standard","meta":{"footnotes":""},"categories":[2],"tags":[],"class_list":["post-2164","post","type-post","status-publish","format-standard","has-post-thumbnail","hentry","category-automovilismo"],"_links":{"self":[{"href":"https:\/\/www.sportchaco.com.ar\/index.php?rest_route=\/wp\/v2\/posts\/2164","targetHints":{"allow":["GET"]}}],"collection":[{"href":"https:\/\/www.sportchaco.com.ar\/index.php?rest_route=\/wp\/v2\/posts"}],"about":[{"href":"https:\/\/www.sportchaco.com.ar\/index.php?rest_route=\/wp\/v2\/types\/post"}],"author":[{"embeddable":true,"href":"https:\/\/www.sportchaco.com.ar\/index.php?rest_route=\/wp\/v2\/users\/3"}],"replies":[{"embeddable":true,"href":"https:\/\/www.sportchaco.com.ar\/index.php?rest_route=%2Fwp%2Fv2%2Fcomments&post=2164"}],"version-history":[{"count":1,"href":"https:\/\/www.sportchaco.com.ar\/index.php?rest_route=\/wp\/v2\/posts\/2164\/revisions"}],"predecessor-version":[{"id":2166,"href":"https:\/\/www.sportchaco.com.ar\/index.php?rest_route=\/wp\/v2\/posts\/2164\/revisions\/2166"}],"wp:featuredmedia":[{"embeddable":true,"href":"https:\/\/www.sportchaco.com.ar\/index.php?rest_route=\/wp\/v2\/media\/2165"}],"wp:attachment":[{"href":"https:\/\/www.sportchaco.com.ar\/index.php?rest_route=%2Fwp%2Fv2%2Fmedia&parent=2164"}],"wp:term":[{"taxonomy":"category","embeddable":true,"href":"https:\/\/www.sportchaco.com.ar\/index.php?rest_route=%2Fwp%2Fv2%2Fcategories&post=2164"},{"taxonomy":"post_tag","embeddable":true,"href":"https:\/\/www.sportchaco.com.ar\/index.php?rest_route=%2Fwp%2Fv2%2Ftags&post=2164"}],"curies":[{"name":"wp","href":"https:\/\/api.w.org\/{rel}","templated":true}]}}