{"id":21658,"date":"2025-07-05T18:24:09","date_gmt":"2025-07-05T21:24:09","guid":{"rendered":"https:\/\/www.sportchaco.com.ar\/?p=21658"},"modified":"2025-07-07T18:19:56","modified_gmt":"2025-07-07T21:19:56","slug":"chaco-el-provincial-de-clubes-de-primera-iniciara-el-15-de-agosto","status":"publish","type":"post","link":"https:\/\/www.sportchaco.com.ar\/?p=21658","title":{"rendered":"El Provincial de clubes de Primera iniciar\u00e1 el 15 de agosto"},"content":{"rendered":"<p class=\"story-title entry-title\"><strong><span style=\"font-size: 16px;\">05- 07-2025<\/span><\/strong><\/p>\n<div id=\"right-content\" class=\"relative\">\n<div id=\"content-area\" class=\"left relative\">\n<div id=\"left-content-mobi\">\n<div class=\"author-info-mob-wrap\">\n<div><img loading=\"lazy\" decoding=\"async\" class=\"aligncenter wp-image-9639 size-full\" src=\"https:\/\/www.sportchaco.com.ar\/wp-content\/uploads\/2024\/05\/gob-salud-apaisado-marzo.gif\" alt=\"\" width=\"728\" height=\"90\" \/><\/div>\n<\/div>\n<\/div>\n<div id=\"tps_slideContainer_27817\" class=\"theiaPostSlider_slides\">\n<p>Con la participaci\u00f3n de 13 equipos, distribuidos en dos grupos, el viernes 15 de agosto se pondr\u00e1 en marcha el Torneo Provincial de Mayores \u201cPre Federal 2025\u201d. As\u00ed se resolvi\u00f3 en la reuni\u00f3n que directivos de la Federaci\u00f3n Chaque\u00f1a de B\u00e1squetbol mantuvieron con los delegados de los clubes. Habr\u00e1 cuatro plazas para la pr\u00f3xima edici\u00f3n de la Liga Federal.<\/p>\n<p>La convocatoria tuvo lugar en las instalaciones de la UEGP N\u00ba 169 de S\u00e1enz Pe\u00f1a, a la que asistieron la mayor\u00eda de los representantes de las entidades que tomar\u00e1n parte en esta nueva edici\u00f3n. Cabe destacar que el club Uni\u00f3n de San Bernardo hab\u00eda mostrado inter\u00e9s en competir, pero finalmente desisti\u00f3.<\/p>\n<p>De acuerdo con lo establecido en la reuni\u00f3n, la fecha tope para la presentaci\u00f3n de las listas de buena fe es el lunes 11 de agosto, mientras que hasta el jueves 14 fue estipulado el plazo para la documentaci\u00f3n relacionada con los jugadores; y el viernes 15 dar\u00e1 inicio la competencia.<\/p>\n<figure class=\"wp-block-image size-large\"><a href=\"https:\/\/baskettotal.com.ar\/wp-content\/uploads\/2025\/07\/1000547417.jpg\"><img loading=\"lazy\" decoding=\"async\" class=\"lazy wp-image-27818 lazy-loaded\" src=\"https:\/\/baskettotal.com.ar\/wp-content\/uploads\/2025\/07\/1000547417-1024x612.jpg\" sizes=\"auto, (max-width: 1024px) 100vw, 1024px\" srcset=\"https:\/\/baskettotal.com.ar\/wp-content\/uploads\/2025\/07\/1000547417-1024x612.jpg 1024w, https:\/\/baskettotal.com.ar\/wp-content\/uploads\/2025\/07\/1000547417-300x179.jpg 300w, https:\/\/baskettotal.com.ar\/wp-content\/uploads\/2025\/07\/1000547417-768x459.jpg 768w, https:\/\/baskettotal.com.ar\/wp-content\/uploads\/2025\/07\/1000547417-400x240.jpg 400w, https:\/\/baskettotal.com.ar\/wp-content\/uploads\/2025\/07\/1000547417.jpg 1040w\" alt=\"\" width=\"1024\" height=\"612\" data-lazy-type=\"image\" data-lazy-src=\"https:\/\/baskettotal.com.ar\/wp-content\/uploads\/2025\/07\/1000547417-1024x612.jpg\" data-lazy-srcset=\"https:\/\/baskettotal.com.ar\/wp-content\/uploads\/2025\/07\/1000547417-1024x612.jpg 1024w, https:\/\/baskettotal.com.ar\/wp-content\/uploads\/2025\/07\/1000547417-300x179.jpg 300w, https:\/\/baskettotal.com.ar\/wp-content\/uploads\/2025\/07\/1000547417-768x459.jpg 768w, https:\/\/baskettotal.com.ar\/wp-content\/uploads\/2025\/07\/1000547417-400x240.jpg 400w, https:\/\/baskettotal.com.ar\/wp-content\/uploads\/2025\/07\/1000547417.jpg 1040w\" data-lazy-sizes=\"(max-width: 1024px) 100vw, 1024px\" \/><\/a><\/figure>\n<p>La fase regular ser\u00e1 con partidos de ida y vuelta, y tras ello los tres mejores de cada grupo acceder\u00e1n directamente a la instancia de cuartos de final. El s\u00e9ptimo terminar\u00e1 la competencia, mientras que el quinto y sexto de cada grupo se enfrentar\u00e1n en play-in a un solo partido, y el ganador se medir\u00e1 luego con el cuarto, en ambos casos teniendo como sede al mejor ubicado.<\/p>\n<p>Definidas las clasificaciones del primero al cuarto puesto en cada grupo, se medir\u00e1n en play-off, al mejor de tres, 1\u00ba A vs. 4\u00ba B, 2\u00ba A vs. 3\u00ba B, 1\u00ba B vs. 4\u00ba A, y 2\u00ba B vs. 3\u00ba A. Los ganadores acceder\u00e1n a las semifinales, tambi\u00e9n al mejor de tres, y quienes clasifiquen de esa instancia jugar\u00e1n por el t\u00edtulo, en play-off al mejor de cinco juegos. En este caso se estipul\u00f3 que se jugar\u00e1 viernes y domingo para agilizar la definici\u00f3n.<\/p>\n<p>En cuanto a los recambios de jugadores, se fij\u00f3 que podr\u00e1n concretarse hasta dos en la temporada, una vez finalizado el play-in. Los cuatro que arriben a semifinales, se habr\u00e1n ganado el derecho de competir en la pr\u00f3xima edici\u00f3n de la Liga Federal, siempre que cumplan con los requisitos reglamentarios en cuanto a b\u00e1squet femenino y formativas.<\/p>\n<p>En este \u00edtem, el presidente de F.Ch.B,, Gustavo Rath, inform\u00f3 que los cuatro clasificados a dicho campeonato organizado por la CAB tendr\u00e1n bonificada la inscripci\u00f3n, por lo que no deber\u00e1n hacer frente a dicho costo. La reuni\u00f3n tambi\u00e9n tuvo un informe del ex \u00e1rbitro nacional H\u00e9ctor Hugo Wasinger sobre el trabajo que se viene realizando en este \u00e1mbito, y se inform\u00f3 sobre las pretensiones de los jueces y autoridades en cuanto a sus aranceles<\/p>\n<p><img decoding=\"async\" class=\" lazyloaded\" src=\"https:\/\/baskettotal.com.ar\/wp-content\/uploads\/2025\/07\/pre-federal25-reunion1-1000x600.jpg\" data-src=\"https:\/\/baskettotal.com.ar\/wp-content\/uploads\/2025\/07\/pre-federal25-reunion1-1000x600.jpg\" \/><\/p>\n<p><strong>Las zonas del torneo<br \/>\n<\/strong>La distribuci\u00f3n de los clubes en los grupos se defini\u00f3 por sorteo y qued\u00f3 de la siguiente manera:<br \/>\n<strong>Zona A (7):<\/strong> Don Bosco (Resistencia), Regatas (Resistencia), Asoc. Espa\u00f1ola (Charata), H\u00e9rcules (Charata), Social (Las Bre\u00f1as), Centro Cultural (Santa Sylvina) y Acci\u00f3n (S\u00e1enz Pe\u00f1a).<\/p>\n<p><strong>Zona B (6):<\/strong> Hind\u00fa (Resistencia), Juventud de Villa Centenario (Resistencia), Don Orione (Barranqueras), Asoc. Italiana (Charata), Uni\u00f3n Progresista (Villa \u00c1ngela) y Alvear (Villa \u00c1ngela).<\/p>\n<p><strong><em>Fuente:\u00a0Prensa Federaci\u00f3n Chaque\u00f1a de B\u00e1squetbol<\/em><\/strong><\/p>\n<p><img loading=\"lazy\" decoding=\"async\" class=\"aligncenter wp-image-17160 size-full\" src=\"https:\/\/www.sportchaco.com.ar\/wp-content\/uploads\/2025\/03\/gob-makalle.jpg\" alt=\"\" width=\"1440\" height=\"1797\" srcset=\"https:\/\/www.sportchaco.com.ar\/wp-content\/uploads\/2025\/03\/gob-makalle.jpg 1440w, https:\/\/www.sportchaco.com.ar\/wp-content\/uploads\/2025\/03\/gob-makalle-240x300.jpg 240w, https:\/\/www.sportchaco.com.ar\/wp-content\/uploads\/2025\/03\/gob-makalle-821x1024.jpg 821w, https:\/\/www.sportchaco.com.ar\/wp-content\/uploads\/2025\/03\/gob-makalle-768x958.jpg 768w, https:\/\/www.sportchaco.com.ar\/wp-content\/uploads\/2025\/03\/gob-makalle-1231x1536.jpg 1231w\" sizes=\"auto, (max-width: 1440px) 100vw, 1440px\" \/><\/p>\n<\/div>\n<\/div>\n<\/div>\n","protected":false},"excerpt":{"rendered":"<p>05- 07-2025 Con la participaci\u00f3n de 13 equipos, distribuidos en dos grupos, el viernes 15 de agosto se pondr\u00e1 en marcha el Torneo Provincial de Mayores \u201cPre Federal 2025\u201d. As\u00ed se resolvi\u00f3 en la reuni\u00f3n que directivos de la Federaci\u00f3n Chaque\u00f1a de B\u00e1squetbol mantuvieron con los delegados de los clubes. Habr\u00e1 cuatro plazas para la &hellip;<\/p>\n","protected":false},"author":2,"featured_media":21659,"comment_status":"open","ping_status":"open","sticky":false,"template":"","format":"standard","meta":{"footnotes":""},"categories":[3],"tags":[],"class_list":["post-21658","post","type-post","status-publish","format-standard","has-post-thumbnail","hentry","category-basquetbol"],"_links":{"self":[{"href":"https:\/\/www.sportchaco.com.ar\/index.php?rest_route=\/wp\/v2\/posts\/21658","targetHints":{"allow":["GET"]}}],"collection":[{"href":"https:\/\/www.sportchaco.com.ar\/index.php?rest_route=\/wp\/v2\/posts"}],"about":[{"href":"https:\/\/www.sportchaco.com.ar\/index.php?rest_route=\/wp\/v2\/types\/post"}],"author":[{"embeddable":true,"href":"https:\/\/www.sportchaco.com.ar\/index.php?rest_route=\/wp\/v2\/users\/2"}],"replies":[{"embeddable":true,"href":"https:\/\/www.sportchaco.com.ar\/index.php?rest_route=%2Fwp%2Fv2%2Fcomments&post=21658"}],"version-history":[{"count":3,"href":"https:\/\/www.sportchaco.com.ar\/index.php?rest_route=\/wp\/v2\/posts\/21658\/revisions"}],"predecessor-version":[{"id":21741,"href":"https:\/\/www.sportchaco.com.ar\/index.php?rest_route=\/wp\/v2\/posts\/21658\/revisions\/21741"}],"wp:featuredmedia":[{"embeddable":true,"href":"https:\/\/www.sportchaco.com.ar\/index.php?rest_route=\/wp\/v2\/media\/21659"}],"wp:attachment":[{"href":"https:\/\/www.sportchaco.com.ar\/index.php?rest_route=%2Fwp%2Fv2%2Fmedia&parent=21658"}],"wp:term":[{"taxonomy":"category","embeddable":true,"href":"https:\/\/www.sportchaco.com.ar\/index.php?rest_route=%2Fwp%2Fv2%2Fcategories&post=21658"},{"taxonomy":"post_tag","embeddable":true,"href":"https:\/\/www.sportchaco.com.ar\/index.php?rest_route=%2Fwp%2Fv2%2Ftags&post=21658"}],"curies":[{"name":"wp","href":"https:\/\/api.w.org\/{rel}","templated":true}]}}