{"id":21668,"date":"2025-07-05T22:02:25","date_gmt":"2025-07-06T01:02:25","guid":{"rendered":"https:\/\/www.sportchaco.com.ar\/?p=21668"},"modified":"2025-07-05T22:02:05","modified_gmt":"2025-07-06T01:02:05","slug":"efemerides-del-6-de-julio-2","status":"publish","type":"post","link":"https:\/\/www.sportchaco.com.ar\/?p=21668","title":{"rendered":"Efem\u00e9rides del 6 de julio"},"content":{"rendered":"<div class=\"container fullwidth-entry-title-wrapper\">\n<div class=\"container-wrapper fullwidth-entry-title\">\n<header class=\"entry-header-outer\">\n<div class=\"entry-header\">\n<h1 class=\"post-title entry-title\">Efem\u00e9rides del 6 de julio<\/h1>\n<div class=\"single-post-meta post-meta clearfix\">\n<div class=\"tie-alignright\"><\/div>\n<\/div>\n<\/div>\n<\/header>\n<\/div>\n<\/div>\n<div id=\"content\" class=\"site-content container\">\n<div id=\"main-content-row\" class=\"tie-row main-content-row\">\n<div class=\"main-content tie-col-md-8 tie-col-xs-12\" role=\"main\">\n<article id=\"the-post\" class=\"container-wrapper post-content tie-standard\">\n<div class=\"featured-area\">\n<div class=\"featured-area-inner\">\n<h4 class=\"single-featured-image\"><\/h4>\n<\/div>\n<\/div>\n<div class=\"entry-content entry clearfix\">\n<h4><strong>Esta es la Efem\u00e9rides del Deporte en el Chaco de un 6 de julio del periodista Luis Dar\u00edo Molodezky.<\/strong><\/h4>\n<p><img loading=\"lazy\" decoding=\"async\" class=\"size-medium wp-image-11238 aligncenter\" src=\"https:\/\/www.sportchaco.com.ar\/wp-content\/uploads\/2024\/07\/Molodezky-Luis-11-05-24-300x225.jpg\" sizes=\"auto, (max-width: 300px) 100vw, 300px\" srcset=\"https:\/\/www.sportchaco.com.ar\/wp-content\/uploads\/2024\/07\/Molodezky-Luis-11-05-24-300x225.jpg 300w, https:\/\/www.sportchaco.com.ar\/wp-content\/uploads\/2024\/07\/Molodezky-Luis-11-05-24-1024x768.jpg 1024w, https:\/\/www.sportchaco.com.ar\/wp-content\/uploads\/2024\/07\/Molodezky-Luis-11-05-24-768x576.jpg 768w, https:\/\/www.sportchaco.com.ar\/wp-content\/uploads\/2024\/07\/Molodezky-Luis-11-05-24-1536x1153.jpg 1536w, https:\/\/www.sportchaco.com.ar\/wp-content\/uploads\/2024\/07\/Molodezky-Luis-11-05-24.jpg 1599w\" alt=\"\" width=\"300\" height=\"225\" \/><\/p>\n<p>&nbsp;<\/p>\n<p><strong>1936\u00a0<\/strong>\/ Queda conformada una nueva instituci\u00f3n, denominada Los Indios Rugby Club, que construye su cancha en La Liguria, camino a Barranqueras, en terrenos donados por la familia Rossi e hijos. Es el primer antecedente del rugby en el Chaco.<\/p>\n<\/div>\n<div class=\"entry-content entry clearfix\">\n<p><strong>2003\u00a0<\/strong>\/ Es inaugurado el \u00f3valo pavimentado del Club Ciclista Centrochaque\u00f1o, con la presencia del gobernador \u00c1ngel Rozas y el intendente Carim Peche. Cuenta con 333 metros de extensi\u00f3n, 7 metros de ancho, dos mini rectas de 19 metros y peraltes de 1,48 metro.<\/p>\n<p><strong>2006\u00a0<\/strong>\/ Fallece a los 90 a\u00f1os Pedro Biolchi, socio fundador y primer presidente de Don Orione. M\u00e9dico, amante del deporte, ser humano excepcional, generoso, comprensivo y un ejemplo de vida. Hab\u00eda nacido un 31 de diciembre de 1916.<\/p>\n<p>&nbsp;<\/p>\n<p><strong>Foto portada: Pedro Biolchi<\/strong><\/p>\n<\/div>\n<\/article>\n<\/div>\n<\/div>\n<\/div>\n","protected":false},"excerpt":{"rendered":"<p>Efem\u00e9rides del 6 de julio Esta es la Efem\u00e9rides del Deporte en el Chaco de un 6 de julio del periodista Luis Dar\u00edo Molodezky. &nbsp; 1936\u00a0\/ Queda conformada una nueva instituci\u00f3n, denominada Los Indios Rugby Club, que construye su cancha en La Liguria, camino a Barranqueras, en terrenos donados por la familia Rossi e hijos. &hellip;<\/p>\n","protected":false},"author":2,"featured_media":21669,"comment_status":"open","ping_status":"open","sticky":false,"template":"","format":"standard","meta":{"footnotes":""},"categories":[45,37],"tags":[],"class_list":["post-21668","post","type-post","status-publish","format-standard","has-post-thumbnail","hentry","category-efemerides-dia-por-dia","category-julio"],"_links":{"self":[{"href":"https:\/\/www.sportchaco.com.ar\/index.php?rest_route=\/wp\/v2\/posts\/21668","targetHints":{"allow":["GET"]}}],"collection":[{"href":"https:\/\/www.sportchaco.com.ar\/index.php?rest_route=\/wp\/v2\/posts"}],"about":[{"href":"https:\/\/www.sportchaco.com.ar\/index.php?rest_route=\/wp\/v2\/types\/post"}],"author":[{"embeddable":true,"href":"https:\/\/www.sportchaco.com.ar\/index.php?rest_route=\/wp\/v2\/users\/2"}],"replies":[{"embeddable":true,"href":"https:\/\/www.sportchaco.com.ar\/index.php?rest_route=%2Fwp%2Fv2%2Fcomments&post=21668"}],"version-history":[{"count":1,"href":"https:\/\/www.sportchaco.com.ar\/index.php?rest_route=\/wp\/v2\/posts\/21668\/revisions"}],"predecessor-version":[{"id":21670,"href":"https:\/\/www.sportchaco.com.ar\/index.php?rest_route=\/wp\/v2\/posts\/21668\/revisions\/21670"}],"wp:featuredmedia":[{"embeddable":true,"href":"https:\/\/www.sportchaco.com.ar\/index.php?rest_route=\/wp\/v2\/media\/21669"}],"wp:attachment":[{"href":"https:\/\/www.sportchaco.com.ar\/index.php?rest_route=%2Fwp%2Fv2%2Fmedia&parent=21668"}],"wp:term":[{"taxonomy":"category","embeddable":true,"href":"https:\/\/www.sportchaco.com.ar\/index.php?rest_route=%2Fwp%2Fv2%2Fcategories&post=21668"},{"taxonomy":"post_tag","embeddable":true,"href":"https:\/\/www.sportchaco.com.ar\/index.php?rest_route=%2Fwp%2Fv2%2Ftags&post=21668"}],"curies":[{"name":"wp","href":"https:\/\/api.w.org\/{rel}","templated":true}]}}