{"id":21672,"date":"2025-07-06T10:08:04","date_gmt":"2025-07-06T13:08:04","guid":{"rendered":"https:\/\/www.sportchaco.com.ar\/?p=21672"},"modified":"2025-07-06T10:15:28","modified_gmt":"2025-07-06T13:15:28","slug":"for-ever-quiere-seguir-la-racha-ante-colon","status":"publish","type":"post","link":"https:\/\/www.sportchaco.com.ar\/?p=21672","title":{"rendered":"For Ever quiere seguir la racha ante Col\u00f3n"},"content":{"rendered":"<h5>For Ever quiere que su racha no se corte ante Col\u00f3nLo buscar\u00e1 este domingo, a las 16, cuando se vean las caras en el \u201cJuan Alberto Garc\u00eda\u201d por la 21\u00aa fecha. Pancaldo mete un cambio. El \u201cSabalero\u201d llega mal y con DT interino. Transmite \u201cEntretiempo\u201d desde las 15.<\/h5>\n<figure class=\"\"><img decoding=\"async\" class=\"img-fluid m-auto d-block\" src=\"https:\/\/www.entretiempo.info\/vista\/fotos\/25753834.jpg\" alt=\"\" \/><\/figure>\n<p class=\"epigrafe \"><i class=\"fas fa-camera\" aria-hidden=\"true\"><\/i>\u00a0David Valdez, capit\u00e1n de un For Ever que va por los tres puntos ante Col\u00f3n.<\/p>\n<p>For Ever tratar\u00e1 de continuar por la buena senda en la Primera Nacional de f\u00fatbol cuando este domingo, a las 16, reciba al hist\u00f3rico Col\u00f3n de Santa Fe, en juego de la 21\u00aa fecha de la zona B. El \u00e1rbitro del encuentro ser\u00e1 \u00c1lvaro Carranza y se espera un muy buen marco en el \u201cJuan Alberto Garc\u00eda\u201d.<\/p>\n<p>La dirigencia del \u201cnegro\u201d chaque\u00f1o hab\u00eda planificado un encuentro con p\u00fablico visitante, pero tras los graves incidentes que se registraron el lunes en Santa Fe por parte de la hinchada de Col\u00f3n (ante Mitre), todo fue marcha atr\u00e1s y la polic\u00eda decidi\u00f3 que no haya p\u00fablico de \u201csabalero\u201d.<\/p>\n<p>En cuanto al equipo, el DT Ricardo Pancaldo realizar\u00e1 un cabio obligado (respecto del equipo que viene de igualar ante Temperley) por la lesi\u00f3n del volante izquierdo Franco Perinciolo, que sufri\u00f3 una sobrecarga en el aductor. Por \u00e9l ingresar\u00e1 Joaqu\u00edn Mateo.<\/p>\n<p>El elenco chaque\u00f1o marcha sexto en el campeonato, est\u00e1 en zona de Reducido y buscar\u00e1 vencer a los santafesinos para afianzarse en puestos de clasificaci\u00f3n.<\/p>\n<p>Col\u00f3n, por su parte, viene de despedir al DT Andr\u00e9s Yllana tras la cuarta derrota consecutiva que se dio como local ante Mitre. El entrenador interino, Mart\u00edn Minella cambiar\u00eda m\u00e1s de la mitad del equipo respecto del que arranc\u00f3 jugando el lunes: ingresan Tom\u00e1s Gim\u00e9nez, Gonzalo Bettini, Conrado Ibarra, Zahir Yunis, Cristian Bernardi y Emanuel Gigliotti y salen Marcos D\u00edaz, Brian Negro, Facundo S\u00e1nchez, Oscar Garrido, Nicol\u00e1s Talpone y Facundo Taborda. Lo m\u00e1s llamativo pasa por la salida del experimentado arquero (ex Boca y Hurac\u00e1n), Marcos D\u00edaz.<\/p>\n<p>El \u201csabalero\u201d llega golpeado ya que marcha 15\u00ba (entre 18 equipos) y hoy est\u00e1 lejos de la zona de Reducido (a ocho puntos). La buena noticia de la semana es que Luis Miguel \u201cPulga\u201d Rodr\u00edguez regresar\u00e1 desde el lunes al club. A pesar de que ya tiene 40 a\u00f1os, la gente de Col\u00f3n conf\u00eda en el delantero para que el equipo pueda remontar. Fuente Entretiempo<\/p>\n<p><img decoding=\"async\" src=\"https:\/\/scontent.fcnq2-2.fna.fbcdn.net\/v\/t39.30808-6\/516094931_1182416477263420_417649375627960719_n.jpg?_nc_cat=108&amp;ccb=1-7&amp;_nc_sid=127cfc&amp;_nc_eui2=AeHurxDPI_Fw7606ykEpYOcp8Bum5EcyOqrwG6bkRzI6qjLMGR5IjFRs7Cc76qhcT28&amp;_nc_ohc=J3nEo5pJk4sQ7kNvwEMoSld&amp;_nc_oc=AdmmdIktioZCUgW4lFFKdkdr4zeyCUyqM3v0AaHrDDwxLMkiOjJvuCOOhei_Ng3Ji4w&amp;_nc_zt=23&amp;_nc_ht=scontent.fcnq2-2.fna&amp;_nc_gid=mNAXNHXapzwkTInHehcP5Q&amp;oh=00_AfRDs90oylGRIeCcPdie7spHcBLyfhbgNXM_eeuV8yEhFQ&amp;oe=68704341\" alt=\"Puede ser una imagen de texto que dice &quot;FECHA 21 GASTON CANUTO NICOL\u00c1S CAPRIO MATEO D\u00cdAZ JOAQU\u00cdN JARA JES\u00daS AMARILLA SANTIAGO VALENZUELA JORGE ZULES CAICEDO JUAN CRUZ CERRUDO GINO BARBIERI JUAN MANUEL CARRIZO BRIAN GUERRA ROBERTINO SERATTO MATHIASS SILVERA DAVID VALDEZ RAMIRO FERN\u00c1NDEZ JOAQU\u00cdN MATEO MAT\u00cdAS ROMERO ALAN LUQUE IMANOL LENR\u00cdQUEZ MAXIMILIANO ROMERO CHACOF CHACOFOREVER EVER FOR \u7f8e \u30c3\u30c3\u304b\u30ab CHACO \ub2e4\uc6b4\ud589\uc758 BERCOMAT DONNET AELINDIO ODIO MASIN HAB\u0130TAR \u0e23\u0e49\u0e32\u0e25\u0e35 BRAOFTIGA WiFi Fi&quot;\" \/><\/p>\n<p><b>ENTRADAS<\/b><br \/>\nLa venta de entradas para For Ever- Col\u00f3n continuar\u00e1 este domingo desde las 11 hasta las 16. Las entradas tambi\u00e9n se pueden adquirir v\u00eda on line en el sitio web chacoforever.club, con cuota de socio al d\u00eda. Los precios son los siguientes:<\/p>\n<p>Popular. Socios: sin costo. No socios: mayores $19.000; menores y jubilados $9000.<\/p>\n<p>Calle 15. Socios: $ 8000. No socios: mayores $25.000; menores y jubilados: $15.000.<\/p>\n<p>Platea de calle 14. Socios $ 12.000. No socios: mayores $35.000; menores y jubilados: $25.000.<\/p>\n<p><b>PROBABLES FORMACIONES\u00a0<\/b><\/p>\n<p><b>FOR EVER:<\/b>\u00a0Gast\u00f3n Canuto; Alan Luque, David Valdez, Mathias Silvera y Ramiro Fern\u00e1ndez; Santiago Valenzuela, Maximiliano Romero, Juan Manuel Carrizo y Joaqu\u00edn Mateo; Imanol Enr\u00edquez y Mat\u00edas Romero. DT: Ricardo Pancaldo.<br \/>\n<b>COL\u00d3N:<\/b>\u00a0Tom\u00e1s Gim\u00e9nez; Gonzalo Bettini, Gonzalo Soto, Nicol\u00e1s Thaller y Conrado Ibarra; Federico Jourdan, Zahir Yunis e Ignacio Lago; Cristian Bernardi; Facundo Castro y Emanuel Gigliotti. DT: Mart\u00edn Minella.<br \/>\n<b>\u00c1rbitro:<\/b>\u00a0\u00c1lvaro Carranza.\u00a0<b>Asistentes:\u00a0<\/b>Jos\u00e9 Castelli y Mariano Viale.<b>\u00a0Cuarto \u00e1rbitro:\u00a0<\/b>Federico Ben\u00edtez.\u00a0<b>Estadio:<\/b>\u00a0\u201cJuan Alberto Garc\u00eda\u201d, de For Ever. Hora: 16.<\/p>\n<p>&#8212;<\/p>\n<p><b>TRANSMITE \u201cENTRETIEMPO\u201d<\/b><br \/>\n\u201c\u00b7Entretiempo\u201d transmitir\u00e1 el encuentro entre For Ever y Col\u00f3n. La previa comenzar\u00e1 a las 15. El relato ser\u00e1 de Mariano Candia, los comentarios de Alan Radzanowicz y en campo de juego estar\u00e1n Agust\u00edn Kiverling y Agust\u00edn \u00c1valos. En estudios centrales, Guillermo Candia y la puesta a punto ser\u00e1 de Oscar Dorrego. Se podr\u00e1 escuchar a trav\u00e9s de FM Ciudad (92.3), on line en esta misma web y por el facebook de \u201cEntretiempo\u201d.<\/p>\n<p>&nbsp;<\/p>\n","protected":false},"excerpt":{"rendered":"<p>For Ever quiere que su racha no se corte ante Col\u00f3nLo buscar\u00e1 este domingo, a las 16, cuando se vean las caras en el \u201cJuan Alberto Garc\u00eda\u201d por la 21\u00aa fecha. Pancaldo mete un cambio. El \u201cSabalero\u201d llega mal y con DT interino. Transmite \u201cEntretiempo\u201d desde las 15. \u00a0David Valdez, capit\u00e1n de un For Ever &hellip;<\/p>\n","protected":false},"author":2,"featured_media":21673,"comment_status":"open","ping_status":"open","sticky":false,"template":"","format":"standard","meta":{"footnotes":""},"categories":[5],"tags":[],"class_list":["post-21672","post","type-post","status-publish","format-standard","has-post-thumbnail","hentry","category-futbol"],"_links":{"self":[{"href":"https:\/\/www.sportchaco.com.ar\/index.php?rest_route=\/wp\/v2\/posts\/21672","targetHints":{"allow":["GET"]}}],"collection":[{"href":"https:\/\/www.sportchaco.com.ar\/index.php?rest_route=\/wp\/v2\/posts"}],"about":[{"href":"https:\/\/www.sportchaco.com.ar\/index.php?rest_route=\/wp\/v2\/types\/post"}],"author":[{"embeddable":true,"href":"https:\/\/www.sportchaco.com.ar\/index.php?rest_route=\/wp\/v2\/users\/2"}],"replies":[{"embeddable":true,"href":"https:\/\/www.sportchaco.com.ar\/index.php?rest_route=%2Fwp%2Fv2%2Fcomments&post=21672"}],"version-history":[{"count":2,"href":"https:\/\/www.sportchaco.com.ar\/index.php?rest_route=\/wp\/v2\/posts\/21672\/revisions"}],"predecessor-version":[{"id":21678,"href":"https:\/\/www.sportchaco.com.ar\/index.php?rest_route=\/wp\/v2\/posts\/21672\/revisions\/21678"}],"wp:featuredmedia":[{"embeddable":true,"href":"https:\/\/www.sportchaco.com.ar\/index.php?rest_route=\/wp\/v2\/media\/21673"}],"wp:attachment":[{"href":"https:\/\/www.sportchaco.com.ar\/index.php?rest_route=%2Fwp%2Fv2%2Fmedia&parent=21672"}],"wp:term":[{"taxonomy":"category","embeddable":true,"href":"https:\/\/www.sportchaco.com.ar\/index.php?rest_route=%2Fwp%2Fv2%2Fcategories&post=21672"},{"taxonomy":"post_tag","embeddable":true,"href":"https:\/\/www.sportchaco.com.ar\/index.php?rest_route=%2Fwp%2Fv2%2Ftags&post=21672"}],"curies":[{"name":"wp","href":"https:\/\/api.w.org\/{rel}","templated":true}]}}