{"id":21679,"date":"2025-07-06T18:33:48","date_gmt":"2025-07-06T21:33:48","guid":{"rendered":"https:\/\/www.sportchaco.com.ar\/?p=21679"},"modified":"2025-07-07T18:33:18","modified_gmt":"2025-07-07T21:33:18","slug":"handball-chaco-en-femenino-ascendio-a-la-a","status":"publish","type":"post","link":"https:\/\/www.sportchaco.com.ar\/?p=21679","title":{"rendered":"Handball: Chaco en femenino ascendi\u00f3 a la A"},"content":{"rendered":"<p><strong>06-07-2025<\/strong><\/p>\n<p><img loading=\"lazy\" decoding=\"async\" class=\"aligncenter wp-image-20253 size-full\" src=\"https:\/\/www.sportchaco.com.ar\/wp-content\/uploads\/2025\/06\/Campo-720x90-13.gif\" alt=\"\" width=\"1500\" height=\"188\" \/><\/p>\n<p>La escuadra femenina inici\u00f3 el a\u00f1o como l\u00edder de la \u201cB\u201d por finalizar 9\u00b0 en 2023 pero debido a la cantidad de inscriptos jug\u00f3 la categor\u00eda \u201cA\u201d donde logr\u00f3 la permanencia en la \u00faltima fecha al superar a APEBAL (Pehuaj\u00f3) por 28 a 26.<\/p>\n<p>El representativo masculino finaliz\u00f3 11\u00b0 y no logr\u00f3 sostenerse en la m\u00e1xima categor\u00eda. En la fase de grupos tuvo dos cruces muy parejos ante La Rioja (29-31) y San Rafael (30-31) que lo relegaron a jugar por la reclasificaci\u00f3n junto a R\u00edo Negro, Formosa y San Juan que tambi\u00e9n descendieron a la \u201cB\u201d por ser terceros en sus grupos.<\/p>\n<p>Las selecciones estuvieron dirigidas por Pablo L\u00f3pez Herrero de Taco Pozo, Enzo Gim\u00e9nez de Fontana y Mart\u00edn Porfirio de Resistencia.<\/p>\n<p><strong>Garra Chaque\u00f1a<\/strong><br \/>\nLa selecci\u00f3n femenina tuvo su tercera participaci\u00f3n en 50 a\u00f1os de handball chaque\u00f1o, todas en la actual Asociaci\u00f3n Chaque\u00f1a de Handball y logr\u00f3 en 2025 su mayor ubicaci\u00f3n hist\u00f3rica (8\u00b0) lo que significa su primer ascenso.<\/p>\n<p>En 2019 en Mar del Plata finalizaron en el ante\u00faltimo pelda\u00f1o de la categor\u00eda \u201cA\u201d (10\u00b0 de 11). Le toc\u00f3 el grupo m\u00e1s dif\u00edcil ante Mendoza y C\u00f3rdoba que desplegaron su poder\u00edo. En la pelea por el 9\u00b0al 11\u00b0 lograron su primera victoria ante Misiones. Debido a la cantidad de equipos inscriptos en 2023, volvieron a jugar la \u201cA\u201d donde salieron 9\u00b0 superando a Formosa. En 2025 superaron a Pehuaj\u00f3.<\/p>\n<p><strong>Ocho participaciones<\/strong><br \/>\nLa entonces Federaci\u00f3n Chaque\u00f1a de Handball debut\u00f3 en torneos argentinos adultos masculinos en 1983 ocupando el \u00faltimo de 13 lugares en la novena edici\u00f3n de C\u00f3rdoba y a solo un a\u00f1o de vida institucional de la disciplina en la provincia.<\/p>\n<p>En 1991 fue 5\u00b0 de 6 en Cipoletti y en 2004 6\u00b0 de 10 en Neuqu\u00e9n. En 2005 particip\u00f3 como Federaci\u00f3n del Nordeste con jugadores de Chaco, Corrientes y Misiones ubic\u00e1ndose 7\u00b0 de 8. En el a\u00f1o 2015, y conducidos por Javier P\u00e9rez Kohut, los chaque\u00f1os compitieron en categor\u00eda \u201cB\u201d y quedaron 3\u00b0 en Santa Fe. Con el ascenso hist\u00f3rico, los dirigidos por JPK jugaron la \u201cA\u201d en 2019 ya como Asociaci\u00f3n Chaque\u00f1a de Handball. Finalizaron 8\u00b0 lo que les permiti\u00f3 defender la permanencia para 2021 que no hubo torneo por pandemia.<\/p>\n<p>En 2023 finalizaron cuartos en el Argentino \u201cA\u201d detr\u00e1s de las tres potencias del balonmano nacional Femebal, C\u00f3rdoba y Mendoza.<\/p>\n<p><img loading=\"lazy\" decoding=\"async\" class=\"alignnone size-medium wp-image-21683\" src=\"https:\/\/www.sportchaco.com.ar\/wp-content\/uploads\/2025\/07\/handb1-300x200.jpg\" alt=\"\" width=\"300\" height=\"200\" srcset=\"https:\/\/www.sportchaco.com.ar\/wp-content\/uploads\/2025\/07\/handb1-300x200.jpg 300w, https:\/\/www.sportchaco.com.ar\/wp-content\/uploads\/2025\/07\/handb1-1024x682.jpg 1024w, https:\/\/www.sportchaco.com.ar\/wp-content\/uploads\/2025\/07\/handb1-768x512.jpg 768w, https:\/\/www.sportchaco.com.ar\/wp-content\/uploads\/2025\/07\/handb1-1536x1023.jpg 1536w, https:\/\/www.sportchaco.com.ar\/wp-content\/uploads\/2025\/07\/handb1.jpg 1600w\" sizes=\"auto, (max-width: 300px) 100vw, 300px\" \/> <img loading=\"lazy\" decoding=\"async\" class=\"alignnone size-medium wp-image-21684\" src=\"https:\/\/www.sportchaco.com.ar\/wp-content\/uploads\/2025\/07\/handba-5-300x200.jpg\" alt=\"\" width=\"300\" height=\"200\" srcset=\"https:\/\/www.sportchaco.com.ar\/wp-content\/uploads\/2025\/07\/handba-5-300x200.jpg 300w, https:\/\/www.sportchaco.com.ar\/wp-content\/uploads\/2025\/07\/handba-5-1024x682.jpg 1024w, https:\/\/www.sportchaco.com.ar\/wp-content\/uploads\/2025\/07\/handba-5-768x512.jpg 768w, https:\/\/www.sportchaco.com.ar\/wp-content\/uploads\/2025\/07\/handba-5-1536x1023.jpg 1536w, https:\/\/www.sportchaco.com.ar\/wp-content\/uploads\/2025\/07\/handba-5.jpg 1600w\" sizes=\"auto, (max-width: 300px) 100vw, 300px\" \/> <img loading=\"lazy\" decoding=\"async\" class=\" wp-image-21685 aligncenter\" src=\"https:\/\/www.sportchaco.com.ar\/wp-content\/uploads\/2025\/07\/handb-3-300x200.jpg\" alt=\"\" width=\"401\" height=\"267\" srcset=\"https:\/\/www.sportchaco.com.ar\/wp-content\/uploads\/2025\/07\/handb-3-300x200.jpg 300w, https:\/\/www.sportchaco.com.ar\/wp-content\/uploads\/2025\/07\/handb-3-1024x682.jpg 1024w, https:\/\/www.sportchaco.com.ar\/wp-content\/uploads\/2025\/07\/handb-3-768x512.jpg 768w, https:\/\/www.sportchaco.com.ar\/wp-content\/uploads\/2025\/07\/handb-3-1536x1023.jpg 1536w, https:\/\/www.sportchaco.com.ar\/wp-content\/uploads\/2025\/07\/handb-3.jpg 1600w\" sizes=\"auto, (max-width: 401px) 100vw, 401px\" \/><\/p>\n<p><strong>Selecci\u00f3n Masculina<\/strong><br \/>\nGonzalo Alegre, Luciano Gim\u00e9nez, Marcos G\u00f3mez Gamarra y Lautaro S\u00e1nchez (Club Fontana), Agust\u00edn Ferreira y Juli\u00e1n Luque (Central Norte), Uriel Guerra, Santiago Mujica y Gonzalo Palma (Salesianos), Joaqu\u00edn R\u00edos (CEF N\u00b0 23), Joaqu\u00edn Lavia Centuri\u00f3n (Chaco For Ever), \u00c1lvaro Retamar (Asochah) y Enzo Di Nubila Cubells (Ferrocarril Oeste \u2013 FEMEBAL).<\/p>\n<p><img loading=\"lazy\" decoding=\"async\" class=\"wp-image-21681 aligncenter\" src=\"https:\/\/www.sportchaco.com.ar\/wp-content\/uploads\/2025\/07\/Handb-4-300x189.jpg\" alt=\"\" width=\"411\" height=\"259\" srcset=\"https:\/\/www.sportchaco.com.ar\/wp-content\/uploads\/2025\/07\/Handb-4-300x189.jpg 300w, https:\/\/www.sportchaco.com.ar\/wp-content\/uploads\/2025\/07\/Handb-4-1024x646.jpg 1024w, https:\/\/www.sportchaco.com.ar\/wp-content\/uploads\/2025\/07\/Handb-4-768x485.jpg 768w, https:\/\/www.sportchaco.com.ar\/wp-content\/uploads\/2025\/07\/Handb-4-1536x970.jpg 1536w, https:\/\/www.sportchaco.com.ar\/wp-content\/uploads\/2025\/07\/Handb-4.jpg 1600w\" sizes=\"auto, (max-width: 411px) 100vw, 411px\" \/><\/p>\n<p><strong>Selecci\u00f3n Femenina<\/strong><br \/>\nAntonella Alzugaray, Juliana Colman y Priscila D\u00edaz (CFD Renz), Ail\u00e9n Arce Ver\u00f3n, Andrea Falc\u00f3n, Dariana Falc\u00f3n, Dainara C\u00e1ceres y Cinthia Vega (San Mart\u00edn), Lucila Cit\u00f3n, Sol Daneluk, Andrea Foschiatti, Gabriela Gal\u00e1n y Antonella Pedemonte (Salesianos), Guadalupe S\u00e1nchez (San Roque) y Camila Carrasco (River Plate \u2013 FEMEBAL).<\/p>\n<p><img loading=\"lazy\" decoding=\"async\" class=\"wp-image-21682 aligncenter\" src=\"https:\/\/www.sportchaco.com.ar\/wp-content\/uploads\/2025\/07\/handb-2-300x194.jpg\" alt=\"\" width=\"391\" height=\"253\" srcset=\"https:\/\/www.sportchaco.com.ar\/wp-content\/uploads\/2025\/07\/handb-2-300x194.jpg 300w, https:\/\/www.sportchaco.com.ar\/wp-content\/uploads\/2025\/07\/handb-2-1024x661.jpg 1024w, https:\/\/www.sportchaco.com.ar\/wp-content\/uploads\/2025\/07\/handb-2-768x496.jpg 768w, https:\/\/www.sportchaco.com.ar\/wp-content\/uploads\/2025\/07\/handb-2-1536x992.jpg 1536w, https:\/\/www.sportchaco.com.ar\/wp-content\/uploads\/2025\/07\/handb-2.jpg 1600w\" sizes=\"auto, (max-width: 391px) 100vw, 391px\" \/><\/p>\n","protected":false},"excerpt":{"rendered":"<p>06-07-2025 La escuadra femenina inici\u00f3 el a\u00f1o como l\u00edder de la \u201cB\u201d por finalizar 9\u00b0 en 2023 pero debido a la cantidad de inscriptos jug\u00f3 la categor\u00eda \u201cA\u201d donde logr\u00f3 la permanencia en la \u00faltima fecha al superar a APEBAL (Pehuaj\u00f3) por 28 a 26. El representativo masculino finaliz\u00f3 11\u00b0 y no logr\u00f3 sostenerse en &hellip;<\/p>\n","protected":false},"author":2,"featured_media":21680,"comment_status":"open","ping_status":"open","sticky":false,"template":"","format":"standard","meta":{"footnotes":""},"categories":[54],"tags":[],"class_list":["post-21679","post","type-post","status-publish","format-standard","has-post-thumbnail","hentry","category-handball"],"_links":{"self":[{"href":"https:\/\/www.sportchaco.com.ar\/index.php?rest_route=\/wp\/v2\/posts\/21679","targetHints":{"allow":["GET"]}}],"collection":[{"href":"https:\/\/www.sportchaco.com.ar\/index.php?rest_route=\/wp\/v2\/posts"}],"about":[{"href":"https:\/\/www.sportchaco.com.ar\/index.php?rest_route=\/wp\/v2\/types\/post"}],"author":[{"embeddable":true,"href":"https:\/\/www.sportchaco.com.ar\/index.php?rest_route=\/wp\/v2\/users\/2"}],"replies":[{"embeddable":true,"href":"https:\/\/www.sportchaco.com.ar\/index.php?rest_route=%2Fwp%2Fv2%2Fcomments&post=21679"}],"version-history":[{"count":3,"href":"https:\/\/www.sportchaco.com.ar\/index.php?rest_route=\/wp\/v2\/posts\/21679\/revisions"}],"predecessor-version":[{"id":21743,"href":"https:\/\/www.sportchaco.com.ar\/index.php?rest_route=\/wp\/v2\/posts\/21679\/revisions\/21743"}],"wp:featuredmedia":[{"embeddable":true,"href":"https:\/\/www.sportchaco.com.ar\/index.php?rest_route=\/wp\/v2\/media\/21680"}],"wp:attachment":[{"href":"https:\/\/www.sportchaco.com.ar\/index.php?rest_route=%2Fwp%2Fv2%2Fmedia&parent=21679"}],"wp:term":[{"taxonomy":"category","embeddable":true,"href":"https:\/\/www.sportchaco.com.ar\/index.php?rest_route=%2Fwp%2Fv2%2Fcategories&post=21679"},{"taxonomy":"post_tag","embeddable":true,"href":"https:\/\/www.sportchaco.com.ar\/index.php?rest_route=%2Fwp%2Fv2%2Ftags&post=21679"}],"curies":[{"name":"wp","href":"https:\/\/api.w.org\/{rel}","templated":true}]}}