{"id":21752,"date":"2025-07-07T23:05:12","date_gmt":"2025-07-08T02:05:12","guid":{"rendered":"https:\/\/www.sportchaco.com.ar\/?p=21752"},"modified":"2025-07-07T23:49:43","modified_gmt":"2025-07-08T02:49:43","slug":"21752","status":"publish","type":"post","link":"https:\/\/www.sportchaco.com.ar\/?p=21752","title":{"rendered":"Efem\u00e9rides de un 8 de julio"},"content":{"rendered":"<div class=\"container fullwidth-entry-title-wrapper\">\n<div class=\"container-wrapper fullwidth-entry-title\">\n<header class=\"entry-header-outer\">\n<div class=\"entry-header\">\n<div class=\"single-post-meta post-meta clearfix\">\n<div class=\"tie-alignright\"><\/div>\n<\/div>\n<\/div>\n<\/header>\n<\/div>\n<\/div>\n<div id=\"content\" class=\"site-content container\">\n<div id=\"main-content-row\" class=\"tie-row main-content-row\">\n<div class=\"main-content tie-col-md-8 tie-col-xs-12\" role=\"main\">\n<article id=\"the-post\" class=\"container-wrapper post-content tie-standard\">\n<div class=\"featured-area\">\n<div class=\"featured-area-inner\"><\/div>\n<\/div>\n<div class=\"entry-content entry clearfix\">\n<p><strong>Esta es la Efem\u00e9rides del Deporte en el Chaco de un 8 de julio del periodista Luis Dar\u00edo Molodezky.<\/strong><\/p>\n<p><img loading=\"lazy\" decoding=\"async\" class=\"alignnone size-full wp-image-21715 aligncenter\" src=\"https:\/\/www.sportchaco.com.ar\/wp-content\/uploads\/2025\/07\/Luis-2025-marzo-3-2-e1749824875302-300x217-2.jpg\" alt=\"\" width=\"300\" height=\"217\" \/><\/p>\n<p>&nbsp;<\/p>\n<p>&nbsp;<\/p>\n<p><strong>1922\u00a0<\/strong>\/ En un ponderable esfuerzo y utilizando un bote novicio de cuatro remos largos, seis j\u00f3venes concretan una haza\u00f1a, al emplear tres horas 50 minutos para recorrer el tramo entre el Puerto de Barranqueras y el Puente del R\u00edo Negro. Integraban la tripulaci\u00f3n del bote los remeros Rolando Casal, Adolfo T. Rivero, Eugenio Varela, Marcos Goicoechea y Rafael Solitro.<\/p>\n<p><strong>1928 \/<\/strong>\u00a0Chaco For Ever inaugura su segundo estadio, donde hoy est\u00e1 emplazada la Plaza Espa\u00f1a, entre las calles Col\u00f3n, Rodr\u00edguez Pe\u00f1a, Ameghino y avenida San Mart\u00edn. Fue bajo la presidencia de Te\u00f3filo Larriera, ya que el club fue emplazado a abandonar el terreno de la primera cancha, ubicada enfrente, para levantar lo que hasta hoy es la Escuela N\u00b0 2 Ra\u00fal B. D\u00edaz. Fue \u201cLa cancha de chapas\u201d, que permaneci\u00f3 en ese predio hasta agosto de 1959.<\/p>\n<p><strong>1939 \/<\/strong>\u00a0Primera salida de Chaco del Club Villa San Mart\u00edn, para participar del Tercer Campeonato Argentino de Clubes Campeones en Rosario, y que fuera ganado por Gimnasia y Esgrima de Santa Fe al vencer en la final a Sporting de Capital Federal por 48 a 42. El tricolor estuvo integrado por Remigio Borque (delegado y capit\u00e1n), Mart\u00edn Lestani, Carlos L\u00f3pez Piacentini, Miguel G\u00f3mez, Efra\u00edn G\u00f3mez, Gerardo Morales, Nicasio Garc\u00eda, Francisco C\u00f3rdoba, Arturo Zampa y Miguel Lucuix. Referee Enrique Lutringer. Villa debut\u00f3 ganando a Urquiza de San Juan y perdi\u00f3 luego con Sportivo Bahiense de Bah\u00eda Blanca; quedando de eliminado.<\/p>\n<p><strong>1984\u00a0<\/strong>\/ Regatas Resistencia deja inaugurada su cancha de Rugby en la Isla del R\u00edo Negro, acto presidido por el presidente remero Atilio Bangher y el titular de la URNE Norberto Donnet.<\/p>\n<p><strong>2000\u00a0 (8 y 9 de julio) \/<\/strong>\u00a0La palista chaque\u00f1a del Club de Regatas Resistencia, Mar\u00eda Fernanda Lauro, redondea una brillante labor en el Panamericano de Nueva York al conseguir el tercer puesto en la prueba de K1, detr\u00e1s de Canad\u00e1 y Estados Unidos; mientras que en K4, tambi\u00e9n fue tercera, en compa\u00f1\u00eda de Romina Schesow, Macarena Romano (Chaco) y Romina Luciani. Al d\u00eda siguiente fue segunda en K2 junto a Romina Schesow, habiendo sido el primer lugar para Canad\u00e1 y el tercero para Estados Unidos.<\/p>\n<p><strong><img decoding=\"async\" src=\"https:\/\/www.sportchaco.com.ar\/wp-content\/uploads\/2024\/07\/Maria-Fernanda-lauro-canotaje.jpg\" \/><\/strong><br \/>\n<strong>\u00a0FERNANDA LAURO EN EL RIO NEGRO 9\/12\/99 Foto: ESCOBAR HUGO<\/strong><\/p>\n<p><strong>2007\u00a0<\/strong>\/ Giorgio Emiliano Carrara, el chico de Las Bre\u00f1as de 6 a\u00f1os, gana su primera carrera de karting en la categor\u00eda 50 standard correspondiente a la quinta fecha del campeonato chaque\u00f1o de karting corrida el domingo anterior en el Kart\u00f3dromo Juan Carlos Ferrer de Charata.<\/p>\n<p><strong>2014 \/<\/strong>\u00a0Fallece el periodista Manuel Edgardo Bord\u00f3n mientras dirig\u00eda la FM Radio Argentina. Ingres\u00f3 como personal de planta en la secci\u00f3n deportes del diario El Territorio quien hab\u00eda nacido un 24 de abril de 1950, en Selvas del R\u00edo de Oro. En 1971 lleg\u00f3 a la direcci\u00f3n de Prensa de gobierno provincial por concurso, luego de trabajar en publicidad como redactor.\u00a0 En 1974 se incorpor\u00f3 a diario Norte y en 1976 con el proceso militar estuvo \u201cexiliado\u201d en el interior dedic\u00e1ndose a la fotograf\u00eda. El automovilismo lo tuvo como un de los mejores fot\u00f3grafos y periodistas en el zonal y competencias nacionales. En 1983 vuelve como director de prensa de la C\u00e1mara de Diputados convocado por Ra\u00fal Bittel.\u00a0 Fue presidente del Consejo de Fot\u00f3grafos profesionales del Chaco en 1986y el 6 de enero del 87 inauguraba su casa propia en Julio A. Roca 119, planta alta, y que lleva su nombre. El 1 de mayo de 1989 inaugur\u00f3 Radio Libertad y en el 1 de enero de 2001 lleg\u00f3 Radio Morena. Hab\u00eda nacido un 24 de abril de 1950 en Selvas del R\u00edo de Oro.<\/p>\n<p>&nbsp;<\/p>\n<p><strong>Foto portada: La Isla del Club de Regatas Resistencia<\/strong><\/p>\n<\/div>\n<\/article>\n<\/div>\n<\/div>\n<\/div>\n","protected":false},"excerpt":{"rendered":"<p>Esta es la Efem\u00e9rides del Deporte en el Chaco de un 8 de julio del periodista Luis Dar\u00edo Molodezky. &nbsp; &nbsp; 1922\u00a0\/ En un ponderable esfuerzo y utilizando un bote novicio de cuatro remos largos, seis j\u00f3venes concretan una haza\u00f1a, al emplear tres horas 50 minutos para recorrer el tramo entre el Puerto de Barranqueras &hellip;<\/p>\n","protected":false},"author":2,"featured_media":21754,"comment_status":"open","ping_status":"open","sticky":false,"template":"","format":"standard","meta":{"footnotes":""},"categories":[45,37],"tags":[],"class_list":["post-21752","post","type-post","status-publish","format-standard","has-post-thumbnail","hentry","category-efemerides-dia-por-dia","category-julio"],"_links":{"self":[{"href":"https:\/\/www.sportchaco.com.ar\/index.php?rest_route=\/wp\/v2\/posts\/21752","targetHints":{"allow":["GET"]}}],"collection":[{"href":"https:\/\/www.sportchaco.com.ar\/index.php?rest_route=\/wp\/v2\/posts"}],"about":[{"href":"https:\/\/www.sportchaco.com.ar\/index.php?rest_route=\/wp\/v2\/types\/post"}],"author":[{"embeddable":true,"href":"https:\/\/www.sportchaco.com.ar\/index.php?rest_route=\/wp\/v2\/users\/2"}],"replies":[{"embeddable":true,"href":"https:\/\/www.sportchaco.com.ar\/index.php?rest_route=%2Fwp%2Fv2%2Fcomments&post=21752"}],"version-history":[{"count":2,"href":"https:\/\/www.sportchaco.com.ar\/index.php?rest_route=\/wp\/v2\/posts\/21752\/revisions"}],"predecessor-version":[{"id":21756,"href":"https:\/\/www.sportchaco.com.ar\/index.php?rest_route=\/wp\/v2\/posts\/21752\/revisions\/21756"}],"wp:featuredmedia":[{"embeddable":true,"href":"https:\/\/www.sportchaco.com.ar\/index.php?rest_route=\/wp\/v2\/media\/21754"}],"wp:attachment":[{"href":"https:\/\/www.sportchaco.com.ar\/index.php?rest_route=%2Fwp%2Fv2%2Fmedia&parent=21752"}],"wp:term":[{"taxonomy":"category","embeddable":true,"href":"https:\/\/www.sportchaco.com.ar\/index.php?rest_route=%2Fwp%2Fv2%2Fcategories&post=21752"},{"taxonomy":"post_tag","embeddable":true,"href":"https:\/\/www.sportchaco.com.ar\/index.php?rest_route=%2Fwp%2Fv2%2Ftags&post=21752"}],"curies":[{"name":"wp","href":"https:\/\/api.w.org\/{rel}","templated":true}]}}