{"id":21800,"date":"2025-07-08T18:31:04","date_gmt":"2025-07-08T21:31:04","guid":{"rendered":"https:\/\/www.sportchaco.com.ar\/?p=21800"},"modified":"2025-07-08T18:31:04","modified_gmt":"2025-07-08T21:31:04","slug":"defensores-gano-y-se-prende-en-la-pelea","status":"publish","type":"post","link":"https:\/\/www.sportchaco.com.ar\/?p=21800","title":{"rendered":"Defensores gan\u00f3 y se prende en la pelea"},"content":{"rendered":"<p><strong>08-07-2025<\/strong><\/p>\n<p><img loading=\"lazy\" decoding=\"async\" class=\"aligncenter wp-image-18571 size-full\" src=\"https:\/\/www.sportchaco.com.ar\/wp-content\/uploads\/2025\/04\/Chaco-si-n-fuego-2-940x90-3-1.gif\" alt=\"\" width=\"1959\" height=\"189\" \/><\/p>\n<p>Este martes, por la 13\u00aa fecha del Apertura de la Liga Chaque\u00f1a de Primera Divisi\u00f3n, Defensores de Vilelas derrot\u00f3 a Regional, que ven\u00eda de ser eliminado del torneo Federativo, y qued\u00f3 a tres puntos de los l\u00edderes del torneo.<\/p>\n<p>Por su parte, el encuentro de la 10\u00aa fecha entre Don Orione y Villa Alvear no se disput\u00f3 por pedido de la polic\u00eda ya que en la reuni\u00f3n del lunes por la noche, donde dise\u00f1aron el operativo del mismo hubo disturbios con simpatizantes del \u00abportuario\u00bb que intentaron agredir a dirigentes del CAVA en la sede del club de Barranqueras.<\/p>\n<p>Ahora, la pr\u00f3xima fecha comenzar\u00e1 este s\u00e1bado con ocho partidos, el domingo habr\u00e1 otros tres y el mi\u00e9rcoles se intentar\u00e1 completar el \u00fanico pendiente de la 13\u00aa fecha.<\/p>\n<p><strong>TORNEO APERTURA \u00abAM\u00c9RICO MAZZAFERRO\u00bb<\/strong><br \/>\n<strong>TODA LA 13\u00aa FECHA<\/strong><br \/>\n<strong>Viernes 04-07<\/strong><br \/>\nEl Nacional 0 \u2013 Sarmiento 0, en Bancarios<br \/>\nSan Mart\u00edn (MB) 1 \u2013 Juventud 1<br \/>\nEstudiantes 2 \u2013 Fontana 0<br \/>\nIndep. Tirol 1 \u2013 Dep. Luj\u00e1n 1<\/p>\n<p><strong>Domingo 06-07<\/strong><br \/>\nVilla Alvear 2 \u2013 CUNE 1<br \/>\nBancarios 3 \u2013 Central Ben\u00edtez 1<br \/>\nMunicipal (MB) 0 \u2013 Tiro FC 3<br \/>\nRcia. Central 1 \u2013 Central Norte 0<\/p>\n<p><strong>Lunes 07-07<\/strong><br \/>\nFor Ever 0 \u2013 Dep. Itat\u00ed 0, en Estudiantes<\/p>\n<p><strong>Martes 08-07<\/strong><em><br \/>\n<\/em>Defensores 2 \u2013 Regional 0\u00a0<em><br \/>\n<\/em><\/p>\n<p><strong>Mi\u00e9rcoles 16-07<\/strong><br \/>\nPoliciales \u2013 Don Orione, en V\u00e9lez<\/p>\n<p><strong>TODA LA 14\u00aa FECHA<\/strong><br \/>\n<strong>S\u00e1bado 12-07<\/strong><br \/>\nA las 15:30, Defensores &#8211; Villa Alvear<br \/>\nA las 15:30, Fontana &#8211; El Nacional<br \/>\nA las 15:30, CUNE &#8211; Bancarios, en C. E. de Comercio<br \/>\nA las 15:30, Tiro FC &#8211; For Ever, en Rcia. Central<br \/>\nA las 15:30, Juventud &#8211; Policiales<br \/>\nA las 15:30, Central Norte &#8211; Municipal (MB)<br \/>\nA las 15:30, Don Orione &#8211; Indep. Tirol<br \/>\nA las 15:30, Dep. Luj\u00e1n &#8211; Rcia. Central<\/p>\n<p><strong>Domingo 13-07<\/strong><br \/>\nA las 15:30, Regional &#8211; Sarmiento<br \/>\nA las 15:30, Dep. Itat\u00ed &#8211; Estudiantes, en Bancarios<br \/>\nA las 15:30, Central Ben\u00edtez &#8211; San Mart\u00edn (MB)<\/p>\n<p><strong>A designar d\u00edas de disputa<\/strong><br \/>\nDon Orione \u2013 Villa Alvear\u00a0<em>(partido de la 10\u00aa fecha)<\/em><\/p>\n<p><strong>POSICIONES<\/strong><br \/>\nEstudiantes 28<br \/>\nRcia. Central 28<br \/>\nDep. Luj\u00e1n 27<br \/>\nCentral Norte 26<br \/>\nDefensores 25<br \/>\nRegional 24<br \/>\nFontana 23<br \/>\nSan Mart\u00edn (MB) 20<br \/>\nDep. Itat\u00ed 19<br \/>\nSarmiento 19<br \/>\nPoliciales 17<br \/>\nEl Nacional 16<br \/>\nFor Ever 16<br \/>\nBancarios 15<br \/>\nJuventud 15<br \/>\nDon Orione 13\u00a0<em>(a)<\/em><br \/>\nIndep. Tirol 10<br \/>\nCentral Ben\u00edtez 9<br \/>\nCUNE 8<br \/>\nTiro FC 8<br \/>\nMunicipal (MB) 7<br \/>\nVilla Alvear 7\u00a0<em>(a)<\/em><br \/>\n<em>(a)Deben su partido de la 10\u00aa fecha<\/em><\/p>\n<p><img loading=\"lazy\" decoding=\"async\" class=\"aligncenter wp-image-18287 size-full\" src=\"https:\/\/www.sportchaco.com.ar\/wp-content\/uploads\/2025\/04\/Chaco-sin-fuego-3-1080x1350-4-scaled.gif\" alt=\"\" width=\"2048\" height=\"2560\" \/><\/p>\n","protected":false},"excerpt":{"rendered":"<p>08-07-2025 Este martes, por la 13\u00aa fecha del Apertura de la Liga Chaque\u00f1a de Primera Divisi\u00f3n, Defensores de Vilelas derrot\u00f3 a Regional, que ven\u00eda de ser eliminado del torneo Federativo, y qued\u00f3 a tres puntos de los l\u00edderes del torneo. Por su parte, el encuentro de la 10\u00aa fecha entre Don Orione y Villa Alvear &hellip;<\/p>\n","protected":false},"author":3,"featured_media":21801,"comment_status":"open","ping_status":"open","sticky":false,"template":"","format":"standard","meta":{"footnotes":""},"categories":[5],"tags":[],"class_list":["post-21800","post","type-post","status-publish","format-standard","has-post-thumbnail","hentry","category-futbol"],"_links":{"self":[{"href":"https:\/\/www.sportchaco.com.ar\/index.php?rest_route=\/wp\/v2\/posts\/21800","targetHints":{"allow":["GET"]}}],"collection":[{"href":"https:\/\/www.sportchaco.com.ar\/index.php?rest_route=\/wp\/v2\/posts"}],"about":[{"href":"https:\/\/www.sportchaco.com.ar\/index.php?rest_route=\/wp\/v2\/types\/post"}],"author":[{"embeddable":true,"href":"https:\/\/www.sportchaco.com.ar\/index.php?rest_route=\/wp\/v2\/users\/3"}],"replies":[{"embeddable":true,"href":"https:\/\/www.sportchaco.com.ar\/index.php?rest_route=%2Fwp%2Fv2%2Fcomments&post=21800"}],"version-history":[{"count":1,"href":"https:\/\/www.sportchaco.com.ar\/index.php?rest_route=\/wp\/v2\/posts\/21800\/revisions"}],"predecessor-version":[{"id":21802,"href":"https:\/\/www.sportchaco.com.ar\/index.php?rest_route=\/wp\/v2\/posts\/21800\/revisions\/21802"}],"wp:featuredmedia":[{"embeddable":true,"href":"https:\/\/www.sportchaco.com.ar\/index.php?rest_route=\/wp\/v2\/media\/21801"}],"wp:attachment":[{"href":"https:\/\/www.sportchaco.com.ar\/index.php?rest_route=%2Fwp%2Fv2%2Fmedia&parent=21800"}],"wp:term":[{"taxonomy":"category","embeddable":true,"href":"https:\/\/www.sportchaco.com.ar\/index.php?rest_route=%2Fwp%2Fv2%2Fcategories&post=21800"},{"taxonomy":"post_tag","embeddable":true,"href":"https:\/\/www.sportchaco.com.ar\/index.php?rest_route=%2Fwp%2Fv2%2Ftags&post=21800"}],"curies":[{"name":"wp","href":"https:\/\/api.w.org\/{rel}","templated":true}]}}