{"id":21841,"date":"2025-07-09T23:35:11","date_gmt":"2025-07-10T02:35:11","guid":{"rendered":"https:\/\/www.sportchaco.com.ar\/?p=21841"},"modified":"2025-07-10T12:05:31","modified_gmt":"2025-07-10T15:05:31","slug":"efemerides-del-10-de-julio-2","status":"publish","type":"post","link":"https:\/\/www.sportchaco.com.ar\/?p=21841","title":{"rendered":"Efem\u00e9rides del 10 de julio"},"content":{"rendered":"<div class=\"container fullwidth-entry-title-wrapper\">\n<div class=\"container-wrapper fullwidth-entry-title\">\n<header class=\"entry-header-outer\">\n<div class=\"entry-header\">\n<h1 class=\"post-title entry-title\"><\/h1>\n<div class=\"single-post-meta post-meta clearfix\"><\/div>\n<\/div>\n<\/header>\n<\/div>\n<\/div>\n<div id=\"content\" class=\"site-content container\">\n<div id=\"main-content-row\" class=\"tie-row main-content-row\">\n<div class=\"main-content tie-col-md-8 tie-col-xs-12\" role=\"main\">\n<article id=\"the-post\" class=\"container-wrapper post-content tie-standard\">\n<div class=\"featured-area\">\n<div class=\"featured-area-inner\"><\/div>\n<\/div>\n<div class=\"entry-content entry clearfix\">\n<h4><\/h4>\n<h4><strong>Esta es la Efem\u00e9rides del Deporte en el Chaco de un 10 de julio del periodista Luis Dar\u00edo Molodezky.<\/strong><\/h4>\n<h4><\/h4>\n<p style=\"text-align: center;\"><img loading=\"lazy\" decoding=\"async\" class=\"alignnone size-full wp-image-21715\" src=\"https:\/\/www.sportchaco.com.ar\/wp-content\/uploads\/2025\/07\/Luis-2025-marzo-3-2-e1749824875302-300x217-2.jpg\" alt=\"\" width=\"300\" height=\"217\" \/><\/p>\n<p>&nbsp;<\/p>\n<p><strong>1898 \/<\/strong> Nace Gerardo Varela (foto), primer piloto de aeronaves chaque\u00f1o. Fue organizador del Aero Club con la colaboraci\u00f3n de un grupo de vecinos, que qued\u00f3 constituido el 28 de agosto de 1921. Con\u00a0<span style=\"color: #000000;\"><a style=\"color: #000000;\" href=\"http:\/\/www.chapay.com.ar\/?Seccion=personaje&amp;Id=415\">Lino R. Torres<\/a>\u00a0<\/span>y Francisco J. Carri\u00f3 redact\u00f3 los estatutos de esta instituci\u00f3n y por su constante actividad, en 1923 se desempe\u00f1\u00f3 como presidente honorario. El 19 de enero de 1924 realiz\u00f3 su primer vuelo solo y el 1 de febrero del mismo a\u00f1o obtuvo el Brevet Internacional. Piloteando un avi\u00f3n Curtiss realiz\u00f3 un raid desde Castelar (Buenos Aires) a Resistencia, con escalas intermedias en Rosario, Santa Fe y Saladas (Corrientes), aterrizando en la pista del Aero Club Chaco, el 9 de junio de 1927. En 1930 realiz\u00f3 el primer vuelo en planeador (vuelo a vela). Falleci\u00f3 en Buenos Aires, el 31 de agosto de 1960, a los 62 a\u00f1os.<\/p>\n<p><strong>1978 \/<\/strong> Fallece a los 50 a\u00f1os v\u00edctima de un infarto, el preparador de autos, destacado de los zonales, Ralf Haupt, el Mago de la Selva. \u00a0Sus emp\u00edricos conocimientos los volc\u00f3 en el funcionamiento de LT 13 Radio Ober\u00e1 \u00ababriendo picadas en el \u00e9ter misionero\u00bb y en el automovilismo bajo su \u00abcarpa m\u00e1gica\u00bb logrando niveles de preparaci\u00f3n que lo proyectaron al plano nacional. Hab\u00eda nacido en Santa Mar\u00eda el 13 de diciembre de 1927, dej\u00f3 una profunda huella en su vida como t\u00e9cnico electricista y mec\u00e1nico de autos. Su especialidad fueron los Ford y sus pilotos insignia, Quique Urrutia (foto), Cacho Sobolewski y Cambacho L\u00f3pez, aunque varias marcas y pilotos pasaron por sus manos.<\/p>\n<p><strong>1997\u00a0<\/strong>\/ El equipo femenino de Regatas Resistencia de V\u00f3ley gana el torneo interprovincial Puente General Belgrano, al derrotar a Mandiy\u00fa de Corrientes por tres a dos. Tercero fue Universitario de Corrientes y cuarto Hind\u00fa Club. El equipo dirigido por Roly Pereyra estaba integrado por Mariana Sampaolesi, Paula Rodr\u00edguez, Ver\u00f3nica Prieto, Carolina Reguera, Mariana Brihuega, Laura Prieto, Bibiana Mart\u00ednez, Silvana Mazza, Mariana Valdez, Fernanda Solanas, Natalia Goyoaga y Mar\u00eda Eugenia Solanas.<\/p>\n<p>&nbsp;<\/p>\n<\/div>\n<\/article>\n<p><img loading=\"lazy\" decoding=\"async\" class=\"alignnone size-medium wp-image-21633 aligncenter\" src=\"https:\/\/www.sportchaco.com.ar\/wp-content\/uploads\/2025\/07\/PARQUE-SOLAR_200x200-01-1-300x300.gif\" alt=\"\" width=\"300\" height=\"300\" srcset=\"https:\/\/www.sportchaco.com.ar\/wp-content\/uploads\/2025\/07\/PARQUE-SOLAR_200x200-01-1-300x300.gif 300w, https:\/\/www.sportchaco.com.ar\/wp-content\/uploads\/2025\/07\/PARQUE-SOLAR_200x200-01-1-150x150.gif 150w\" sizes=\"auto, (max-width: 300px) 100vw, 300px\" \/><\/p>\n<\/div>\n<\/div>\n<\/div>\n","protected":false},"excerpt":{"rendered":"<p>Esta es la Efem\u00e9rides del Deporte en el Chaco de un 10 de julio del periodista Luis Dar\u00edo Molodezky. &nbsp; 1898 \/ Nace Gerardo Varela (foto), primer piloto de aeronaves chaque\u00f1o. Fue organizador del Aero Club con la colaboraci\u00f3n de un grupo de vecinos, que qued\u00f3 constituido el 28 de agosto de 1921. Con\u00a0Lino R. &hellip;<\/p>\n","protected":false},"author":2,"featured_media":21842,"comment_status":"open","ping_status":"open","sticky":false,"template":"","format":"standard","meta":{"footnotes":""},"categories":[45,37],"tags":[],"class_list":["post-21841","post","type-post","status-publish","format-standard","has-post-thumbnail","hentry","category-efemerides-dia-por-dia","category-julio"],"_links":{"self":[{"href":"https:\/\/www.sportchaco.com.ar\/index.php?rest_route=\/wp\/v2\/posts\/21841","targetHints":{"allow":["GET"]}}],"collection":[{"href":"https:\/\/www.sportchaco.com.ar\/index.php?rest_route=\/wp\/v2\/posts"}],"about":[{"href":"https:\/\/www.sportchaco.com.ar\/index.php?rest_route=\/wp\/v2\/types\/post"}],"author":[{"embeddable":true,"href":"https:\/\/www.sportchaco.com.ar\/index.php?rest_route=\/wp\/v2\/users\/2"}],"replies":[{"embeddable":true,"href":"https:\/\/www.sportchaco.com.ar\/index.php?rest_route=%2Fwp%2Fv2%2Fcomments&post=21841"}],"version-history":[{"count":4,"href":"https:\/\/www.sportchaco.com.ar\/index.php?rest_route=\/wp\/v2\/posts\/21841\/revisions"}],"predecessor-version":[{"id":21899,"href":"https:\/\/www.sportchaco.com.ar\/index.php?rest_route=\/wp\/v2\/posts\/21841\/revisions\/21899"}],"wp:featuredmedia":[{"embeddable":true,"href":"https:\/\/www.sportchaco.com.ar\/index.php?rest_route=\/wp\/v2\/media\/21842"}],"wp:attachment":[{"href":"https:\/\/www.sportchaco.com.ar\/index.php?rest_route=%2Fwp%2Fv2%2Fmedia&parent=21841"}],"wp:term":[{"taxonomy":"category","embeddable":true,"href":"https:\/\/www.sportchaco.com.ar\/index.php?rest_route=%2Fwp%2Fv2%2Fcategories&post=21841"},{"taxonomy":"post_tag","embeddable":true,"href":"https:\/\/www.sportchaco.com.ar\/index.php?rest_route=%2Fwp%2Fv2%2Ftags&post=21841"}],"curies":[{"name":"wp","href":"https:\/\/api.w.org\/{rel}","templated":true}]}}